{"id":278761,"date":"2025-12-09T03:37:22","date_gmt":"2025-12-09T03:37:22","guid":{"rendered":"https:\/\/www.europesays.com\/es\/278761\/"},"modified":"2025-12-09T03:37:22","modified_gmt":"2025-12-09T03:37:22","slug":"no-podemos-aceptar-una-amenaza-de-interferencia-de-ee-uu-en-la-vida-politica-de-europa","status":"publish","type":"post","link":"https:\/\/www.europesays.com\/es\/278761\/","title":{"rendered":"\u00abNo podemos aceptar una amenaza de interferencia de EE.UU. en la vida pol\u00edtica de Europa\u00bb"},"content":{"rendered":"<p style=\"\">El presidente del Consejo Europeo, <strong>Ant\u00f3nio Costa<\/strong>, rechaz\u00f3 este lunes lo que considera \u00abinjerencias pol\u00edticas\u00bb por parte de Estados Unidos, tal como se reflejan en el pol\u00e9mico documento publicado por el Gobierno estadounidense en el que se advierte del \u00abborrado de la civilizaci\u00f3n\u00bb como  &#8230; consecuencia de las pol\u00edticas internas de los europeos y adem\u00e1s sugiere que los europeos deber\u00edamos cambiar de rumbo apoyando a los \u00abpartidos patri\u00f3ticos\u00bb que se resisten a las pol\u00edticas de Bruselas.<\/p>\n<p class=\"voc-p\" style=\"\">Costa participaba este lunes en una conferencia en Par\u00eds, donde dijo que Washington no puede elegir en nombre de los ciudadanos europeos qu\u00e9 pol\u00edticas son las correctas o a qui\u00e9n deben votar. Esta es <strong>la respuesta m\u00e1s dura<\/strong> por parte de un dirigente europeo hacia las posiciones de Washington reflejadas en este <a href=\"https:\/\/www.abc.es\/espana\/nueva-estrategia-seguridad-trump-pone-espana-punto-20251205144232-nt.html\" data-voc-vtm-id=\"in-text-traffic\" title=\"documento sobre su doctrina de seguridad nacional\" data-mrf-link=\"www.abc.es\" rel=\"nofollow noopener\" target=\"_blank\">documento sobre su doctrina de seguridad nacional<\/a>.<\/p>\n<p class=\"voc-p\" style=\"\">El presidente del Consejo record\u00f3 que por definici\u00f3n \u00ablos aliados no amenazan con interferir en la vida pol\u00edtica ni en las opciones democr\u00e1ticas internas de otros aliados\u00bb y defendi\u00f3 la autonom\u00eda de Europa para elegir su propio camino a la hora de fijar sus pol\u00edticas. \u00abEstados Unidos no puede sustituir a Europa para decir qu\u00e9 visi\u00f3n tenemos y cu\u00e1l es la libertad de expresi\u00f3n\u00bb, dijo Costa.<\/p>\n<p class=\"voc-p\" style=\"\">Igual que han hecho otros dirigentes europeos, como la Alta representante <strong>Kaja Kallas<\/strong>, el presidente del Consejo tambi\u00e9n ha recordado que Estados Unidos sigue siendo un aliado y un socio, pero sin dejar de a\u00f1adir que Europa debe ser m\u00e1s fuerte y soberana. \u00abSi quieres ser fuerte en la escena internacional, tienes que ser fuerte en casa\u00bb, a\u00f1adi\u00f3 Costa. Tambi\u00e9n dijo que Europa debe confiar m\u00e1s de lo que lo hace actualmente en sus propias capacidades en la escena mundial.<\/p>\n<p class=\"voc-p\" style=\"\">Kallas, afirm\u00f3 el s\u00e1bado en Doha que Estados Unidos sigue siendo <strong>el mayor aliado de Europa<\/strong>. \u00abHay muchas cr\u00edticas, pero creo que algunas tambi\u00e9n son ciertas; si miras a Europa, ha estado subestimando su propio poder frente a Rusia. Deber\u00edamos confiar m\u00e1s en nosotros mismos\u00bb, se\u00f1al\u00f3 Kallas, para quien \u00abaunque no siempre hemos coincidido en distintos temas, el principio general sigue ah\u00ed. Somos los mayores aliados y debemos mantenernos unidos\u00bb.<\/p>\n<p class=\"voc-p\" style=\"\">Sin embargo las <strong>tensiones pol\u00edtias entre Estados Unidos y la UE <\/strong>se intensificaron durante el fin de semana, sobre todo en redes sociales, despu\u00e9s de que el viernes, la Comisi\u00f3n Europea mult\u00f3 con 120 millones de euros a la red X, propiedad de <strong>Elon Musk<\/strong>, por incumplir la legislaci\u00f3n de la UE. El multimillonario respondi\u00f3 diciendo que la Uni\u00f3n deber\u00eda disolverse y \u00abvolver a los pa\u00edses individuales\u00bb.<\/p>\n<p>\nAusencia de Rubio de la reuni\u00f3n de la OTAN\n<\/p>\n<p class=\"voc-p\" style=\"\">El <a href=\"https:\/\/www.abc.es\/internacional\/zelenski-aliados-europeos-alejan-plan-paz-trump-20251208202533-nt.html\" data-voc-vtm-id=\"in-text-traffic\" title=\"alejamiento entre la Uni\u00f3n Europea y la Administraci\u00f3n Trump\" data-mrf-link=\"www.abc.es\" rel=\"nofollow noopener\" target=\"_blank\">alejamiento entre la Uni\u00f3n Europea y la Administraci\u00f3n Trump<\/a> no deja de crecer como lo demuestra el hecho de que por primera vez el secretario de Estado, <strong>Marco Rubio<\/strong>, no acudiera a una reuni\u00f3n de ministros de Exteriores de la OTAN en Bruselas esta semana pasada, como ha sido tradici\u00f3n.<\/p>\n<p class=\"voc-p\" style=\"\">La presencia del hijo de Trump representando a Estados Unidos en Doha, a pesar de que no ostenta ning\u00fan cargo institucional, ha sido otra ocasi\u00f3n en la que se han remarcado las diferencias entre las dos orillas del Atl\u00e1ntico respecto a los intereses estrat\u00e9gicos de cada cual.<\/p>\n<p class=\"voc-p\" style=\"\">El vicepresidente <strong>J. D. Vance<\/strong>, a quien se atribuye buena parte de la inspiraci\u00f3n pol\u00edtica de esta ofensiva antieuropea ya se hizo eco de este punto en la Conferencia de Seguridad de M\u00fanich a principios de este a\u00f1o, donde argument\u00f3 que los Comisarios europeos actuaban como comisarios al estilo sovi\u00e9tico.<\/p>\n<p class=\"voc-p\" style=\"\">El documento pol\u00e9mico acusa a Europa de \u00absubversi\u00f3n de los procesos democr\u00e1ticos\u00bb y acusa a la UE de ser una organizaci\u00f3n internacional que socava la libertad y la soberan\u00eda pol\u00edticas.<\/p>\n<p>\nTrump: \u00abEuropa tiene que tener mucho cuidado\u00bb\n<\/p>\n<p class=\"voc-p\" style=\"\">Por su parte, el presidente de Estados Unidos, Donald Trump, advirti\u00f3 el lunes que Europa iba por muy mal camino. As\u00ed, critic\u00f3 duramente la \u00abdesagradable\u00bb multa impuesta por la Uni\u00f3n Europea a X. \u00abMiren, Europa tiene que tener mucho cuidado. Est\u00e1n haciendo muchas cosas. Queremos que Europa siga siendo Europa\u00bb, declar\u00f3 a los periodistas en la Casa Blanca, seg\u00fan recoge AFP.<\/p>\n<p class=\"voc-p\" style=\"\">\u00abEuropa va por muy mal camino. Es muy malo para la gente. No queremos que Europa cambie tanto. Va por muy mal camino\u00bb.<\/p>\n","protected":false},"excerpt":{"rendered":"El presidente del Consejo Europeo, Ant\u00f3nio Costa, rechaz\u00f3 este lunes lo que considera \u00abinjerencias pol\u00edticas\u00bb por parte de&hellip;\n","protected":false},"author":2,"featured_media":278762,"comment_status":"","ping_status":"","sticky":false,"template":"","format":"standard","meta":{"footnotes":""},"categories":[5],"tags":[4213,17,18,115,25,24,700,13,14,11,31911,19,20,9,10,15,16,35924,952,1350,23,12,943,21,22,2606],"class_list":{"0":"post-278761","1":"post","2":"type-post","3":"status-publish","4":"format-standard","5":"has-post-thumbnail","7":"category-titulares","8":"tag-amenaza","9":"tag-breaking-news","10":"tag-breakingnews","11":"tag-eeuu","12":"tag-es","13":"tag-espana","14":"tag-europa","15":"tag-featured-news","16":"tag-featurednews","17":"tag-headlines","18":"tag-interferencia","19":"tag-latest-news","20":"tag-latestnews","21":"tag-news","22":"tag-noticias","23":"tag-noticias-destacadas","24":"tag-noticiasdestacadas","25":"tag-plano","26":"tag-politica","27":"tag-rechaza","28":"tag-spain","29":"tag-titulares","30":"tag-ue","31":"tag-ultimas-noticias","32":"tag-ultimasnoticias","33":"tag-vida"},"share_on_mastodon":{"url":"https:\/\/pubeurope.com\/@es\/115687525157171665","error":""},"_links":{"self":[{"href":"https:\/\/www.europesays.com\/es\/wp-json\/wp\/v2\/posts\/278761","targetHints":{"allow":["GET"]}}],"collection":[{"href":"https:\/\/www.europesays.com\/es\/wp-json\/wp\/v2\/posts"}],"about":[{"href":"https:\/\/www.europesays.com\/es\/wp-json\/wp\/v2\/types\/post"}],"author":[{"embeddable":true,"href":"https:\/\/www.europesays.com\/es\/wp-json\/wp\/v2\/users\/2"}],"replies":[{"embeddable":true,"href":"https:\/\/www.europesays.com\/es\/wp-json\/wp\/v2\/comments?post=278761"}],"version-history":[{"count":0,"href":"https:\/\/www.europesays.com\/es\/wp-json\/wp\/v2\/posts\/278761\/revisions"}],"wp:featuredmedia":[{"embeddable":true,"href":"https:\/\/www.europesays.com\/es\/wp-json\/wp\/v2\/media\/278762"}],"wp:attachment":[{"href":"https:\/\/www.europesays.com\/es\/wp-json\/wp\/v2\/media?parent=278761"}],"wp:term":[{"taxonomy":"category","embeddable":true,"href":"https:\/\/www.europesays.com\/es\/wp-json\/wp\/v2\/categories?post=278761"},{"taxonomy":"post_tag","embeddable":true,"href":"https:\/\/www.europesays.com\/es\/wp-json\/wp\/v2\/tags?post=278761"}],"curies":[{"name":"wp","href":"https:\/\/api.w.org\/{rel}","templated":true}]}}