{"id":278763,"date":"2025-12-09T03:45:36","date_gmt":"2025-12-09T03:45:36","guid":{"rendered":"https:\/\/www.europesays.com\/es\/278763\/"},"modified":"2025-12-09T03:45:36","modified_gmt":"2025-12-09T03:45:36","slug":"futuro-incierto-en-el-palau","status":"publish","type":"post","link":"https:\/\/www.europesays.com\/es\/278763\/","title":{"rendered":"futuro incierto en el Palau"},"content":{"rendered":"<p>    Noticias relacionadas<\/p>\n<p class=\"paragraph\" id=\"paragraph_1\">El fichaje de <a href=\"https:\/\/cronicaglobal.elespanol.com\/culemania\/secciones\/20251205\/sorpresa-lidera-renacer-barca-elegidos-xavi-pascual\/1003742714027_0.html?utm_cmp_rs=linksinline\" target=\"_blank\" rel=\"nofollow noopener\"><strong>Xavi Pascual<\/strong> <\/a>ha tenido un efecto bals\u00e1mico en el Bar\u00e7a de basket. La transformaci\u00f3n del equipo ha sido espectacular desde el despido de <strong>Joan Pe\u00f1arroya<\/strong>. M\u00e1s intenso en defensa y paciente en ataque, el grupo azulgrana mejora d\u00eda tras d\u00eda y en el <strong>Palau<\/strong> aumenta el optimismo. <strong>La Liga Endesa y la Euroliga son objetivos casi ut\u00f3picos<\/strong>, pero con el t\u00e9cnico de Gav\u00e0 todo es posible.<\/p>\n<p class=\"paragraph\" id=\"paragraph_2\">El Bar\u00e7a ya tiene m\u00e1s victorias (5) que derrotas (4) en la Liga ACB. El primer reto pasa por clasificar al equipo para la Copa del Rey. Xavi Pascual, de momento, ha logrado que los jugadores con m\u00e1s galones rindan en la pista. <a href=\"https:\/\/cronicaglobal.elespanol.com\/culemania\/secciones\/20251207\/inesperado-barca-basket-version-xavi-pascual-personal\/1003742714247_0.html?utm_cmp_rs=linksinline\" target=\"_blank\" rel=\"nofollow noopener\">Tambi\u00e9n, Joel Parra, autor de 24 puntos contra el Andorra<\/a>.<\/p>\n<p>Cambios muy definidos<\/p>\n<p class=\"paragraph\" id=\"paragraph_3\">Las estrellas del Bar\u00e7a, con m\u00e1s de 30 a\u00f1os, s<strong>e encuentran m\u00e1s c\u00f3modos con Pascual que con Pe\u00f1arroya<\/strong>. Los papeles est\u00e1n perfectamente definidos. El equipo tiene m\u00e1s rigor t\u00e1ctico. Corre menos, pero selecciona mejor sus ataques. El gran cambio, sin embargo, es visible en defensa.<\/p>\n<p><img decoding=\"async\" alt=\"Willy Hernang\u00f3mez, en acci\u00f3n durante el Bar\u00e7a de basket-Baskonia\" data-imgm=\"true\" height=\"180\" loading=\"lazy\"  src=\"https:\/\/www.europesays.com\/es\/wp-content\/uploads\/2025\/11\/1003742707969_15409433_1024x576.jpg\"  width=\"320\"\/><\/p>\n<p>                                                            Willy Hernang\u00f3mez, en acci\u00f3n durante el Bar\u00e7a de basket-Baskonia<\/p>\n<p>                    EFE<\/p>\n<p class=\"paragraph\" id=\"paragraph_4\">Un jugador que estaba contra las cuerdas era <a href=\"https:\/\/cronicaglobal.elespanol.com\/culemania\/secciones\/20250919\/crack-barca-basket-juega-futuro-pesadilla-entrenadores\/1003742689748_0.html?utm_cmp_rs=linksinline\" target=\"_blank\" rel=\"nofollow noopener\">Willy Hernang\u00f3mez<\/a>, a quien el Bar\u00e7a le ofreci\u00f3 un contrato por tres temporadas a cambio de 12,5 millones de euros. El p\u00edvot madrile\u00f1o, muy indolente en defensa, <strong>choc\u00f3 con Roger Grimau y con Pe\u00f1arroya. Su rendimiento fue decepcionante<\/strong>.<\/p>\n<p>A la sombra de Vesely<\/p>\n<p class=\"paragraph\" id=\"paragraph_5\">Willy, sin embargo, tiene mejores sensaciones con Pascual. Es m\u00e1s suplente que titular, a la sombra de <strong>Vesely<\/strong>, m\u00e1s guerrero, pero es una pieza clave para el t\u00e9cnico de Gav\u00e0. Contra el Andorra sum\u00f3 13 puntos y captur\u00f3 cuatro rebotes.\u00a0<\/p>\n<p><img decoding=\"async\" alt=\"Jan Vesely en el Morabanc Andorra-Bar\u00e7a de basket\" data-imgm=\"true\" height=\"180\" loading=\"lazy\"  src=\"https:\/\/www.europesays.com\/es\/wp-content\/uploads\/2025\/12\/1003742714251_15490348_1024x576.jpg\"  width=\"320\"\/><\/p>\n<p>                                                            Jan Vesely en el Morabanc Andorra-Bar\u00e7a de basket<\/p>\n<p>                    FCB<\/p>\n<p class=\"paragraph\" id=\"paragraph_6\">El Bar\u00e7a, en principio, no tiene la intenci\u00f3n de renovar a Hernang\u00f3mez. Solo se plantear\u00eda su continuidad si el p\u00edvot confirma su mejora y, sobre todo, se rebaja su salario. El jugador, curiosamente, gusta mucho a <strong>Sergio Scariolo<\/strong>, actual entrenador del Real Madrid. A final de curso, podr\u00eda coger el puente a\u00e9reo.<\/p>\n","protected":false},"excerpt":{"rendered":"Noticias relacionadas El fichaje de Xavi Pascual ha tenido un efecto bals\u00e1mico en el Bar\u00e7a de basket. La&hellip;\n","protected":false},"author":2,"featured_media":278764,"comment_status":"","ping_status":"","sticky":false,"template":"","format":"standard","meta":{"footnotes":""},"categories":[269],"tags":[299,298,168,25,24,4469,4468,4470,23,167,4658],"class_list":{"0":"post-278763","1":"post","2":"type-post","3":"status-publish","4":"format-standard","5":"has-post-thumbnail","7":"category-baloncesto","8":"tag-baloncesto","9":"tag-basketball","10":"tag-deportes","11":"tag-es","12":"tag-espana","13":"tag-fcb-basket","14":"tag-juan-carlos-navarro","15":"tag-secciones","16":"tag-spain","17":"tag-sports","18":"tag-xavi-pascual"},"share_on_mastodon":{"url":"https:\/\/pubeurope.com\/@es\/115687557161780194","error":""},"_links":{"self":[{"href":"https:\/\/www.europesays.com\/es\/wp-json\/wp\/v2\/posts\/278763","targetHints":{"allow":["GET"]}}],"collection":[{"href":"https:\/\/www.europesays.com\/es\/wp-json\/wp\/v2\/posts"}],"about":[{"href":"https:\/\/www.europesays.com\/es\/wp-json\/wp\/v2\/types\/post"}],"author":[{"embeddable":true,"href":"https:\/\/www.europesays.com\/es\/wp-json\/wp\/v2\/users\/2"}],"replies":[{"embeddable":true,"href":"https:\/\/www.europesays.com\/es\/wp-json\/wp\/v2\/comments?post=278763"}],"version-history":[{"count":0,"href":"https:\/\/www.europesays.com\/es\/wp-json\/wp\/v2\/posts\/278763\/revisions"}],"wp:featuredmedia":[{"embeddable":true,"href":"https:\/\/www.europesays.com\/es\/wp-json\/wp\/v2\/media\/278764"}],"wp:attachment":[{"href":"https:\/\/www.europesays.com\/es\/wp-json\/wp\/v2\/media?parent=278763"}],"wp:term":[{"taxonomy":"category","embeddable":true,"href":"https:\/\/www.europesays.com\/es\/wp-json\/wp\/v2\/categories?post=278763"},{"taxonomy":"post_tag","embeddable":true,"href":"https:\/\/www.europesays.com\/es\/wp-json\/wp\/v2\/tags?post=278763"}],"curies":[{"name":"wp","href":"https:\/\/api.w.org\/{rel}","templated":true}]}}