{"id":278767,"date":"2025-12-09T03:47:08","date_gmt":"2025-12-09T03:47:08","guid":{"rendered":"https:\/\/www.europesays.com\/es\/278767\/"},"modified":"2025-12-09T03:47:08","modified_gmt":"2025-12-09T03:47:08","slug":"caida-y-auge-de-gabriel-rufian","status":"publish","type":"post","link":"https:\/\/www.europesays.com\/es\/278767\/","title":{"rendered":"Ca\u00edda y auge de Gabriel Ruf\u00edan"},"content":{"rendered":"<p class=\"paragraph\" id=\"paragraph_1\">Como el Reginald Perrin de la hilarante serie de la televisi\u00f3n brit\u00e1nica de los a\u00f1os 70, <a href=\"https:\/\/cronicaglobal.elespanol.com\/en-voz-baja\/20251128\/tarda-inaugura-campana-rufian-elecciones-generales-murcia\/1003742711800_0.html?utm_cmp_rs=linksinline\" target=\"_blank\" rel=\"nofollow noopener\">Gabriel Rufi\u00e1n<\/a> tambi\u00e9n ha vivido al rev\u00e9s. Como recordar\u00e1n algunos lectores tirando a provectos, el bueno de Reginald se ca\u00eda con todo el equipo al comienzo de la serie y luego, poco a poco, obedeciendo a una epifan\u00eda personal, remontaba hasta alcanzar algo muy parecido al <strong>estrellato<\/strong>.<\/p>\n<p class=\"paragraph\" id=\"paragraph_2\">Recordemos al Rufi de hace a\u00f1os, cuando todo el mundo, dentro y fuera de Catalu\u00f1a, lo consideraba <strong>un ga\u00f1\u00e1n de extrarradio<\/strong> y un trepa que se hab\u00eda enganchado al separatismo para prosperar en la vida, convenientemente protegido y promocionado por quien lo defin\u00eda como \u201cun tuitero de la hostia\u201d, <a href=\"https:\/\/cronicaglobal.elespanol.com\/politica\/20250204\/joan-tarda-colectivo-en-erc-proclamar-republica\/921657955_0.html?utm_cmp_rs=linksinline\" target=\"_blank\" rel=\"nofollow noopener\">Joan Tard\u00e0<\/a> (que tambi\u00e9n vivi\u00f3 una evoluci\u00f3n positiva, dejando, con el tiempo, de ejercer de diputado jabal\u00ed para reciclarse en lo \u00fanico m\u00ednimamente parecido a una mente pensante que hab\u00eda en ERC).<\/p>\n<p class=\"paragraph\" id=\"paragraph_3\">Los primeros tiempos de Rufi en el parlamento espa\u00f1ol estuvieron marcados por una serie interminable de gansadas y salidas de pata de banco (un d\u00eda aparec\u00eda con unas esposas, otro con una fotocopiadora\u2026) que sol\u00eda mover a la <strong>incomodidad<\/strong> o la <strong>hilaridad<\/strong> de sus se\u00f1or\u00edas (sobre todo, cuando habl\u00f3 de lo poco que le quedaba en el Congreso, dado que la independencia de <a href=\"https:\/\/cronicaglobal.elespanol.com\/politica\/20251204\/cataluna-valida-presupuestos-carbono-propone-hacerlos-vinculantes\/1003742713614_0.html?utm_cmp_rs=linksinline\" target=\"_blank\" rel=\"nofollow noopener\">Catalu\u00f1a<\/a> era inminente). Pero un buen d\u00eda se cans\u00f3 de hacer el garrulo y empez\u00f3 a adoptar poses de estadista, se fue olvidando de la liberaci\u00f3n del terru\u00f1o, se fue encontrando a gusto en Madrid, sustituy\u00f3 a la parienta del pueblo por una chica del PNV y se acab\u00f3 convirtiendo en lo que m\u00e1s odiaba hasta entonces: un parlamentario espa\u00f1ol.<\/p>\n<p class=\"paragraph\" id=\"paragraph_4\">Actualmente, nuestro Rufi cuenta con fans en toda Espa\u00f1a y cada vez son m\u00e1s quienes lo consideran el posible l\u00edder de <strong>una nueva izquierda<\/strong>. En <a href=\"https:\/\/cronicaglobal.elespanol.com\/politica\/20251204\/jordi-vinas-alcaldia-salt-republicana-cristina-alarcon\/1003742713639_0.html?utm_cmp_rs=linksinline\" target=\"_blank\" rel=\"nofollow noopener\">ERC<\/a> lo detestan, claro (menos Tard\u00e0, que se ha convertido en su jefe de campa\u00f1a), pero a \u00e9l se la sopla: l\u00edder de un partido inexistente, va marcando su territorio, pasa de la independencia como de la peste y aspira, aunque a\u00fan no lo haya dicho, a la presidencia del gobierno espa\u00f1ol (lo del separatismo parece verlo como simples pecadillos de juventud, aunque a veces lance un rebuzno nost\u00e1lgico de cara a la galer\u00eda).<\/p>\n<p class=\"paragraph\" id=\"paragraph_5\">Algunos seguimos pensando que es un profesional del medro, y nos sorprende un tanto que en Espa\u00f1a se lo est\u00e9n tomando tan en serio, pero tambi\u00e9n es verdad que <a href=\"https:\/\/cronicaglobal.elespanol.com\/pensamiento\/manicomio-global\/20251011\/izquierda-nueva-derecha\/1003742696670_12.html?utm_cmp_rs=linksinline\" target=\"_blank\" rel=\"nofollow noopener\">nuestra izquierda<\/a> presuntamente nueva (tambi\u00e9n conocida como Izquierda Imb\u00e9cil) nos ha ofrecido hasta la fecha una selecci\u00f3n de energ\u00famenos y deshechos de tienta tan lamentable (Yolanda D\u00edaz, Pablo Iglesias, Irene Montero, Ione Belarra, Ada Colau\u2026) que le han dejado el <strong>terreno libre<\/strong> para avanzar sin demasiados obst\u00e1culos.<\/p>\n<p class=\"paragraph\" id=\"paragraph_6\">Evidentemente, si la izquierda a la izquierda del <a href=\"https:\/\/cronicaglobal.elespanol.com\/politica\/20251204\/psoe-cede-junts-endurecera-junto-pp-multirreincidencia\/1003742713571_0.html?utm_cmp_rs=linksinline\" target=\"_blank\" rel=\"nofollow noopener\">PSOE<\/a> no fuese tan cochambrosa, el pobre Rufi no tendr\u00eda nada que hacer, pero tal como est\u00e1 el panorama del progresismo nacional, no es de extra\u00f1ar que el de Santa Coloma empiece a experimentar un cierto <strong>auge en su carrera<\/strong> pol\u00edtica. Y ambici\u00f3n no le falta: nada menos que unificar a todas las izquierdas nacionales para plantearle un pulso al PSOE de Pedro S\u00e1nchez, empe\u00f1ado como parece estar en hacerse fosfatina a s\u00ed mismo.<\/p>\n<p class=\"paragraph\" id=\"paragraph_7\">Gabriel Rufi\u00e1n no tiene estudios, pero s\u00ed unas ganas tremendas de prosperar en la vida. Fuera de la pol\u00edtica no tiene nada qu\u00e9 hacer porque nada de provecho sabe hacer, pero siendo de natural streetwise, que dir\u00edan los americanos, y con un poco de ayudita de su mentor, <strong>Jordi Tard\u00e0<\/strong>, se le ve dispuesto a batirse el cobre para que no lo desalojen jam\u00e1s de la cosa p\u00fablica, que es la que le ha salvado la vida y lo ha apartado de alg\u00fan triste oficio alimenticio, como portero de discoteca en su <a href=\"https:\/\/cronicaglobal.elespanol.com\/business\/20250721\/jordi-alonso-grup-pau-analizamos-transporte-sanitario\/1003742674484_0.html?utm_cmp_rs=linksinline\" target=\"_blank\" rel=\"nofollow noopener\">Santa Coloma<\/a> natal (o ni eso, ya que es de corta estatura).<\/p>\n<p class=\"paragraph\" id=\"paragraph_8\">Es tan bajo el nivel en la Carrera de San Jer\u00f3nimo que, de la misma manera que su mentor destac\u00f3 en su momento, Rufi puede ahora aspirar a un futuro con el que nunca pudo so\u00f1ar. Ya hay quien lo considera <strong>el salvador de la izquierda<\/strong> espa\u00f1ola sin necesidad de haber dado muchas pruebas de su supuesta val\u00eda. \u00bfAs\u00ed de mal estamos? Pues s\u00ed, pero a\u00fan podemos estar peor. Y Rufi, esperando su momento.<\/p>\n","protected":false},"excerpt":{"rendered":"Como el Reginald Perrin de la hilarante serie de la televisi\u00f3n brit\u00e1nica de los a\u00f1os 70, Gabriel Rufi\u00e1n&hellip;\n","protected":false},"author":2,"featured_media":278768,"comment_status":"","ping_status":"","sticky":false,"template":"","format":"standard","meta":{"footnotes":""},"categories":[174],"tags":[1980,255,146,147,6324,25,24,256,5394,6326,43239,67750,23],"class_list":{"0":"post-278767","1":"post","2":"type-post","3":"status-publish","4":"format-standard","5":"has-post-thumbnail","7":"category-famosos","8":"tag-cataluna","9":"tag-celebrities","10":"tag-entertainment","11":"tag-entretenimiento","12":"tag-erc","13":"tag-es","14":"tag-espana","15":"tag-famosos","16":"tag-gabriel-rufian","17":"tag-izquierda","18":"tag-joan-tarda","19":"tag-manicomio-catalan","20":"tag-spain"},"share_on_mastodon":{"url":"https:\/\/pubeurope.com\/@es\/115687564716797938","error":""},"_links":{"self":[{"href":"https:\/\/www.europesays.com\/es\/wp-json\/wp\/v2\/posts\/278767","targetHints":{"allow":["GET"]}}],"collection":[{"href":"https:\/\/www.europesays.com\/es\/wp-json\/wp\/v2\/posts"}],"about":[{"href":"https:\/\/www.europesays.com\/es\/wp-json\/wp\/v2\/types\/post"}],"author":[{"embeddable":true,"href":"https:\/\/www.europesays.com\/es\/wp-json\/wp\/v2\/users\/2"}],"replies":[{"embeddable":true,"href":"https:\/\/www.europesays.com\/es\/wp-json\/wp\/v2\/comments?post=278767"}],"version-history":[{"count":0,"href":"https:\/\/www.europesays.com\/es\/wp-json\/wp\/v2\/posts\/278767\/revisions"}],"wp:featuredmedia":[{"embeddable":true,"href":"https:\/\/www.europesays.com\/es\/wp-json\/wp\/v2\/media\/278768"}],"wp:attachment":[{"href":"https:\/\/www.europesays.com\/es\/wp-json\/wp\/v2\/media?parent=278767"}],"wp:term":[{"taxonomy":"category","embeddable":true,"href":"https:\/\/www.europesays.com\/es\/wp-json\/wp\/v2\/categories?post=278767"},{"taxonomy":"post_tag","embeddable":true,"href":"https:\/\/www.europesays.com\/es\/wp-json\/wp\/v2\/tags?post=278767"}],"curies":[{"name":"wp","href":"https:\/\/api.w.org\/{rel}","templated":true}]}}