{"id":278771,"date":"2025-12-09T03:50:26","date_gmt":"2025-12-09T03:50:26","guid":{"rendered":"https:\/\/www.europesays.com\/es\/278771\/"},"modified":"2025-12-09T03:50:26","modified_gmt":"2025-12-09T03:50:26","slug":"avance-del-capitulo-311-de-valle-salvaje-la-serie-de-tve-y-netflix","status":"publish","type":"post","link":"https:\/\/www.europesays.com\/es\/278771\/","title":{"rendered":"Avance del cap\u00edtulo 311 de &#8216;Valle Salvaje&#8217;, la serie de TVE y Netflix"},"content":{"rendered":"<p data-journey-content=\"true\" data-node-id=\"3\" class=\"css-6wxqfj emevuu60\">Anteriormente en &#8216;<a href=\"https:\/\/www.diezminutos.es\/valle-salvaje\/\" target=\"_blank\" data-vars-ga-outbound-link=\"https:\/\/www.diezminutos.es\/valle-salvaje\/\" data-vars-ga-ux-element=\"Hyperlink\" data-vars-ga-call-to-action=\"Valle Salvaje\" data-node-id=\"3.1\" class=\"body-link css-177bzfx emevuu60\" rel=\"nofollow noopener\">Valle Salvaje<\/a>&#8216;, todos est\u00e1n sorprendidos por los \u00faltimos acontecimientos\u2026 <a href=\"https:\/\/www.diezminutos.es\/telenovela\/espanolas\/a64564256\/valle-salvaje-capitulos-141-al-145-resumen-semanal-21-al-25-abril-tve-netflix\/\" target=\"_blank\" data-vars-ga-outbound-link=\"https:\/\/www.diezminutos.es\/telenovela\/espanolas\/a64564256\/valle-salvaje-capitulos-141-al-145-resumen-semanal-21-al-25-abril-tve-netflix\/\" data-vars-ga-ux-element=\"Hyperlink\" data-vars-ga-call-to-action=\"La tensi\u00f3n entre Adriana y Victoria\" data-node-id=\"3.3\" class=\"body-link css-177bzfx emevuu60\" rel=\"nofollow noopener\">La tensi\u00f3n entre Adriana y Victoria<\/a> sigue creciendo a medida que los secretos comienzan a salir a la luz. Victoria, herida en su orgullo y en su confianza, decide enfrentar al duque con una exigencia ineludible: quiere escuchar de sus labios, sin evasivas ni rodeos, qu\u00e9 piensa hacer si D\u00e1maso cumple su amenaza y expone p\u00fablicamente el esc\u00e1ndalo que amenaza con arrastrarlos a todos. En ese instante, <strong data-node-id=\"3.5\">la verdad se convierte en un arma peligrosa<\/strong> y la sinceridad, en una prueba definitiva que pondr\u00e1 a prueba no solo la lealtad del duque, sino tambi\u00e9n la fortaleza de los sue\u00f1os compartidos.<\/p>\n<p><img draggable=\"true\" alt=\"valle salvaje\" title=\"Valle Salvaje\" loading=\"lazy\" width=\"4096\" height=\"2731\" decoding=\"async\" data-nimg=\"1\" style=\"color:transparent;width:100%;height:auto;\"   src=\"https:\/\/www.europesays.com\/es\/wp-content\/uploads\/2025\/12\/g7ak742waaalhzf-69354c8adbac8.jpeg\" class=\"css-0 e1g79fud0\"\/><\/p>\n<p>Add RTVE<\/p>\n<p>La situaci\u00f3n de Luisa es cr\u00edtica en &#8216;Valle Salvaje&#8217; <\/p>\n<p data-journey-content=\"true\" data-node-id=\"8\" class=\"css-6wxqfj emevuu60\">Por otro lado, Irene, consciente de lo que implica su uni\u00f3n con Leonardo, le pide que al casarse se marchen lejos del Valle. No desea que su nueva vida quede atrapada en las intrigas y recuerdos que all\u00ed pesan, y sue\u00f1a con empezar de nuevo en un lugar donde nada los ate al pasado. El coraz\u00f3n de Irene late por Leonardo y la joven ya no puede ocultarlo por m\u00e1s tiempo ante su familia. Mientras tanto, <strong data-node-id=\"8.1\">el duque, tras d\u00edas de silencio y evasivas, finalmente responde a Victoria<\/strong>. <\/p>\n<p>Adriana pierde su fuerza en &#8216;Valle Salvaje&#8217;<img draggable=\"true\" alt=\"valle salvaje\" title=\"Valle Salvaje\" loading=\"lazy\" width=\"4096\" height=\"2730\" decoding=\"async\" data-nimg=\"1\" style=\"color:transparent;width:100%;height:auto;\"   src=\"https:\/\/www.europesays.com\/es\/wp-content\/uploads\/2025\/11\/1763694860_484_g4m4bomwyaehz2z-6908745bd5280.jpeg\" class=\"css-0 e1g79fud0\"\/><\/p>\n<p>RTVE<\/p>\n<p data-journey-content=\"true\" data-node-id=\"12\" class=\"css-6wxqfj emevuu60\">En el cap\u00edtulo de este martes, en TVE, el destino de Luisa se convierte en una sombra que amenaza con arrastrar a todos a su alrededor. Adriana, incapaz de soportar la magnitud de la tragedia, alcanza el l\u00edmite de sus fuerzas y se desploma en un desmayo que revela la fragilidad de su esp\u00edritu. En paralelo, <strong data-node-id=\"12.1\">Alejo, consumido por la desesperaci\u00f3n<\/strong> y sin hallar salida en la luz, se atreve a cruzar la frontera m\u00e1s peligrosa: pactar con el mismo diablo, convencido de que solo as\u00ed podr\u00e1 torcer el rumbo de los acontecimientos. La tensi\u00f3n se extiende como un eco en la Casa Grande, donde D\u00e1maso, con voz grave y mirada firme, comparte con Mercedes una revelaci\u00f3n inesperada. Sus palabras, cargadas de verdad y de destino, se clavan en el coraz\u00f3n de la mujer y marcan un antes y un despu\u00e9s en su vida. Nada volver\u00e1 a ser igual tras ese instante.<\/p>\n<p><img src=\"https:\/\/www.europesays.com\/es\/wp-content\/uploads\/2025\/12\/1765252226_754_43af9b8f-983e-4e74-8e74-9a7479b0966b_1681831601.file\" alt=\"Headshot of Pilar Mart\u00ednez\" title=\"Headshot of Pilar Mart\u00ednez\" width=\"100%\" height=\"100%\" decoding=\"async\" loading=\"lazy\" class=\"css-o0wq4v ev8dhu53\"\/><\/p>\n<p>Pilar Mart\u00ednez es periodista especializada en contenidos de televisi\u00f3n y cultura, se gradu\u00f3 en la carrera en Periodismo en la Facultad de Ciencias de la Informaci\u00f3n (Universidad Complutense de Madrid) en el a\u00f1o 2018. Desde entonces ha pasado por las redacciones de Ecoteuve (El Economista), donde realiz\u00f3 sus primeras pr\u00e1cticas durante el verano del 2016.<\/p>\n<p>Posteriormente, concretamente, en el a\u00f1o 2017 se pas\u00f3 al grupo Hearst Espa\u00f1a, donde comenz\u00f3 su andadura en las revistas de televisi\u00f3n: Supertele, Teleprograma, Telenovela. Ahora colabora con Diez Minutos, en su versi\u00f3n web, donde se encarga de realizar los avances semanales de las ficciones diarias de moda, as\u00ed como entrevistas y art\u00edculos sobre los melodramas o telenovelas que aterrizan en nuestro pa\u00eds y aquellos que est\u00e1n por venir.<\/p>\n<p>Toda una cazadora de exclusivas. A esto, se suma su puesto como redactora jefe de la secci\u00f3n de novela narrativa en la revista Culturamas, medio digital de alto impacto al que lleva unida desde el a\u00f1o 2013. \u00c1vida lectora, cin\u00e9fila y seri\u00e9fila de primer nivel, ha hecho de su vocaci\u00f3n su oficio. \u00a0<\/p>\n","protected":false},"excerpt":{"rendered":"Anteriormente en &#8216;Valle Salvaje&#8216;, todos est\u00e1n sorprendidos por los \u00faltimos acontecimientos\u2026 La tensi\u00f3n entre Adriana y Victoria sigue&hellip;\n","protected":false},"author":2,"featured_media":278772,"comment_status":"","ping_status":"","sticky":false,"template":"","format":"standard","meta":{"footnotes":""},"categories":[171],"tags":[253,146,147,25,24,23,214],"class_list":{"0":"post-278771","1":"post","2":"type-post","3":"status-publish","4":"format-standard","5":"has-post-thumbnail","7":"category-tv","8":"tag-discover","9":"tag-entertainment","10":"tag-entretenimiento","11":"tag-es","12":"tag-espana","13":"tag-spain","14":"tag-tv"},"share_on_mastodon":{"url":"https:\/\/pubeurope.com\/@es\/115687576731635430","error":""},"_links":{"self":[{"href":"https:\/\/www.europesays.com\/es\/wp-json\/wp\/v2\/posts\/278771","targetHints":{"allow":["GET"]}}],"collection":[{"href":"https:\/\/www.europesays.com\/es\/wp-json\/wp\/v2\/posts"}],"about":[{"href":"https:\/\/www.europesays.com\/es\/wp-json\/wp\/v2\/types\/post"}],"author":[{"embeddable":true,"href":"https:\/\/www.europesays.com\/es\/wp-json\/wp\/v2\/users\/2"}],"replies":[{"embeddable":true,"href":"https:\/\/www.europesays.com\/es\/wp-json\/wp\/v2\/comments?post=278771"}],"version-history":[{"count":0,"href":"https:\/\/www.europesays.com\/es\/wp-json\/wp\/v2\/posts\/278771\/revisions"}],"wp:featuredmedia":[{"embeddable":true,"href":"https:\/\/www.europesays.com\/es\/wp-json\/wp\/v2\/media\/278772"}],"wp:attachment":[{"href":"https:\/\/www.europesays.com\/es\/wp-json\/wp\/v2\/media?parent=278771"}],"wp:term":[{"taxonomy":"category","embeddable":true,"href":"https:\/\/www.europesays.com\/es\/wp-json\/wp\/v2\/categories?post=278771"},{"taxonomy":"post_tag","embeddable":true,"href":"https:\/\/www.europesays.com\/es\/wp-json\/wp\/v2\/tags?post=278771"}],"curies":[{"name":"wp","href":"https:\/\/api.w.org\/{rel}","templated":true}]}}