{"id":278773,"date":"2025-12-09T03:51:15","date_gmt":"2025-12-09T03:51:15","guid":{"rendered":"https:\/\/www.europesays.com\/es\/278773\/"},"modified":"2025-12-09T03:51:15","modified_gmt":"2025-12-09T03:51:15","slug":"bu-cuaron-comparte-detalles-de-su-encuentro-con-dua-lipa-tras-abrir-el-ultimo-de-sus-conciertos-en-mexico","status":"publish","type":"post","link":"https:\/\/www.europesays.com\/es\/278773\/","title":{"rendered":"Bu Cuaron comparte detalles de su encuentro con Dua Lipa tras abrir el \u00faltimo de sus conciertos en M\u00e9xico"},"content":{"rendered":"<p id=\"eAUuzNS-Bz\" data-wc=\"101\">La noche del viernes en el Estadio GNP de la Ciudad de M\u00e9xico tuvo un matiz especialmente emotivo para <strong>Bu Cuar\u00f3n<\/strong>. Acostumbrada desde ni\u00f1a a ver a sus artistas favoritos sobre ese mismo escenario, nunca imagin\u00f3 que, a sus 21 a\u00f1os, ser\u00eda ella quien tomar\u00eda ese lugar privilegiado para abrir el cierre mundial del Radical Optimism Tour de <strong>Dua Lipa<\/strong>. Entre luces, ovaciones y una ciudad que vibraba con cada acorde, la joven artista vivi\u00f3 una de las veladas m\u00e1s significativas de su carrera, una experiencia que, horas m\u00e1s tarde, transform\u00f3 en un mensaje profundamente agradecido dirigido a la estrella brit\u00e1nica.<\/p>\n<p> <img src=\"https:\/\/www.europesays.com\/es\/wp-content\/uploads\/2025\/12\/ed33d6813ed4-image-6860342.jpg\"   width=\"1024\" height=\"1024\" loading=\"lazy\" decoding=\"async\" alt=\"Dua Lipa\" fetchpriority=\"auto\" class=\"image ho-image\"\/>\u00a9 @dualipaDua Lipa cerr\u00f3 su gira mundial &#8216;Radical Optimism&#8217; en la Ciudad de M\u00e9xico<\/p>\n<p id=\"euZM1b6a3ld\" data-wc=\"84\">\u201cGracias, Dua. Tocar en el Estadio GNP siempre ha sido uno de mis sue\u00f1os m\u00e1s grandes. Gracias a todo el equipo por invitarme a abrir el show\u201d, escribi\u00f3 en Instagram, acompa\u00f1ando sus palabras con una selecci\u00f3n de fotograf\u00edas y videos que capturaron la intensidad y la emoci\u00f3n de ese debut. Adem\u00e1s de im\u00e1genes de su presentaci\u00f3n, Bu comparti\u00f3 el instante en que convivi\u00f3 con Dua Lipa tras bambalinas, un encuentro que \u2014como muestran las im\u00e1genes\u2014 estuvo cargado de complicidad y calidez entre ambas artistas.<\/p>\n<p> <img src=\"https:\/\/www.europesays.com\/es\/wp-content\/uploads\/2025\/12\/2a67a96a6cb6-bucuaron591572159185430291220453808343126904050688296n-1.jpg\"   width=\"845\" height=\"1024\" loading=\"lazy\" decoding=\"async\" alt=\"Bu Cuar\u00f3n y Dua Lipa en M\u00e9xico\" fetchpriority=\"auto\" class=\"image ho-image\"\/>\u00a9 IG: @bucuaronBu Cuar\u00f3n y Dua Lipa en M\u00e9xico<\/p>\n<p id=\"eGmSiVL7fbo\" data-wc=\"99\">La participaci\u00f3n sobre el escenario no fue solo suya. Alfonso Cuar\u00f3n, orgulloso, destac\u00f3 en la misma publicaci\u00f3n la presencia de otro de sus hijos en aquella noche tan especial. \u201c\u00a1\u00a1\u00a1Felicidades Bu y Olmo!!!\u201d, celebr\u00f3 el cineasta, subrayando que los hermanos compartieron ese logro de manera conjunta. Olmo se encarg\u00f3 de los instrumentos durante la presentaci\u00f3n, reforzando el trabajo creativo que ambos han construido desde hace a\u00f1os en torno a la m\u00fasica. Durante su actuaci\u00f3n, Bu y Olmo recordaron que pr\u00e1cticamente todo su proyecto art\u00edstico ha nacido en equipo, componiendo y produciendo cada una de sus canciones de la mano.<\/p>\n<p> <img src=\"https:\/\/www.europesays.com\/es\/wp-content\/uploads\/2025\/12\/6888df90acb0-bucuaron59116554818543029092045380674383582510554455n.jpg\"   width=\"845\" height=\"1024\" loading=\"lazy\" decoding=\"async\" alt=\"El encuentro entre Dua Lipa y Bu Cuar\u00f3n qued\u00f3 sellado con un emotivo abrazo\" fetchpriority=\"auto\" class=\"image ho-image\"\/>\u00a9 IG: @bucuaronEl encuentro entre Dua Lipa y Bu Cuar\u00f3n qued\u00f3 sellado con un emotivo abrazo<br \/>\n\u00bfQui\u00e9n es Bu Cuar\u00f3n?<\/p>\n<p id=\"eNT7x9KnBGm\" data-wc=\"93\">M\u00e1s all\u00e1 de su apellido y de la influencia del entorno cinematogr\u00e1fico en el que creci\u00f3, Tess Bu Cuar\u00f3n ha comenzado a abrirse un camino propio dentro de la escena musical internacional. Ahijada de Salma Hayek, la joven se ha destacado por su sensibilidad art\u00edstica, un estilo en evoluci\u00f3n y una inquietud creativa que se refleja tanto en su m\u00fasica como en su est\u00e9tica personal. En 2024, lanz\u00f3 su primer EP, Drop By When You Drop Dead, un material breve pero s\u00f3lido que exhibe su voz como compositora, productora y narradora de emociones.<\/p>\n<p id=\"eMtEalRNXWL\" data-wc=\"86\">Con esta presentaci\u00f3n en el Estadio GNP, Bu Cuar\u00f3n no solo cumpli\u00f3 un sue\u00f1o largamente acariciado, sino que tambi\u00e9n dio un paso decisivo hacia el p\u00fablico masivo que ahora la mira con renovado inter\u00e9s. El mensaje que dirigi\u00f3 a Dua Lipa no solo celebr\u00f3 el privilegio de abrir su concierto, sino tambi\u00e9n la oportunidad de crecer, aprender y consolidarse en un espacio donde, hasta hace unos a\u00f1os, solo asist\u00eda como espectadora. Hoy, convertida en protagonista, comienza a escribir un cap\u00edtulo propio dentro del universo musical internacional.<\/p>\n","protected":false},"excerpt":{"rendered":"La noche del viernes en el Estadio GNP de la Ciudad de M\u00e9xico tuvo un matiz especialmente emotivo&hellip;\n","protected":false},"author":2,"featured_media":278774,"comment_status":"","ping_status":"","sticky":false,"template":"","format":"standard","meta":{"footnotes":""},"categories":[170],"tags":[517,14008,146,147,25,24,184,185,23],"class_list":{"0":"post-278773","1":"post","2":"type-post","3":"status-publish","4":"format-standard","5":"has-post-thumbnail","7":"category-musica","8":"tag-actualidad","9":"tag-dua-lipa","10":"tag-entertainment","11":"tag-entretenimiento","12":"tag-es","13":"tag-espana","14":"tag-music","15":"tag-musica","16":"tag-spain"},"share_on_mastodon":{"url":"https:\/\/pubeurope.com\/@es\/115687580658662983","error":""},"_links":{"self":[{"href":"https:\/\/www.europesays.com\/es\/wp-json\/wp\/v2\/posts\/278773","targetHints":{"allow":["GET"]}}],"collection":[{"href":"https:\/\/www.europesays.com\/es\/wp-json\/wp\/v2\/posts"}],"about":[{"href":"https:\/\/www.europesays.com\/es\/wp-json\/wp\/v2\/types\/post"}],"author":[{"embeddable":true,"href":"https:\/\/www.europesays.com\/es\/wp-json\/wp\/v2\/users\/2"}],"replies":[{"embeddable":true,"href":"https:\/\/www.europesays.com\/es\/wp-json\/wp\/v2\/comments?post=278773"}],"version-history":[{"count":0,"href":"https:\/\/www.europesays.com\/es\/wp-json\/wp\/v2\/posts\/278773\/revisions"}],"wp:featuredmedia":[{"embeddable":true,"href":"https:\/\/www.europesays.com\/es\/wp-json\/wp\/v2\/media\/278774"}],"wp:attachment":[{"href":"https:\/\/www.europesays.com\/es\/wp-json\/wp\/v2\/media?parent=278773"}],"wp:term":[{"taxonomy":"category","embeddable":true,"href":"https:\/\/www.europesays.com\/es\/wp-json\/wp\/v2\/categories?post=278773"},{"taxonomy":"post_tag","embeddable":true,"href":"https:\/\/www.europesays.com\/es\/wp-json\/wp\/v2\/tags?post=278773"}],"curies":[{"name":"wp","href":"https:\/\/api.w.org\/{rel}","templated":true}]}}