{"id":278783,"date":"2025-12-09T03:56:20","date_gmt":"2025-12-09T03:56:20","guid":{"rendered":"https:\/\/www.europesays.com\/es\/278783\/"},"modified":"2025-12-09T03:56:20","modified_gmt":"2025-12-09T03:56:20","slug":"el-cometa-3i-atlas-realizara-su-maxima-aproximacion-a-la-tierra-el-19-de-diciembre-nasanet","status":"publish","type":"post","link":"https:\/\/www.europesays.com\/es\/278783\/","title":{"rendered":"El Cometa 3I\/ATLAS Realizar\u00e1 su M\u00e1xima Aproximaci\u00f3n a la Tierra el 19 de Diciembre :: NASANET"},"content":{"rendered":"<p><a href=\"https:\/\/www.lanasa.net\/download_file\/view\/5851\/2838\" rel=\"nofollow noopener\" target=\"_blank\"><img loading=\"lazy\" decoding=\"async\" src=\"https:\/\/www.europesays.com\/es\/wp-content\/uploads\/2025\/12\/news3IATLAS8Dic.jpg\" alt=\"El Cometa 3I\/ATLAS Realizar\u00e1 su M\u00e1xima Aproximaci\u00f3n a la Tierra el 19 de Diciembre\" height=\"809\" width=\"1200\"\/><\/a>&#13;<br \/>\nEsta imagen del cometa 3I\/ATLAS captada por un telescopio terrestre revela una coma verde, una cola i\u00f3nica azulada que serpentea mientras es desviada por el viento solar, y una ligera anti-cola, todos rasgos t\u00edpicos de los cometas. <strong>Credit: Victor Sabet &amp; Julien De Winter<\/strong>&#13;<\/p>\n<p style=\"text-align: justify;\">Este mes de diciembre, nuestro cielo tendr\u00e1 un visitante especial: el cometa 3I\/ATLAS, un viajero que viene de otro sistema estelar. El 19 de diciembre de 2025 ser\u00e1 su momento m\u00e1s cercano a la Tierra, a unas 1,8 unidades astron\u00f3micas, es decir, aproximadamente 270 millones de kil\u00f3metros. Aunque no lo veremos a simple vista, su paso representa una oportunidad \u00fanica para la ciencia y la curiosidad de todos.<\/p>\n<p style=\"text-align: justify;\">3I\/ATLAS ya pas\u00f3 su punto m\u00e1s cercano al Sol a finales de octubre, momento en el que comenz\u00f3 a liberar gas y polvo, formando su caracter\u00edstica coma, esa nube brillante que rodea su n\u00facleo helado. Desde entonces, sigue su camino alej\u00e1ndose del Sol, rumbo al espacio interestelar, y el 19 de diciembre marcar\u00e1 la mejor oportunidad para observarlo desde la Tierra con telescopios.<br \/>&#13;<br \/>\n\u00a0<\/p>\n<p><a href=\"https:\/\/www.lanasa.net\/download_file\/view\/5837\/2838\" rel=\"nofollow noopener\" target=\"_blank\"><img loading=\"lazy\" decoding=\"async\" src=\"https:\/\/www.europesays.com\/es\/wp-content\/uploads\/2025\/12\/news-3Iatlas.jpg\" alt=\"El Hubble Observa al Cometa interestelar 3I\/ATLAS Mientras Abandona el Sistema Solar\" height=\"907\" width=\"1200\"\/><\/a>&#13;<br \/>\n&#13;<br \/>\nEl cometa interestelar 3I\/ATLAS captado por el Hubble mientras abandona el Sistema Solar. Las estrellas aparecen como trazos debido al r\u00e1pido movimiento del cometa. <strong>Credits: NASA, ESA, STScI, D. Jewitt (UCLA), M.-T. Hui (Shanghai Astronomical Observatory). Image Processing: J. DePasquale (STScI)<\/strong>&#13;<\/p>\n<p style=\"text-align: justify;\">Lo especial de este cometa no es solo su cercan\u00eda relativa, sino su origen. Sus materiales se formaron en otro sistema estelar, lo que lo convierte en un fragmento del universo distinto al nuestro. Los cient\u00edficos estudiar\u00e1n su composici\u00f3n y comportamiento, compar\u00e1ndolo con los cometas que conocemos, para entender mejor c\u00f3mo se forman y evolucionan estos viajeros interestelares.<\/p>\n<p style=\"text-align: justify;\">Aunque su distancia es enorme y no hay peligro alguno, 3I\/ATLAS nos ofrece un espect\u00e1culo silencioso pero fascinante. Es un recordatorio de que nuestro Sistema Solar no est\u00e1 aislado: de vez en cuando, recibe visitantes que traen consigo secretos de mundos lejanos. Observarlo es, en cierto modo, asomarse a la historia de otro rinc\u00f3n de la galaxia.<\/p>\n<p><a href=\"https:\/\/www.lanasa.net\/download_file\/view\/5728\/2838\" rel=\"nofollow noopener\" target=\"_blank\"><img loading=\"lazy\" decoding=\"async\" src=\"https:\/\/www.europesays.com\/es\/wp-content\/uploads\/2025\/12\/MRO_HiRISE-CLEAN_FINAL.jpg\" alt=\"mro observa a 3I\/ATLAS\" height=\"686\" width=\"830\"\/><\/a>&#13;<br \/>\n&#13;<br \/>\nEsta imagen fue captada por la c\u00e1mara HiRISE de la sonda espacial MRO el 2 de octubre de 2025, cuando el cometa 3I\/ATLAS estaba a unas 0,2 UA (29,9 millones de km) de la nave. <strong>Credit: NASA\/JPL-Caltech\/ASU\/MSSS<\/strong>&#13;<\/p>\n<p style=\"text-align: justify;\">En pocas palabras, 3I\/ATLAS no es solo un cometa m\u00e1s. Es un mensajero c\u00f3smico que nos invita a mirar m\u00e1s all\u00e1, a aprender y a maravillarnos de la inmensidad del universo, record\u00e1ndonos que el cielo siempre tiene historias nuevas que contar.<\/p>\n","protected":false},"excerpt":{"rendered":"&#13; Esta imagen del cometa 3I\/ATLAS captada por un telescopio terrestre revela una coma verde, una cola i\u00f3nica&hellip;\n","protected":false},"author":2,"featured_media":278784,"comment_status":"","ping_status":"","sticky":false,"template":"","format":"standard","meta":{"footnotes":""},"categories":[81],"tags":[119,123,124,25,24,117,121,122,23,118,120],"class_list":{"0":"post-278783","1":"post","2":"type-post","3":"status-publish","4":"format-standard","5":"has-post-thumbnail","7":"category-ciencia-y-tecnologia","8":"tag-ciencia","9":"tag-ciencia-y-tecnologia","10":"tag-cienciaytecnologia","11":"tag-es","12":"tag-espana","13":"tag-science","14":"tag-science-and-technology","15":"tag-scienceandtechnology","16":"tag-spain","17":"tag-technology","18":"tag-tecnologia"},"share_on_mastodon":{"url":"https:\/\/pubeurope.com\/@es\/115687600460149659","error":""},"_links":{"self":[{"href":"https:\/\/www.europesays.com\/es\/wp-json\/wp\/v2\/posts\/278783","targetHints":{"allow":["GET"]}}],"collection":[{"href":"https:\/\/www.europesays.com\/es\/wp-json\/wp\/v2\/posts"}],"about":[{"href":"https:\/\/www.europesays.com\/es\/wp-json\/wp\/v2\/types\/post"}],"author":[{"embeddable":true,"href":"https:\/\/www.europesays.com\/es\/wp-json\/wp\/v2\/users\/2"}],"replies":[{"embeddable":true,"href":"https:\/\/www.europesays.com\/es\/wp-json\/wp\/v2\/comments?post=278783"}],"version-history":[{"count":0,"href":"https:\/\/www.europesays.com\/es\/wp-json\/wp\/v2\/posts\/278783\/revisions"}],"wp:featuredmedia":[{"embeddable":true,"href":"https:\/\/www.europesays.com\/es\/wp-json\/wp\/v2\/media\/278784"}],"wp:attachment":[{"href":"https:\/\/www.europesays.com\/es\/wp-json\/wp\/v2\/media?parent=278783"}],"wp:term":[{"taxonomy":"category","embeddable":true,"href":"https:\/\/www.europesays.com\/es\/wp-json\/wp\/v2\/categories?post=278783"},{"taxonomy":"post_tag","embeddable":true,"href":"https:\/\/www.europesays.com\/es\/wp-json\/wp\/v2\/tags?post=278783"}],"curies":[{"name":"wp","href":"https:\/\/api.w.org\/{rel}","templated":true}]}}