{"id":278789,"date":"2025-12-09T03:59:10","date_gmt":"2025-12-09T03:59:10","guid":{"rendered":"https:\/\/www.europesays.com\/es\/278789\/"},"modified":"2025-12-09T03:59:10","modified_gmt":"2025-12-09T03:59:10","slug":"tragedia-en-tenerife-ola-arrastra-a-banistas-en-piscina-natural-4-muertos-y-1-desaparecido","status":"publish","type":"post","link":"https:\/\/www.europesays.com\/es\/278789\/","title":{"rendered":"Tragedia en Tenerife: ola arrastra a ba\u00f1istas en piscina natural; 4 muertos y 1 desaparecido"},"content":{"rendered":"<p>      Tenerife, Espa\u00f1a<br \/>\n      AP<br \/>\n        \u00a0\u2014\u00a0<\/p>\n<p class=\"paragraph inline-placeholder vossi-paragraph\" data-uri=\"es.cms.cnn.com\/_components\/paragraph\/instances\/cmixqis8d001p26qk2fmsgavy@published\" data-editable=\"text\" data-component-name=\"paragraph\" data-article-gutter=\"true\">\n            Cuatro personas fallecieron y una sigue desaparecida despu\u00e9s de que una poderosa ola arrastr\u00f3 a un grupo de ba\u00f1istas hacia el mar mientras estaban en una popular piscina de agua salada en la isla espa\u00f1ola de <a href=\"https:\/\/www.cnn.com\/travel\/article\/spain-island-tenerife\" rel=\"nofollow noopener\" target=\"_blank\">Tenerife<\/a>, informaron las autoridades espa\u00f1olas el lunes.\n    <\/p>\n<p class=\"paragraph inline-placeholder vossi-paragraph\" data-uri=\"es.cms.cnn.com\/_components\/paragraph\/instances\/cmixql4aq0005356n0xwm7dmw@published\" data-editable=\"text\" data-component-name=\"paragraph\" data-article-gutter=\"true\">\n            El domingo, los equipos de rescate recuperaron tres cad\u00e1veres, un hombre de 35 a\u00f1os, una mujer de 55 y otro hombre sobre el que no se ha brindado informaci\u00f3n, durante una operaci\u00f3n de rescate en la que se utilizaron motos acu\u00e1ticas y helic\u00f3pteros para localizar y recoger a todas las personas que fueron arrastradas por el mar. La cuarta v\u00edctima, una mujer, falleci\u00f3 este lunes, un d\u00eda despu\u00e9s de ser reanimada en el lugar del accidente y trasladada en helic\u00f3ptero a un hospital.\n    <\/p>\n<p class=\"paragraph inline-placeholder vossi-paragraph\" data-uri=\"es.cms.cnn.com\/_components\/paragraph\/instances\/cmixql4aq0006356nvxkux54g@published\" data-editable=\"text\" data-component-name=\"paragraph\" data-article-gutter=\"true\">\n            No se proporcion\u00f3 informaci\u00f3n adicional sobre la identidad de las v\u00edctimas.\n    <\/p>\n<p class=\"paragraph inline-placeholder vossi-paragraph\" data-uri=\"es.cms.cnn.com\/_components\/paragraph\/instances\/cmixql4aq0007356np7r1jfms@published\" data-editable=\"text\" data-component-name=\"paragraph\" data-article-gutter=\"true\">\n            La piscina natural de Isla Cangrejo, en la costa de Los Gigantes, en Tenerife, es muy popular entre los turistas extranjeros, seg\u00fan los medios de comunicaci\u00f3n locales. La psicina se encuentra rodeada por rocas volc\u00e1nicas por un lado y separada del mar por un muro de cemento por el otro, la piscina natural se encuentra casi al nivel del mar y puede ser muy peligrosa cuando el mar est\u00e1 agitado, debido a que las grandes olas pueden superar f\u00e1cilmente la barrera de cemento.\n    <\/p>\n<p class=\"paragraph inline-placeholder vossi-paragraph\" data-uri=\"es.cms.cnn.com\/_components\/paragraph\/instances\/cmixql4aq0008356nevxxua8t@published\" data-editable=\"text\" data-component-name=\"paragraph\" data-article-gutter=\"true\">\n            Los medios locales informaron que en el momento en que los ba\u00f1istas fueron arrastrados mar adentro estaba vigente un aviso de alerta meteorol\u00f3gico por mar agitado en la zona. Una fuente noticiosa report\u00f3 que la piscina en Tenerife llevaba cerrada al p\u00fablico desde el pasado 3 de diciembre.\n    <\/p>\n<p class=\"paragraph inline-placeholder vossi-paragraph\" data-uri=\"es.cms.cnn.com\/_components\/paragraph\/instances\/cmixql4aq0009356nwobzvbot@published\" data-editable=\"text\" data-component-name=\"paragraph\" data-article-gutter=\"true\">\n            Los residentes de la zona afirmaron que los ba\u00f1istas hab\u00edan ignorado las se\u00f1ales y las vallas instaladas para impedir el acceso a la piscina debido a las condiciones meteorol\u00f3gicas. Indicaron que es muy dif\u00edcil para cualquier persona arrastrada mar adentro encontrar un punto de apoyo en las rocas resbaladizas justo debajo de la piscina.\n    <\/p>\n<p class=\"paragraph inline-placeholder vossi-paragraph\" data-uri=\"es.cms.cnn.com\/_components\/paragraph\/instances\/cmixql4aq000a356nzx09kj1h@published\" data-editable=\"text\" data-component-name=\"paragraph\" data-article-gutter=\"true\">\n            \u201cLa gente\u2026 no sabe c\u00f3mo es el mar aqu\u00ed, ni el peligro que entra\u00f1a la piscina, porque hay rocas en el fondo sobre las que la gente cae y no puede levantarse. Es muy peligroso\u201d, dijo un residente de la zona que no quiso dar su nombre.\n    <\/p>\n<p class=\"paragraph inline-placeholder vossi-paragraph\" data-uri=\"es.cms.cnn.com\/_components\/paragraph\/instances\/cmixql4aq000b356nsjmqclul@published\" data-editable=\"text\" data-component-name=\"paragraph\" data-article-gutter=\"true\">\n            Emilio Navarro, alcalde de Santiago del Teide, expres\u00f3 sus condolencias a las familias de los fallecidos y dijo que los equipos de rescate continuaban el lunes con la b\u00fasqueda del ba\u00f1ista desaparecido.\n    <\/p>\n<p class=\"paragraph inline-placeholder vossi-paragraph\" data-uri=\"es.cms.cnn.com\/_components\/paragraph\/instances\/cmixql4aq000c356n5lxliq8a@published\" data-editable=\"text\" data-component-name=\"paragraph\" data-article-gutter=\"true\">\n            Dijo adem\u00e1s que las autoridades toman medidas para advertir a los ba\u00f1istas de los peligros y disuadirles de utilizar la alberca cuando el mar est\u00e1 agitado.\n    <\/p>\n<p class=\"paragraph inline-placeholder vossi-paragraph\" data-uri=\"es.cms.cnn.com\/_components\/paragraph\/instances\/cmixql4aq000d356nq0c1s95c@published\" data-editable=\"text\" data-component-name=\"paragraph\" data-article-gutter=\"true\">\n            \u201cSolicitamos a la gente que nos visita que preste atenci\u00f3n a las se\u00f1ales colocadas por las autoridades\u201d, dijo. \u201cEs para cuidar y proteger a todos\u201d.\n    <\/p>\n","protected":false},"excerpt":{"rendered":"Tenerife, Espa\u00f1a AP \u00a0\u2014\u00a0 Cuatro personas fallecieron y una sigue desaparecida despu\u00e9s de que una poderosa ola arrastr\u00f3&hellip;\n","protected":false},"author":2,"featured_media":278790,"comment_status":"","ping_status":"","sticky":false,"template":"","format":"standard","meta":{"footnotes":""},"categories":[8],"tags":[17,18,25,24,13,14,11,11741,19,20,9,10,15,16,786,23,1370,12,21,22],"class_list":{"0":"post-278789","1":"post","2":"type-post","3":"status-publish","4":"format-standard","5":"has-post-thumbnail","7":"category-espana","8":"tag-breaking-news","9":"tag-breakingnews","10":"tag-es","11":"tag-espana","12":"tag-featured-news","13":"tag-featurednews","14":"tag-headlines","15":"tag-islas-canarias","16":"tag-latest-news","17":"tag-latestnews","18":"tag-news","19":"tag-noticias","20":"tag-noticias-destacadas","21":"tag-noticiasdestacadas","22":"tag-rescate","23":"tag-spain","24":"tag-tenerife","25":"tag-titulares","26":"tag-ultimas-noticias","27":"tag-ultimasnoticias"},"share_on_mastodon":{"url":"https:\/\/pubeurope.com\/@es\/115687611739742062","error":""},"_links":{"self":[{"href":"https:\/\/www.europesays.com\/es\/wp-json\/wp\/v2\/posts\/278789","targetHints":{"allow":["GET"]}}],"collection":[{"href":"https:\/\/www.europesays.com\/es\/wp-json\/wp\/v2\/posts"}],"about":[{"href":"https:\/\/www.europesays.com\/es\/wp-json\/wp\/v2\/types\/post"}],"author":[{"embeddable":true,"href":"https:\/\/www.europesays.com\/es\/wp-json\/wp\/v2\/users\/2"}],"replies":[{"embeddable":true,"href":"https:\/\/www.europesays.com\/es\/wp-json\/wp\/v2\/comments?post=278789"}],"version-history":[{"count":0,"href":"https:\/\/www.europesays.com\/es\/wp-json\/wp\/v2\/posts\/278789\/revisions"}],"wp:featuredmedia":[{"embeddable":true,"href":"https:\/\/www.europesays.com\/es\/wp-json\/wp\/v2\/media\/278790"}],"wp:attachment":[{"href":"https:\/\/www.europesays.com\/es\/wp-json\/wp\/v2\/media?parent=278789"}],"wp:term":[{"taxonomy":"category","embeddable":true,"href":"https:\/\/www.europesays.com\/es\/wp-json\/wp\/v2\/categories?post=278789"},{"taxonomy":"post_tag","embeddable":true,"href":"https:\/\/www.europesays.com\/es\/wp-json\/wp\/v2\/tags?post=278789"}],"curies":[{"name":"wp","href":"https:\/\/api.w.org\/{rel}","templated":true}]}}