{"id":278803,"date":"2025-12-09T04:15:21","date_gmt":"2025-12-09T04:15:21","guid":{"rendered":"https:\/\/www.europesays.com\/es\/278803\/"},"modified":"2025-12-09T04:15:21","modified_gmt":"2025-12-09T04:15:21","slug":"de-marvel-a-dc-scarlett-johansson-podria-estar-en-la-secuela-de-the-batman","status":"publish","type":"post","link":"https:\/\/www.europesays.com\/es\/278803\/","title":{"rendered":"De Marvel a DC: Scarlett Johansson podr\u00eda estar en la secuela de \u00abThe Batman\u00bb"},"content":{"rendered":"\n<p> Escrito en  ENTRETENIMIENTO el 7\/12\/2025 \u00b7 22:30 hs <\/p>\n<p>EFE.- La actriz estadounidense <strong>Scarlett Johansson<\/strong> se encuentra en el proceso de negociaci\u00f3n final para unirse a la secuela de la pel\u00edcula de\u00a0\u00bb<strong>Batman<\/strong>\u00bb (The Batman, en ingl\u00e9s) junto a <strong>Robert Pattinson<\/strong>, informa<strong> The Hollywood Reporter <\/strong>(THR).<\/p>\n<p>Cuatro a\u00f1os despu\u00e9s de dejar atr\u00e1s el Universo Cinematogr\u00e1fico de <strong>Marvel<\/strong>, Johansson, podr\u00eda volver a tener como escenario a <strong>Gotham City<\/strong>, la Ciudad G\u00f3tica en la que se desenvuelve el superh\u00e9roe.<\/p>\n<p>Seg\u00fan fuentes consultadas por la revista, la actriz est\u00e1 en negociaciones finales para unirse a <strong>\u00abThe Batman Parte II\u00bb <\/strong>(Batman Parte II), la secuela del \u00e9xito de 2021 que dirigi\u00f3<strong> Matt Reeves <\/strong>y que lleva tiempo gest\u00e1ndose.<\/p>\n<p>Si el acuerdo se concreta, ser\u00eda un gran impulso para el proyecto, que aspira a estrenarse el pr\u00f3ximo a\u00f1o.<\/p>\n<p>La<strong> Scarlett Johansson<\/strong> primero filmar\u00e1 la nueva versi\u00f3n de \u00ab<strong>El Exorcista<\/strong>\u00ab, pel\u00edcula a la que se uni\u00f3 la semana pasada, antes de rodar la cinta de <strong>Bruce Wayne.<\/strong><\/p>\n<p>Seg\u00fan THR, la actriz, que tambi\u00e9n ha trabajado de forma eventual como modelo, productora o cantante, es una de las estrellas m\u00e1s rentables del mundo.<\/p>\n<p>Entre sus \u00faltimos \u00e9xitos se incluyen pel\u00edculas como \u00ab<strong>Jurassic World: Rebirth<\/strong>\u00ab, estrenada en julio.<\/p>\n<p>Recientemente, tambi\u00e9n estren\u00f3 su debut como directora, el drama discreto \u00ab<strong>Eleanor the Great<\/strong>\u00ab, protagonizada por June Squibb. <\/p>\n<p>El camino hacia la secuela de \u00ab<strong>The Batman<\/strong>\u00ab, que Warner Bros anunci\u00f3 por primera vez en abril de 2022, ha sido complicado. <\/p>\n<p>Seg\u00fan THR, a principios de 2023, los directores de <strong>D.C Studios<\/strong>, James Gunn y Peter Safran, anunciaron que la pel\u00edcula se estrenar\u00eda en octubre de 2025, pero un a\u00f1o despu\u00e9s se retras\u00f3 hasta el 2 de octubre de 2026, y luego se pospuso de nuevo hasta el 1 de octubre de 2027. <\/p>\n<p><strong>Robert Pattinson<\/strong> volver\u00e1 a protagonizar este film como <strong>Bruce Wayne<\/strong>, con el cineasta Reeves dirigiendo y coescribiendo el guion junto a Mattson Tomlin. <\/p>\n<p>\u00abThe Batman\u00bb (Batman), estrenada en marzo de 2022, tuvo un s\u00f3lido desempe\u00f1o en taquilla, recaudando 770.3 millones de d\u00f3lares. <\/p>\n<p>El reparto inclu\u00eda a Zo\u00eb Kravitz como Catwoman, Jeffrey Wright como Jim Gordon, Paul Dano como El Acertijo, Andy Serkis como Alfred y Barry Keoghan como un recluso del Asilo Arkham que se cree es una versi\u00f3n del Joker.<br \/>\u00a0  <\/p>\n","protected":false},"excerpt":{"rendered":"Escrito en ENTRETENIMIENTO el 7\/12\/2025 \u00b7 22:30 hs EFE.- La actriz estadounidense Scarlett Johansson se encuentra en el&hellip;\n","protected":false},"author":2,"featured_media":278804,"comment_status":"","ping_status":"","sticky":false,"template":"","format":"standard","meta":{"footnotes":""},"categories":[169],"tags":[5978,177,146,147,25,24,176,175,46968,9109,23],"class_list":{"0":"post-278803","1":"post","2":"type-post","3":"status-publish","4":"format-standard","5":"has-post-thumbnail","7":"category-cine","8":"tag-batman","9":"tag-cine","10":"tag-entertainment","11":"tag-entretenimiento","12":"tag-es","13":"tag-espana","14":"tag-film","15":"tag-movies","16":"tag-robert-pattinson","17":"tag-scarlett-johansson","18":"tag-spain"},"share_on_mastodon":{"url":"https:\/\/pubeurope.com\/@es\/115687674554361705","error":""},"_links":{"self":[{"href":"https:\/\/www.europesays.com\/es\/wp-json\/wp\/v2\/posts\/278803","targetHints":{"allow":["GET"]}}],"collection":[{"href":"https:\/\/www.europesays.com\/es\/wp-json\/wp\/v2\/posts"}],"about":[{"href":"https:\/\/www.europesays.com\/es\/wp-json\/wp\/v2\/types\/post"}],"author":[{"embeddable":true,"href":"https:\/\/www.europesays.com\/es\/wp-json\/wp\/v2\/users\/2"}],"replies":[{"embeddable":true,"href":"https:\/\/www.europesays.com\/es\/wp-json\/wp\/v2\/comments?post=278803"}],"version-history":[{"count":0,"href":"https:\/\/www.europesays.com\/es\/wp-json\/wp\/v2\/posts\/278803\/revisions"}],"wp:featuredmedia":[{"embeddable":true,"href":"https:\/\/www.europesays.com\/es\/wp-json\/wp\/v2\/media\/278804"}],"wp:attachment":[{"href":"https:\/\/www.europesays.com\/es\/wp-json\/wp\/v2\/media?parent=278803"}],"wp:term":[{"taxonomy":"category","embeddable":true,"href":"https:\/\/www.europesays.com\/es\/wp-json\/wp\/v2\/categories?post=278803"},{"taxonomy":"post_tag","embeddable":true,"href":"https:\/\/www.europesays.com\/es\/wp-json\/wp\/v2\/tags?post=278803"}],"curies":[{"name":"wp","href":"https:\/\/api.w.org\/{rel}","templated":true}]}}