{"id":278805,"date":"2025-12-09T04:17:16","date_gmt":"2025-12-09T04:17:16","guid":{"rendered":"https:\/\/www.europesays.com\/es\/278805\/"},"modified":"2025-12-09T04:17:16","modified_gmt":"2025-12-09T04:17:16","slug":"recomendaciones-de-movilidad-para-el-partido-fc-barcelona-eintracht-frankfurt","status":"publish","type":"post","link":"https:\/\/www.europesays.com\/es\/278805\/","title":{"rendered":"Recomendaciones de movilidad para el partido FC Barcelona \u2013 Eintracht Frankfurt"},"content":{"rendered":"<p>En el partido de la sexta jornada de la fase de grupos de la Champions League que el FC Barcelona disputar\u00e1 en el Spotify Camp Nou contra el Eintracht Frankfurt, este martes 9 de diciembre, el Club apuesta por una movilidad y una accesibilidad eficientes y sostenibles para sus socios y socias, que ser\u00e1n los \u00fanicos que podr\u00e1n adquirir las localidades disponibles.<\/p>\n<p>El dispositivo est\u00e1 dise\u00f1ado para facilitar una entrada y salida fluida de las personas asistentes.<\/p>\n<p>Consideraciones importantes<\/p>\n<ul>\n<li>Se recuerda que en este partido aumentar\u00e1n los dispositivos de seguridad en cada acceso y en las gradas, ya que est\u00e1 considerado partido de alto riesgo.<\/li>\n<li>Para este partido los socios y socias recibir\u00e1n sus entradas en el formato habitual, en sus aplicaciones.<\/li>\n<li>Se incrementar\u00e1n los controles nominales y visuales de los asistentes para descartar indicios de adquisici\u00f3n ilegal de entradas.<\/li>\n<\/ul>\n<p>Recomendaciones<\/p>\n<ul>\n<li>Llegar al Estadio con la m\u00e1xima antelaci\u00f3n. Es conveniente no llegar con el tiempo justo para seguir adecuadamente los itinerarios de entrada y salida en funci\u00f3n del medio de transporte elegido. Las puertas del Estadio estar\u00e1n abiertas desde dos horas antes del pitido inicial (19 h).<\/li>\n<li><strong>Acceso Q:<\/strong> Se recomienda especialmente a los socios y socias que deban utilizar el acceso Q que lleguen con la m\u00e1xima antelaci\u00f3n, dado que es el que absorbe m\u00e1s entrada de p\u00fablico.<\/li>\n<li>Tener a mano la informaci\u00f3n de la entrada y documentaci\u00f3n identificativa. Los socios y socias recibir\u00e1n la entrada en formato digital entre 24 y 3 horas antes del partido, con la informaci\u00f3n sobre los accesos al Estadio habilitados para peatones (accesos Q-V-W-D-E-F, ubicados desde la avenida Joan XXIII, la traves\u00eda de Les Corts y la calle Ar\u00edstides Maillol).<\/li>\n<li>Desplazarse a pie o en transporte p\u00fablico. Dentro del compromiso por reducir el impacto del cambio clim\u00e1tico se recomienda a todos los asistentes desplazarse a pie o hacer uso de los medios de transporte p\u00fablico.<\/li>\n<\/ul>\n<p>Uso de veh\u00edculo privado<\/p>\n<p>En caso de uso del veh\u00edculo privado, se recomienda seguir las indicaciones siguientes y se recuerda que se han establecido nuevos recorridos y aparcamientos tanto para motos y plazas de aparcamiento accesibles, como en la operativa de autocares, taxis y VTC.<\/p>\n<ul>\n<li><strong>Motos:<\/strong> Se mantiene la zona de estacionamiento habilitada en la parcela de Bederrida (antiguo aparcamiento universitario) con capacidad para 750 veh\u00edculos. El acceso a este espacio se realizar\u00e1 de forma habitual por la calle Mart\u00ed i Franqu\u00e8s y tambi\u00e9n por Men\u00e9ndez Pelayo desde Avenida Joan XXIII, as\u00ed como por la calle Pau Gargallo procedente de Av. Gregorio Mara\u00f1\u00f3n.<\/li>\n<li>Tambi\u00e9n habr\u00e1 plazas de estacionamiento en el entorno del Estadio en las calles Pau Gargallo, Llorens i Artigas, Diagonal, Pascual i Vila, Samitier, Salvador Cardenal y Sabino Arana. Este operativo tendr\u00e1 capacidad para un total de 3.200 motos.\n<p>                <img decoding=\"async\" src=\"https:\/\/www.europesays.com\/es\/wp-content\/uploads\/2025\/12\/motos_CAST.jpg\" alt=\"motos_CAST\" class=\"embeddable-photo__image\"\/><\/p>\n<\/li>\n<li><strong>Autocares:<\/strong> Estacionamiento en la zona del antiguo Miniestadi. Desencotxamiento en la calle Mart\u00ed i Franqu\u00e8s a la llegada y encotxamiento en la avenida Dr. Mara\u00f1\u00f3n y, en caso de ser necesario, en la avenida Diagonal (lado monta\u00f1a), entre la avenida Dr. Mara\u00f1\u00f3n y la calle John Maynard Keynes al finalizar el partido.\n<p>                <img decoding=\"async\" src=\"https:\/\/www.europesays.com\/es\/wp-content\/uploads\/2025\/12\/Autocar-CAS.jpg\" alt=\"Autocar CAS\" class=\"embeddable-photo__image\"\/><\/p>\n<\/li>\n<li><strong>Taxis:<\/strong> Zona de desencotxamiento y encotxamiento en la calle Men\u00e9ndez Pelayo.\n<p>                <img decoding=\"async\" src=\"https:\/\/www.europesays.com\/es\/wp-content\/uploads\/2025\/12\/Taxis-CAS.jpg\" alt=\"Taxis CAS\" class=\"embeddable-photo__image\"\/><\/p>\n<\/li>\n<li><strong>VTC:<\/strong> Los Veh\u00edculos de Transporte con Conductor (VTC) podr\u00e1n hacer uso de la zona de desencotxamiento de la calle Men\u00e9ndez Pelayo habilitada para los taxis. El punto de recogida ser\u00e1 a demanda por parte de las personas usuarias.<\/li>\n<li><strong>Aparcamiento accesible:<\/strong> Zonas de estacionamiento espec\u00edficas en la traves\u00eda de Les Corts, entre la calle Elisabeth Eidenbenz y la calle Mej\u00eda Lequerica (a 100 metros, dos minutos a pie del acceso V, puerta 22 del Estadio), en la avenida Ar\u00edstides Maillol, entre la avenida Dr. Mara\u00f1\u00f3n y la calle del Cardenal Reig (a 550 metros, 7 minutos a pie del acceso V, puerta 22 del Estadio) y en la parte inferior de la calle Mart\u00ed i Franqu\u00e8s con la avenida Joan XXIII (a 800 metros, 10 minutos a pie del acceso V, puerta 22 del Estadio).\n<p>                <img decoding=\"async\" src=\"https:\/\/www.europesays.com\/es\/wp-content\/uploads\/2025\/12\/Accessos-vehicles-entrada_CAST.jpg\" alt=\"Accessos vehicles entrada_CAST\" class=\"embeddable-photo__image\"\/><\/p>\n<p>                <img decoding=\"async\" src=\"https:\/\/www.europesays.com\/es\/wp-content\/uploads\/2025\/12\/Acces-sortida-CAS.jpg\" alt=\"Acces sortida CAS\" class=\"embeddable-photo__image\"\/><\/p>\n<\/li>\n<\/ul>\n<p>Red de transporte p\u00fablico alrededor del Spotify Camp Nou<\/p>\n<ul>\n<li><strong>Metro:<\/strong>\n<ul>\n<li>L3: Paradas Palau Reial, Les Corts, Zona Universit\u00e0ria y Maria Cristina<\/li>\n<li>L5: Paradas Collblanc, Badal y Ernest Lluch<\/li>\n<li>L9S\/L10: Collblanc<\/li>\n<li>L9S: Parada Zona Universit\u00e0ria<\/li>\n<\/ul>\n<\/li>\n<li><strong>Tram:<\/strong> Paradas Avinguda de Xile, Palau Reial, Ernest Lluch, Pius XXII, Zona Universit\u00e0ria y Maria Cristina (l\u00edneas T1, T2 y T3).\n<p>                <img decoding=\"async\" src=\"https:\/\/www.europesays.com\/es\/wp-content\/uploads\/2025\/12\/Tram-Metro-Peu-CAS.jpg\" alt=\"Tram-Metro-Peu CAS\" class=\"embeddable-photo__image\"\/><\/p>\n<\/li>\n<li><strong>Autob\u00fas:<\/strong> L\u00edneas 7, 33, 54, 67, 113, 175, D20, H6, H8, V1, V3, V5.<br \/>Se recomienda consultar el detalle de las l\u00edneas y horarios del transporte p\u00fablico en la web de la AMB Mobilitat.\n<p>                <img decoding=\"async\" src=\"https:\/\/www.europesays.com\/es\/wp-content\/uploads\/2025\/12\/Bus-CAS.jpg\" alt=\"Bus CAS\" class=\"embeddable-photo__image\"\/><\/p>\n<\/li>\n<\/ul>\n<p>Accesibilidad en el Spotify Camp Nou<\/p>\n<p>El Club facilita informaci\u00f3n detallada para planificar la visita al Spotify Camp Nou en d\u00edas de partido, incluyendo aspectos de accesibilidad para personas con discapacidad, movilidad reducida o usuarias de silla de ruedas, as\u00ed como para sus acompa\u00f1antes.<\/p>\n<p>                <img decoding=\"async\" src=\"https:\/\/www.europesays.com\/es\/wp-content\/uploads\/2025\/12\/Accesibilitat-CAS.jpg\" alt=\"Accesibilitat CAS\" class=\"embeddable-photo__image\"\/><\/p>\n<p>Consulta toda la accesibilidad en este enlace: <a href=\"https:\/\/www.fcbarcelona.es\/es\/club\/accessibilitat-installacions\/spotify-camp-nou\" rel=\"nofollow noopener\" target=\"_blank\"><strong>Accesibilidad Spotify Camp Nou<\/strong><\/a><\/p>\n<p>Otras consideraciones<\/p>\n<ul>\n<li><strong>Acceso K:<\/strong> El acceso K no estar\u00e1 disponible para p\u00fablico general, ya que estar\u00e1 reservado exclusivamente para la afici\u00f3n rival. La entrada a las localidades de lateral y c\u00f3rner Gol Norte se har\u00e1 por el acceso Q. Se recomienda la llegada desde la traves\u00eda de Les Corts con la m\u00e1xima antelaci\u00f3n.<\/li>\n<li><strong>Entradas accesibles:<\/strong> Los accesos F (Tribuna) y V (Gol Sur) son los destinados a personas con discapacidad, movilidad reducida o usuarias de silla de ruedas, as\u00ed como para sus acompa\u00f1antes.<\/li>\n<li><strong>OAB:<\/strong> Como en los tres primeros partidos en el Spotify Camp Nou, la Oficina de Atenci\u00f3n al Barcelonista tendr\u00e1 un refuerzo en la atenci\u00f3n presencial y telef\u00f3nica y estar\u00e1 abierta desde las 9 h de la ma\u00f1ana hasta el descanso en su ubicaci\u00f3n habitual.<\/li>\n<li><strong>T\u2019Acompanyem:<\/strong> Se habilitar\u00e1n servicios T\u2019Acompanyem para personas con movilidad reducida en los accesos Q, V y F.<\/li>\n<li>El Club informa que NO habr\u00e1 consignas habilitadas para dejar pertenencias y que no se podr\u00e1 acceder al Estadio con ordenadores port\u00e1tiles ni con cochecitos para ni\u00f1os.<\/li>\n<\/ul>\n","protected":false},"excerpt":{"rendered":"En el partido de la sexta jornada de la fase de grupos de la Champions League que el&hellip;\n","protected":false},"author":2,"featured_media":278806,"comment_status":"","ping_status":"","sticky":false,"template":"","format":"standard","meta":{"footnotes":""},"categories":[93],"tags":[168,25,24,23,167,2288],"class_list":{"0":"post-278805","1":"post","2":"type-post","3":"status-publish","4":"format-standard","5":"has-post-thumbnail","7":"category-deportes","8":"tag-deportes","9":"tag-es","10":"tag-espana","11":"tag-spain","12":"tag-sports","13":"tag-text"},"share_on_mastodon":{"url":"https:\/\/pubeurope.com\/@es\/115687683734648534","error":""},"_links":{"self":[{"href":"https:\/\/www.europesays.com\/es\/wp-json\/wp\/v2\/posts\/278805","targetHints":{"allow":["GET"]}}],"collection":[{"href":"https:\/\/www.europesays.com\/es\/wp-json\/wp\/v2\/posts"}],"about":[{"href":"https:\/\/www.europesays.com\/es\/wp-json\/wp\/v2\/types\/post"}],"author":[{"embeddable":true,"href":"https:\/\/www.europesays.com\/es\/wp-json\/wp\/v2\/users\/2"}],"replies":[{"embeddable":true,"href":"https:\/\/www.europesays.com\/es\/wp-json\/wp\/v2\/comments?post=278805"}],"version-history":[{"count":0,"href":"https:\/\/www.europesays.com\/es\/wp-json\/wp\/v2\/posts\/278805\/revisions"}],"wp:featuredmedia":[{"embeddable":true,"href":"https:\/\/www.europesays.com\/es\/wp-json\/wp\/v2\/media\/278806"}],"wp:attachment":[{"href":"https:\/\/www.europesays.com\/es\/wp-json\/wp\/v2\/media?parent=278805"}],"wp:term":[{"taxonomy":"category","embeddable":true,"href":"https:\/\/www.europesays.com\/es\/wp-json\/wp\/v2\/categories?post=278805"},{"taxonomy":"post_tag","embeddable":true,"href":"https:\/\/www.europesays.com\/es\/wp-json\/wp\/v2\/tags?post=278805"}],"curies":[{"name":"wp","href":"https:\/\/api.w.org\/{rel}","templated":true}]}}