{"id":278813,"date":"2025-12-09T04:21:13","date_gmt":"2025-12-09T04:21:13","guid":{"rendered":"https:\/\/www.europesays.com\/es\/278813\/"},"modified":"2025-12-09T04:21:13","modified_gmt":"2025-12-09T04:21:13","slug":"el-gobierno-propone-sacar-1-567-millones-mas-de-la-factura-de-la-luz-para-las-renovables","status":"publish","type":"post","link":"https:\/\/www.europesays.com\/es\/278813\/","title":{"rendered":"El Gobierno propone sacar 1.567 millones m\u00e1s de la factura de la luz para las renovables"},"content":{"rendered":"\n<p> El Gobierno afirma que<a href=\"https:\/\/www.elconfidencial.com\/mercados\/el-valor-anadido\/2025-10-16\/mercado-ve-dos-perdedores-bronca-cnmc-gobierno_4229587\/\" target=\"_blank\" rel=\"nofollow noopener\"> la luz bajar\u00e1 hasta un 10% en 2026.<\/a> Un anuncio que se fundamenta en que, con la situaci\u00f3n actual, se va a beneficiar de la ca\u00edda del mercado mayorista de la electricidad. Una previsi\u00f3n que compensa sus planes. Si nada lo impide, <strong>el Ejecutivo subir\u00e1 un 11% los cargos del sistema el\u00e9ctrico,<\/strong> la parte fija de la factura destinada a financiar su pol\u00edtica energ\u00e9tica. Gracias a esa subida, podr\u00e1 otorgar 1.567 millones adicionales en 2026 a las plantas de generaci\u00f3n renovable que dependen de fondos p\u00fablicos. <\/p>\n<p> Una cosa compensa a la otra. Aunque solo la subida de los cargos est\u00e1 asegurada. El Ministerio para la Transici\u00f3n Ecol\u00f3gica incrementar\u00e1 su parte de la factura y, adem\u00e1s, espera que la CNMC haga lo propio con los peajes. Aun as\u00ed, defiende que los<strong> hogares pagar\u00e1n un 4,6% menos<\/strong> y que la<strong> industria electrointensiva ver\u00e1 reducida su factura hasta un 9%<\/strong>, porque as\u00ed lo reflejan los futuros de la electricidad. <\/p>\n<p> La medida figura en el proyecto de orden de cargos de la cartera que dirige Sara Aagesen, actualmente en consulta p\u00fablica.<strong> <\/strong>La propuesta establece que, en 2026,<strong> los cargos subir\u00e1n un 11,2%, pasando de 15,50 euros\/MWh a 17,23 euros\/MWh.<\/strong> Esta subida se suma a otros componentes regulados de la factura el\u00e9ctrica que tambi\u00e9n aumentar\u00e1n el pr\u00f3ximo a\u00f1o. <\/p>\n<p> Los<strong> peajes fijados por la CNMC crecer\u00e1n un 1,7%, hasta una media de 28,05 euros\/MWh<\/strong>, mientras que los costes por restricciones operativas, o tambi\u00e9n llamado \u2018planes <a href=\"https:\/\/www.elconfidencial.com\/empresas\/2025-05-29\/plan-redeia-evitar-otro-apagon-asfixia-comercializadoras_4139500\/\" target=\"_blank\" rel=\"nofollow noopener\">anti apagones\u2019<\/a>, podr\u00edan alcanzar los 17 \u20ac\/MWh si no se aplican medidas correctoras. El coste combinado de peajes, cargos y restricciones puede suponer alrededor del 40\u201350% del total de una factura de la luz y rondar\u00eda cerca de 65 \u20ac\/MWh,<strong> uno de los niveles m\u00e1s altos registrados.<\/strong> <\/p>\n<p>              <img decoding=\"async\" class=\"inTextNews__img\" alt=\"Foto: la-red-electrica-no-aguanta-mas-y-ahoga-la-revolucion-verde\" src=\"https:\/\/www.europesays.com\/es\/wp-content\/uploads\/2025\/12\/f.elconfidencial.com\/original\/381\/3b0\/101\/3813b0101fc237f26d6924f4af5aafca.jpg\"  \/>     <\/p>\n<p>TE PUEDE INTERESAR<\/p>\n<p>      <a class=\"inTextNews__title\" href=\"https:\/\/www.elconfidencial.com\/economia\/2025-12-07\/la-red-electrica-no-aguanta-mas-y-ahoga-la-revolucion-verde_4260788\/\" onclick=\"window.ECCO.emit(&#039;amplitude&#039;, { dataEventName: &#039;click_related_article_module&#039;, data: { related_article_url: &#039;https:\/\/www.elconfidencial.com\/economia\/2025-12-07\/la-red-electrica-no-aguanta-mas-y-ahoga-la-revolucion-verde_4260788\/&#039;, related_article_author: &#039;Giulio Maria Piantadosi,Ernesto Torrico&#039;, related_article_section: &#039;economia&#039; } })\" rel=\"nofollow noopener\" target=\"_blank\"> La batalla por el enchufe: la red el\u00e9ctrica no aguanta m\u00e1s y ahoga la revoluci\u00f3n verde <\/a>   <\/p>\n<p>    Giulio Maria Piantadosi     Ernesto Torrico   <\/p>\n<p> Un escenario que, seg\u00fan denuncian diversas fuentes del sector, agrava el problema de la escasa elasticidad de la demanda. Pese al avance de la electrificaci\u00f3n, <strong>la demanda neta crece a ritmos inferiores al 1% anual. <\/strong>El aumento del consumo es necesario para que haya m\u00e1s contribuyentes a esta bolsa de cargos y peajes, de la que se financian tanto las redes el\u00e9ctricas como las nuevas tecnolog\u00edas que requieren impulso p\u00fablico para su consolidaci\u00f3n. <\/p>\n<p>            Unos ganadores de la subida           <\/p>\n<p> En el sector, adem\u00e1s, ha generado malestar el destino del aumento de fondos previsto por el Gobierno para 2026. Seg\u00fan explican sus detractores, hay un<strong> incremento del 11% en la contribuci\u00f3n al r\u00e9gimen retributivo de las instalaciones de renovables,<\/strong> cogeneraci\u00f3n y residuos (RECORE). <\/p>\n<p> Se trata de un sistema p\u00fablico que garantiza una rentabilidad razonable a <strong>62.000 plantas renovables <\/strong>y cuyas condiciones ya fueron mejoradas por el Gobierno en octubre ante el desplome de los precios el\u00e9ctricos. El <a href=\"https:\/\/www.elconfidencial.com\/economia\/2025-12-07\/era-gasto-publico-implicaciones-mundo-presupuestos-nunca-vistos_4261761\/\" target=\"_self\" rel=\"nofollow noopener\">gasto p\u00fablico<\/a> destinado a estas plantas pasar\u00e1<strong> de 4.192 millones en 2025 a 5.760 millones en 2026.<\/strong> <\/p>\n<p>                \u00bfSe va a compensar?           <\/p>\n<p> Un incremento que el Ejecutivo defiende argumentando que se ver\u00e1 parcialmente compensado por tres factores clave: primero, la reducci\u00f3n de 507 millones en la anualidad para amortizar el d\u00e9ficit el\u00e9ctrico hist\u00f3rico, aunque este ahorro no se nota en la factura porque se destina \u00edntegramente al RECORE; segundo,<strong> la utilizaci\u00f3n de 520 millones del super\u00e1vit acumulado del sistema el\u00e9ctrico<\/strong>; y tercero, una previsi\u00f3n de crecimiento de la demanda del 3,6%, considerada excesivamente optimista por los analistas, dado que el aumento real sigue por debajo del 1%. <\/p>\n<p>              <img decoding=\"async\" class=\"inTextNews__img\" alt=\"Foto: gobierno-niega-que-el-apagon-se-produjera\" src=\"https:\/\/www.europesays.com\/es\/wp-content\/uploads\/2025\/12\/f.elconfidencial.com\/original\/bf2\/ac0\/6d7\/bf2ac06d7ab3fa8445b3d65550db5310.jpg\"  \/>     <\/p>\n<p>TE PUEDE INTERESAR<\/p>\n<p>      <a class=\"inTextNews__title\" href=\"https:\/\/www.elconfidencial.com\/empresas\/2025-12-04\/gobierno-niega-que-el-apagon-se-produjera_4260225\/\" onclick=\"window.ECCO.emit(&#039;amplitude&#039;, { dataEventName: &#039;click_related_article_module&#039;, data: { related_article_url: &#039;https:\/\/www.elconfidencial.com\/empresas\/2025-12-04\/gobierno-niega-que-el-apagon-se-produjera_4260225\/&#039;, related_article_author: &#039;Agencias&#039;, related_article_section: &#039;empresas&#039; } })\" rel=\"nofollow noopener\" target=\"_blank\"> El Gobierno niega que el apag\u00f3n se produjera por una \u00abausencia de marco normativo\u00bb <\/a>   <\/p>\n<p>    EFE   <\/p>\n<p> Y, sobre todo, por el optimismo del Ministerio respecto a la ca\u00edda de los precios el\u00e9ctricos para el pr\u00f3ximo a\u00f1o. Sus cifras se basan en los futuros del OMIP, el operador ib\u00e9rico, que sit\u00faan <strong>el coste de la electricidad para 2026 en 56,7 euros\/MWh, muy por debajo de los 64,96 \u20ac\/MWh de media en 2025.<\/strong> <\/p>\n<p> Un descenso motivado por el bajo precio del gas, la d\u00e9bil demanda y el fuerte impulso de las renovables. Tres factores que, ante cualquier bandazo del mercado nacional o internacional, <strong>podr\u00edan variar radicalmente los futuros<\/strong>, tal como se ha visto en los \u00faltimos cinco a\u00f1os. <\/p>\n<p> El Gobierno afirma que<a href=\"https:\/\/www.elconfidencial.com\/mercados\/el-valor-anadido\/2025-10-16\/mercado-ve-dos-perdedores-bronca-cnmc-gobierno_4229587\/\" target=\"_blank\" rel=\"nofollow noopener\"> la luz bajar\u00e1 hasta un 10% en 2026.<\/a> Un anuncio que se fundamenta en que, con la situaci\u00f3n actual, se va a beneficiar de la ca\u00edda del mercado mayorista de la electricidad. Una previsi\u00f3n que compensa sus planes. Si nada lo impide, <strong>el Ejecutivo subir\u00e1 un 11% los cargos del sistema el\u00e9ctrico,<\/strong> la parte fija de la factura destinada a financiar su pol\u00edtica energ\u00e9tica. Gracias a esa subida, podr\u00e1 otorgar 1.567 millones adicionales en 2026 a las plantas de generaci\u00f3n renovable que dependen de fondos p\u00fablicos. <\/p>\n","protected":false},"excerpt":{"rendered":"El Gobierno afirma que la luz bajar\u00e1 hasta un 10% en 2026. Un anuncio que se fundamenta en&hellip;\n","protected":false},"author":2,"featured_media":278814,"comment_status":"","ping_status":"","sticky":false,"template":"","format":"standard","meta":{"footnotes":""},"categories":[80],"tags":[82,95,94,25,24,23],"class_list":{"0":"post-278813","1":"post","2":"type-post","3":"status-publish","4":"format-standard","5":"has-post-thumbnail","7":"category-economia","8":"tag-business","9":"tag-economia","10":"tag-economy","11":"tag-es","12":"tag-espana","13":"tag-spain"},"share_on_mastodon":{"url":"https:\/\/pubeurope.com\/@es\/115687698482390059","error":""},"_links":{"self":[{"href":"https:\/\/www.europesays.com\/es\/wp-json\/wp\/v2\/posts\/278813","targetHints":{"allow":["GET"]}}],"collection":[{"href":"https:\/\/www.europesays.com\/es\/wp-json\/wp\/v2\/posts"}],"about":[{"href":"https:\/\/www.europesays.com\/es\/wp-json\/wp\/v2\/types\/post"}],"author":[{"embeddable":true,"href":"https:\/\/www.europesays.com\/es\/wp-json\/wp\/v2\/users\/2"}],"replies":[{"embeddable":true,"href":"https:\/\/www.europesays.com\/es\/wp-json\/wp\/v2\/comments?post=278813"}],"version-history":[{"count":0,"href":"https:\/\/www.europesays.com\/es\/wp-json\/wp\/v2\/posts\/278813\/revisions"}],"wp:featuredmedia":[{"embeddable":true,"href":"https:\/\/www.europesays.com\/es\/wp-json\/wp\/v2\/media\/278814"}],"wp:attachment":[{"href":"https:\/\/www.europesays.com\/es\/wp-json\/wp\/v2\/media?parent=278813"}],"wp:term":[{"taxonomy":"category","embeddable":true,"href":"https:\/\/www.europesays.com\/es\/wp-json\/wp\/v2\/categories?post=278813"},{"taxonomy":"post_tag","embeddable":true,"href":"https:\/\/www.europesays.com\/es\/wp-json\/wp\/v2\/tags?post=278813"}],"curies":[{"name":"wp","href":"https:\/\/api.w.org\/{rel}","templated":true}]}}