{"id":278817,"date":"2025-12-09T04:23:08","date_gmt":"2025-12-09T04:23:08","guid":{"rendered":"https:\/\/www.europesays.com\/es\/278817\/"},"modified":"2025-12-09T04:23:08","modified_gmt":"2025-12-09T04:23:08","slug":"la-privilegiada-vida-de-ximo-puig-como-embajador-en-paris","status":"publish","type":"post","link":"https:\/\/www.europesays.com\/es\/278817\/","title":{"rendered":"La privilegiada vida de Ximo Puig como embajador en Par\u00eds"},"content":{"rendered":"<p style=\"\">A 1.300 kil\u00f3metros de distancia del Palau de la Generalitat y de la sede del PSOE valenciano hay un espectador de excepci\u00f3n de todo lo que acontece en las \u00faltimas semanas en la pol\u00edtica espa\u00f1ola. Como Embajador Jefe de la Delegaci\u00f3n Permanente de Espa\u00f1a  &#8230; ante la <strong>Organizaci\u00f3n de Cooperaci\u00f3n y Desarrollo Econ\u00f3micos (OCDE)<\/strong> en Par\u00eds, <a href=\"https:\/\/www.abc.es\/noticias\/ximo-puig\/\" target=\"_self\" data-voc-vtm-id=\"in-text-traffic\" title=\"Ximo Puig\" data-mrf-link=\"www.abc.es\" rel=\"nofollow noopener\">Ximo Puig<\/a> vive un c\u00f3modo &#8216;retiro&#8217; en la capital francesa, pero sigue de cerca el debate sobre la gesti\u00f3n de la catastr\u00f3fica dana que ha provocado la ca\u00edda de Carlos Maz\u00f3n y las presuntas corruptelas que han desembocado en la entrada en prisi\u00f3n de quien fue su rival pol\u00edtico durante d\u00e9cadas en el socialismo valenciano, Jos\u00e9 Luis \u00c1balos.<\/p>\n<p class=\"voc-p\" style=\"\">Puig fue nombrado por el ministro de Asuntos Exteriores, Jos\u00e9 Manuel Albares, el 20 de febrero de 2024, dos meses despu\u00e9s de anunciar que dejaba el liderazgo del PSPV-PSOE, que pas\u00f3 a manos de la ministra Diana Morant, tras perder la Presidencia de la Generalitat. Para ello, renunci\u00f3 a su cargo de senador por designaci\u00f3n de las Cortes Valencianas.<\/p>\n<p class=\"voc-p\" style=\"\">A la espera de que se fije fecha para el juicio de su hermano por presuntas irregularidades en las subvenciones que recibi\u00f3 de la Generalitat, el embajador se ha dejado ver en las \u00faltimas semanas en actos p\u00fablicos en Valencia y Madrid. Algunas fuentes consultadas del PSPV valoran positivamente sus opiniones y su discreci\u00f3n -lo sit\u00faan como una especie de referente moral- en un momento en el que la formaci\u00f3n liderada por Morant ha perdido su principal y \u00fanica baza -Maz\u00f3n y su comida en El Ventorro- y <strong>se ha quedado sin discurso<\/strong> tras el relevo en el Gobierno regional que ahora preside Juanfran P\u00e9rez Llorca.<\/p>\n<p class=\"voc-p\" style=\"\">De hecho, Puig mantiene su oficina como expresidente auton\u00f3mico, una prerrogativa que tiene por ley, con dos asesores, ch\u00f3fer y un c\u00e9ntrico local en Valencia a cuenta de de las arcas de la Generalitat. Su coste para el erario se desconoce. Tampoco es p\u00fablico su salario total como representante de Espa\u00f1a ante la OCDE, pues el Ministerio de Asuntos Exteriores, Uni\u00f3n Europea y Cooperaci\u00f3n <strong>oculta una parte sustancial de los emolumentos<\/strong> de los embajadores, que gozan tambi\u00e9n de otros muchos privilegios.<\/p>\n<p>\nResidencia entre el Sena y el Arco del Triunfo\n<\/p>\n<p class=\"voc-p\" style=\"\">Tras un requerimiento de informaci\u00f3n al Portal de Transparencia del Gobierno, la Direcci\u00f3n General del Servicio Exterior confirm\u00f3 a ABC que \u00abel contrato de arrendamiento de la residencia de la Representaci\u00f3n Permanente de Espa\u00f1a ante la OCDE en Par\u00eds tiene <strong>una renta mensual de quince mil euros<\/strong>\u00bb. Se trata de un exclusivo piso en la Avenue Marceau, que comunica el Sena y el Arco del Triunfo. Est\u00e1 ubicado a setenta metros de la canciller\u00eda -las oficinas diplom\u00e1ticas- de la delegaci\u00f3n y de la Embajada de Espa\u00f1a en Francia, un edificio que s\u00ed es propiedad del Estado. Adem\u00e1s, \u00abtodas las embajadas de Espa\u00f1a en el exterior cuentan con veh\u00edculo de representaci\u00f3n y de servicio\u00bb.<\/p>\n<p class=\"voc-p\" style=\"\">No obstante, pese a que se solicit\u00f3 acceso al sueldo bruto anual, con todos los complementos e indemnizaciones, la respuesta remit\u00eda al mismo portal para consultar las retribuciones de los altos cargos de todos los departamentos del Ejecutivo. La informaci\u00f3n que consta en la web est\u00e1 incompleta. El salario bruto que recibi\u00f3 Puig en 2024 rond\u00f3 los 64.000 euros, de acuerdo a los datos publicados. La legislaci\u00f3n de 1995 aplicable en este caso indica que, al salario bruto anual, incluidas las pagas extraordinarias, hay que sumar un complemento de destino (16.300 para los embajadores, en el nivel 30 de la Administraci\u00f3n) y otro espec\u00edfico.<\/p>\n<p class=\"voc-p\" style=\"\">Esas tres variables se multiplican por dos m\u00f3dulos que el Gobierno actualiza cada a\u00f1o: uno de equiparaci\u00f3n del poder adquisitivo, para paliar las diferencias de precios entre Francia -en este caso- y Espa\u00f1a; y otro de calidad vida, que se calcula \u00aben funci\u00f3n de factores como lejan\u00eda, clima, insalubridad, incomunicaci\u00f3n, situaci\u00f3n de violencia o guerra, inseguridad ciudadana, y otros similares\u00bb que puedan disminuirla. Seg\u00fan la estimaci\u00f3n realizada, <strong>la cifra total rondar\u00eda los 150.000 euros anuales<\/strong> e incluso podr\u00eda ser superior. El antecesor de Puig en el cargo, Manuel Escudero, recibi\u00f3 151.660 en 2021, seg\u00fan el Portal de Transparencia.<\/p>\n<p class=\"voc-p\" style=\"\">La ley permite al Gobierno designar embajadores a personas que no pertenecen a la carrera diplom\u00e1tica. El de Puig, de hecho, no es el \u00fanico caso. Los exministros Miquel Iceta, Hector G\u00f3mez e Isabel Cela\u00e1 tambi\u00e9n fueron ascendidos por Albares desde que accedi\u00f3 al puesto hace m\u00e1s de cuatro a\u00f1os. Nombramientos que ya se produc\u00edan en ejecutivos anteriores, con el de Mariano Rajoy, que otorg\u00f3 el mismo cargo que Puig \u2013no exento de pol\u00e9mica- al exministro de Educaci\u00f3n Jos\u00e9 Ignacio Wert, que estuvo en el puesto entre 2015 y 2018. El PSOE lo calific\u00f3 entonces como un <strong>\u00abacto de nepotismo\u00bb<\/strong>. Unas designaciones a las que se ha mostrado contraria, desde hace a\u00f1os, la Asociaci\u00f3n de Diplom\u00e1ticos Espa\u00f1oles.<\/p>\n","protected":false},"excerpt":{"rendered":"A 1.300 kil\u00f3metros de distancia del Palau de la Generalitat y de la sede del PSOE valenciano hay&hellip;\n","protected":false},"author":2,"featured_media":278818,"comment_status":"","ping_status":"","sticky":false,"template":"","format":"standard","meta":{"footnotes":""},"categories":[8],"tags":[67758,17,18,8418,25,24,13,14,11,19,20,9,10,15,16,4759,13590,23,12,21,22,2606,13589],"class_list":{"0":"post-278817","1":"post","2":"type-post","3":"status-publish","4":"format-standard","5":"has-post-thumbnail","7":"category-espana","8":"tag-acomodada","9":"tag-breaking-news","10":"tag-breakingnews","11":"tag-embajador","12":"tag-es","13":"tag-espana","14":"tag-featured-news","15":"tag-featurednews","16":"tag-headlines","17":"tag-latest-news","18":"tag-latestnews","19":"tag-news","20":"tag-noticias","21":"tag-noticias-destacadas","22":"tag-noticiasdestacadas","23":"tag-paris","24":"tag-puig","25":"tag-spain","26":"tag-titulares","27":"tag-ultimas-noticias","28":"tag-ultimasnoticias","29":"tag-vida","30":"tag-ximo"},"share_on_mastodon":{"url":"https:\/\/pubeurope.com\/@es\/115687706110167554","error":""},"_links":{"self":[{"href":"https:\/\/www.europesays.com\/es\/wp-json\/wp\/v2\/posts\/278817","targetHints":{"allow":["GET"]}}],"collection":[{"href":"https:\/\/www.europesays.com\/es\/wp-json\/wp\/v2\/posts"}],"about":[{"href":"https:\/\/www.europesays.com\/es\/wp-json\/wp\/v2\/types\/post"}],"author":[{"embeddable":true,"href":"https:\/\/www.europesays.com\/es\/wp-json\/wp\/v2\/users\/2"}],"replies":[{"embeddable":true,"href":"https:\/\/www.europesays.com\/es\/wp-json\/wp\/v2\/comments?post=278817"}],"version-history":[{"count":0,"href":"https:\/\/www.europesays.com\/es\/wp-json\/wp\/v2\/posts\/278817\/revisions"}],"wp:featuredmedia":[{"embeddable":true,"href":"https:\/\/www.europesays.com\/es\/wp-json\/wp\/v2\/media\/278818"}],"wp:attachment":[{"href":"https:\/\/www.europesays.com\/es\/wp-json\/wp\/v2\/media?parent=278817"}],"wp:term":[{"taxonomy":"category","embeddable":true,"href":"https:\/\/www.europesays.com\/es\/wp-json\/wp\/v2\/categories?post=278817"},{"taxonomy":"post_tag","embeddable":true,"href":"https:\/\/www.europesays.com\/es\/wp-json\/wp\/v2\/tags?post=278817"}],"curies":[{"name":"wp","href":"https:\/\/api.w.org\/{rel}","templated":true}]}}