{"id":278819,"date":"2025-12-09T04:24:19","date_gmt":"2025-12-09T04:24:19","guid":{"rendered":"https:\/\/www.europesays.com\/es\/278819\/"},"modified":"2025-12-09T04:24:19","modified_gmt":"2025-12-09T04:24:19","slug":"leon-xiv-encomendemos-a-maria-la-oracion-por-la-paz","status":"publish","type":"post","link":"https:\/\/www.europesays.com\/es\/278819\/","title":{"rendered":"Le\u00f3n XIV: Encomendemos a Mar\u00eda la oraci\u00f3n por la paz"},"content":{"rendered":"<p>Al t\u00e9rmino de la oraci\u00f3n mariana, el Papa recuerda el homenaje de esta tarde, 8 de diciembre, a la Inmaculada en la Plaza de Espa\u00f1a. En sus saludos, tambi\u00e9n tiene un recuerdo para Acci\u00f3n Cat\u00f3lica, que hoy celebra el D\u00eda de la adhesi\u00f3n.<\/p>\n<p><b>Vatican News<\/b><\/p>\n<blockquote>\n<p>\u201cA ustedes, queridos romanos y peregrinos, les doy cita esta tarde en la Plaza de Espa\u00f1a, donde me dirigir\u00e9 para el tradicional homenaje a la Virgen Inmaculada. A su intercesi\u00f3n confiamos nuestra constante oraci\u00f3n por la paz\u201d<\/p>\n<\/blockquote>\n<p>El Papa Le\u00f3n, en la solemnidad de la Inmaculada Concepci\u00f3n, recuerda el tradicional acto de devoci\u00f3n a la Virgen previsto para esta tarde, 8 de diciembre. El Pont\u00edfice llegar\u00e1 a las 16:00 horas a la Plaza Mignanelli, donde ser\u00e1 recibido por el cardenal vicario Baldo Reina y el alcalde Roberto Gualtieri, se detendr\u00e1 en oraci\u00f3n al pie de la columna de 12 metros de altura, en cuya cima se encuentra la estatua de la Virgen, y dejar\u00e1 una guirnalda de flores.<\/p>\n<p>     <a href=\"https:\/\/www.vaticannews.va\/es\/papa\/news\/2025-12\/angelus-leon-xiv-virgen-maria-inmaculada-concepcion-salvacion.html\" title=\"Le\u00f3n XIV: Mar\u00eda, primer destello de la salvaci\u00f3n, faro de esperanza y modelo de fe \" rel=\"nofollow noopener\" target=\"_blank\"><\/p>\n<p>        <img decoding=\"async\" src=\"data:image\/gif;base64,R0lGODlhAQABAIAAAAAAAP\/\/\/yH5BAEAAAAALAAAAAABAAEAAAIBRAA7\" data-original=\"https:\/\/www.vaticannews.va\/content\/dam\/vaticannews\/agenzie\/images\/afp\/2025\/12\/08\/12\/1765192321348.jpg\/_jcr_content\/renditions\/cq5dam.thumbnail.cropped.500.281.jpeg\" alt=\"Le\u00f3n XIV: Mar\u00eda, primer destello de la salvaci\u00f3n, faro de esperanza y modelo de fe \"\/><\/p>\n<p>      <\/a><\/p>\n<p>\n      El Papa, en su alocuci\u00f3n previa al rezo mariano del Angelus en la Plaza de San Pedro, record\u00f3 la figura de la Virgen Mar\u00eda, pura, como signo de esperanza, modelo de fe y &#8230;\n     <\/p>\n<p><b\/>Para ser testigos cre\u00edbles del Evangelio <\/p>\n<p>En sus saludos, su pensamiento se dirige tambi\u00e9n a los miembros de la Acci\u00f3n Cat\u00f3lica Italiana, que hoy celebran en las comunidades parroquiales el D\u00eda de la adhesi\u00f3n. Un evento que siempre cae el 8 de diciembre, una coincidencia que se convierte en un compromiso de vivir la propia fe en la vida cotidiana, en el trabajo, en los estudios, en la familia, en las relaciones.<\/p>\n<blockquote>\n<p>\u201cDeseo a todos una fruct\u00edfera actividad formativa y apost\u00f3lica, para ser testigos cre\u00edbles del Evangelio\u201d<\/p>\n<\/blockquote>\n<p>Por \u00faltimo, saluda al grupo de Rocca di Papa y bendice la antorcha con la que encender\u00e1n la Estrella de Navidad en la Fortaleza de la ciudad. Entre otros saludos, el dirigido a los j\u00f3venes de la Inmaculada, que respondieron ruidosamente al Papa con gritos y saltos de alegr\u00eda.<\/p>\n<p>\u00a0<\/p>\n<p>\u00a0<\/p>\n","protected":false},"excerpt":{"rendered":"Al t\u00e9rmino de la oraci\u00f3n mariana, el Papa recuerda el homenaje de esta tarde, 8 de diciembre, a&hellip;\n","protected":false},"author":2,"featured_media":278820,"comment_status":"","ping_status":"","sticky":false,"template":"","format":"standard","meta":{"footnotes":""},"categories":[5],"tags":[35347,17,18,25,24,13,14,11,19,20,67759,9,10,15,16,400,23,12,21,22,22259],"class_list":{"0":"post-278819","1":"post","2":"type-post","3":"status-publish","4":"format-standard","5":"has-post-thumbnail","7":"category-titulares","8":"tag-angelus","9":"tag-breaking-news","10":"tag-breakingnews","11":"tag-es","12":"tag-espana","13":"tag-featured-news","14":"tag-featurednews","15":"tag-headlines","16":"tag-latest-news","17":"tag-latestnews","18":"tag-movimientos-eclesiales","19":"tag-news","20":"tag-noticias","21":"tag-noticias-destacadas","22":"tag-noticiasdestacadas","23":"tag-papa-leon-xiv","24":"tag-spain","25":"tag-titulares","26":"tag-ultimas-noticias","27":"tag-ultimasnoticias","28":"tag-virgen-maria"},"share_on_mastodon":{"url":"https:\/\/pubeurope.com\/@es\/115687709900089993","error":""},"_links":{"self":[{"href":"https:\/\/www.europesays.com\/es\/wp-json\/wp\/v2\/posts\/278819","targetHints":{"allow":["GET"]}}],"collection":[{"href":"https:\/\/www.europesays.com\/es\/wp-json\/wp\/v2\/posts"}],"about":[{"href":"https:\/\/www.europesays.com\/es\/wp-json\/wp\/v2\/types\/post"}],"author":[{"embeddable":true,"href":"https:\/\/www.europesays.com\/es\/wp-json\/wp\/v2\/users\/2"}],"replies":[{"embeddable":true,"href":"https:\/\/www.europesays.com\/es\/wp-json\/wp\/v2\/comments?post=278819"}],"version-history":[{"count":0,"href":"https:\/\/www.europesays.com\/es\/wp-json\/wp\/v2\/posts\/278819\/revisions"}],"wp:featuredmedia":[{"embeddable":true,"href":"https:\/\/www.europesays.com\/es\/wp-json\/wp\/v2\/media\/278820"}],"wp:attachment":[{"href":"https:\/\/www.europesays.com\/es\/wp-json\/wp\/v2\/media?parent=278819"}],"wp:term":[{"taxonomy":"category","embeddable":true,"href":"https:\/\/www.europesays.com\/es\/wp-json\/wp\/v2\/categories?post=278819"},{"taxonomy":"post_tag","embeddable":true,"href":"https:\/\/www.europesays.com\/es\/wp-json\/wp\/v2\/tags?post=278819"}],"curies":[{"name":"wp","href":"https:\/\/api.w.org\/{rel}","templated":true}]}}