{"id":278833,"date":"2025-12-09T04:41:08","date_gmt":"2025-12-09T04:41:08","guid":{"rendered":"https:\/\/www.europesays.com\/es\/278833\/"},"modified":"2025-12-09T04:41:08","modified_gmt":"2025-12-09T04:41:08","slug":"las-personas-con-mas-musculo-tienen-un-cerebro-mas-sano-y-joven","status":"publish","type":"post","link":"https:\/\/www.europesays.com\/es\/278833\/","title":{"rendered":"las personas con m\u00e1s m\u00fasculo tienen un cerebro m\u00e1s sano y joven"},"content":{"rendered":"<p>Solemos pensar que la locuci\u00f3n mens sana in corpore sano fue concebida para alabar la relaci\u00f3n entre el cuerpo y la mente. Sim embargo, lo cierto es que <strong>su origen dista mucho de ser tan edificante<\/strong>. Esta locuci\u00f3n latina, formulada por el poeta Juvenal, surgi\u00f3 como parte de una s\u00e1tira en la antigua Roma. En lugar de celebrar el equilibrio f\u00edsico y mental, criticaba la obsesi\u00f3n por bienes superficiales y defend\u00eda que lo \u00fanico que se deb\u00eda pedir a los dioses era un cuerpo y una mente saludables. Parad\u00f3jicamente, <strong>lo que empez\u00f3 como una burla ha terminado inspirando siglos de pensamiento sobre el bienestar humano<\/strong>.<\/p>\n<p>Con el tiempo, hemos reformulado su sentido hasta <strong>convertirlo en un principio casi universal<\/strong>: cuidar el cuerpo es cuidar la mente, y viceversa. Hoy no se trata de una cuesti\u00f3n de creencia o filosof\u00eda, sino de una realidad apoyada por numerosos estudios cient\u00edficos. Lo que Juvenal satiriz\u00f3 como un ideal se ha convertido en una conclusi\u00f3n pr\u00e1ctica avalada por la neurociencia.<\/p>\n<p>En las \u00faltimas d\u00e9cadas, los avances en imagen m\u00e9dica, inteligencia artificial y biomarcadores han permitido conectar directamente la salud f\u00edsica con la salud cerebral. La masa muscular y la proporci\u00f3n de grasa visceral, dos indicadores corporales tradicionalmente asociados con el envejecimiento, est\u00e1n revelando una nueva dimensi\u00f3n: <strong>su impacto en la edad biol\u00f3gica del cerebro<\/strong>. Las personas con mayor masa muscular y menos grasa abdominal profunda presentan cerebros m\u00e1s j\u00f3venes y resistentes al deterioro cognitivo.<\/p>\n<p>Qu\u00e9 dice nuestro cuerpo de nuestra salud cerebral (y viceversa)<\/p>\n<p>Un equipo de investigadores de la Universidad de Washington, liderado por el doctor Cyrus Raji, ha presentado un <a href=\"https:\/\/www.rsna.org\/media\/press\/2025\/2614\" rel=\"nofollow noopener\" target=\"_blank\">estudio pionero en la reuni\u00f3n anual de la Sociedad Radiol\u00f3gica de Norteam\u00e9rica (RSNA)<\/a>, que <strong>confirma que la composici\u00f3n corporal influye directamente en la edad del cerebro<\/strong>. En concreto, se ha comprobado que una mayor masa muscular y una menor proporci\u00f3n de grasa visceral est\u00e1n asociadas a un menor envejecimiento cerebral. No obstante, <a href=\"https:\/\/pubmed.ncbi.nlm.nih.gov\/20695006\/\" rel=\"nofollow noopener\" target=\"_blank\">no es la primera vez que se llega a esta conclusi\u00f3n<\/a>, habiendo <a href=\"https:\/\/www.frontiersin.org\/journals\/aging-neuroscience\/articles\/10.3389\/fnagi.2021.694629\/full\" rel=\"nofollow noopener\" target=\"_blank\">estudios previos que advierten de esta correlaci\u00f3n<\/a>, especialmente en personas mayores.<\/p>\n<p>El estudio ha analizado a 1.164 personas sanas (el 52 % mujeres) con una edad media de 55 a\u00f1os, a quienes se les realizaron resonancias magn\u00e9ticas de todo el cuerpo y del cerebro. Gracias a una combinaci\u00f3n de im\u00e1genes con tecnolog\u00eda de IA, se midieron de <strong>forma precisa la grasa visceral, la grasa subcut\u00e1nea, el volumen muscular y la edad cerebral estimada<\/strong>. Esta \u00faltima se obtiene comparando la estructura cerebral con bases de datos de envejecimiento neurol\u00f3gico. Los resultados fueron contundentes: m\u00e1s m\u00fasculo y menos grasa abdominal equivalen a un cerebro m\u00e1s joven, del que hemos hablado a menudo en <a href=\"https:\/\/theobjective.com\/\" rel=\"nofollow noopener\" target=\"_blank\">THE OBJECTIVE<\/a>.<\/p>\n<p>El dato m\u00e1s relevante del estudio es que no toda la grasa corporal influye por igual. Mientras la grasa subcut\u00e1nea (la que est\u00e1 justo bajo la piel) no mostr\u00f3 relaci\u00f3n con el envejecimiento cerebral, la grasa visceral (la que rodea los \u00f3rganos internos) s\u00ed lo hizo. <strong>Las personas con un \u00edndice alto de grasa visceral respecto al m\u00fasculo presentaron una edad cerebral mayor<\/strong>, independientemente de su edad cronol\u00f3gica. Esto refuerza la idea de que no basta con estar delgado, sino que la clave est\u00e1 en mantener una composici\u00f3n corporal saludable, centrada en conservar m\u00fasculo y reducir la grasa visceral, no solo la subcut\u00e1nea, la cual se ha comprobado que no tiene ese poder de envejecer nuestro cerebro. <\/p>\n<p>C\u00f3mo un exceso de grasa visceral afecta a la salud neurol\u00f3gica<\/p>\n<p><img decoding=\"async\" src=\"https:\/\/www.europesays.com\/es\/wp-content\/uploads\/2025\/12\/estudio-afirma-actividades-fisicas-ayudan-cerebro-crear-nuevas-neuronas.jpg\" alt=\"masa-muscular-salud-cerebral-mujer-corriendo\"\/>El estudio avala el c\u00edrculo virtuoso que se fomenta entre deporte y salud cerebral. \u00a9Canva Pro.<\/p>\n<p>Durante a\u00f1os, los estereotipos culturales han <strong>alimentado una falsa dicotom\u00eda entre fuerza f\u00edsica e inteligencia<\/strong>. El t\u00edpico cachas de pel\u00edcula sol\u00eda carecer de agilidad mental, mientras que el sabio apenas pod\u00eda levantar una bolsa. Sin embargo, la ciencia contempor\u00e1nea desmonta este prejuicio. Mantener una buena masa muscular no solo es compatible con la agudeza mental, sino que puede favorecerla activamente. Un cerebro m\u00e1s joven no es un lujo: es una <strong>herramienta para vivir mejor y durante m\u00e1s tiempo<\/strong>. Adem\u00e1s, <a href=\"https:\/\/academic.oup.com\/braincomms\/article\/7\/6\/fcaf389\/8284626\" rel=\"nofollow noopener\" target=\"_blank\">la obesidad acelerar\u00eda el envejecimiento neurol\u00f3gico<\/a>.<\/p>\n<p>La clave est\u00e1 en la plasticidad neuronal, es decir, la capacidad del cerebro para adaptarse, aprender y renovarse con el tiempo. Esta plasticidad disminuye con la edad, pero puede preservarse si cuidamos la salud f\u00edsica. Un cerebro m\u00e1s joven implica un<strong> menor riesgo de enfermedades neurodegenerativas<\/strong> como el <a href=\"https:\/\/theobjective.com\/etiqueta\/alzheimer\/\" rel=\"nofollow noopener\" target=\"_blank\">alzh\u00e9imer<\/a>, una mejor capacidad de atenci\u00f3n, mayor velocidad de procesamiento mental y una memoria m\u00e1s s\u00f3lida. En esencia, significa mantener el control de nuestras funciones cognitivas durante m\u00e1s a\u00f1os. Pruebas hay de mucha solvencia en la literatura cient\u00edfica, donde se comprueba que <a href=\"https:\/\/www.thelancet.com\/journals\/lancet\/article\/PIIS0140-6736(25)00184-9\/abstract\" rel=\"nofollow noopener\" target=\"_blank\">menores \u00edndices de grasa visceral alrededor del h\u00edgado, por ejemplo, repercuten en una mayor salud neurol\u00f3gica<\/a>.<\/p>\n<p>Adem\u00e1s, la juventud cerebral se relaciona con una menor inflamaci\u00f3n general del organismo y una mejor regulaci\u00f3n metab\u00f3lica. Ambos factores son determinantes en la prevenci\u00f3n de enfermedades cr\u00f3nicas como la <a href=\"https:\/\/theobjective.com\/etiqueta\/diabetes\/\" rel=\"nofollow noopener\" target=\"_blank\">diabetes<\/a> tipo 2 o las enfermedades cardiovasculares. El m\u00fasculo, en este contexto, act\u00faa casi como un \u00f3rgano endocrino que segrega sustancias beneficiosas para todo el cuerpo, incluido el cerebro. Por eso, <a href=\"https:\/\/pmc.ncbi.nlm.nih.gov\/articles\/PMC11336364\/\" rel=\"nofollow noopener\" target=\"_blank\">mantenerlo activo mediante ejercicio f\u00edsico regular<\/a>, especialmente de fuerza, no solo es recomendable: es esencial.<\/p>\n","protected":false},"excerpt":{"rendered":"Solemos pensar que la locuci\u00f3n mens sana in corpore sano fue concebida para alabar la relaci\u00f3n entre el&hellip;\n","protected":false},"author":2,"featured_media":278834,"comment_status":"","ping_status":"","sticky":false,"template":"","format":"standard","meta":{"footnotes":""},"categories":[92],"tags":[52879,4251,2670,5111,8346,25,24,165,7550,41953,166,23],"class_list":{"0":"post-278833","1":"post","2":"type-post","3":"status-publish","4":"format-standard","5":"has-post-thumbnail","7":"category-salud","8":"tag-actividad-fu00edsica","9":"tag-bienestar","10":"tag-cerebro","11":"tag-deterioro-cognitivo","12":"tag-entrenamiento","13":"tag-es","14":"tag-espana","15":"tag-health","16":"tag-neurociencia","17":"tag-neurologu00eda","18":"tag-salud","19":"tag-spain"},"share_on_mastodon":{"url":"https:\/\/pubeurope.com\/@es\/115687777069689818","error":""},"_links":{"self":[{"href":"https:\/\/www.europesays.com\/es\/wp-json\/wp\/v2\/posts\/278833","targetHints":{"allow":["GET"]}}],"collection":[{"href":"https:\/\/www.europesays.com\/es\/wp-json\/wp\/v2\/posts"}],"about":[{"href":"https:\/\/www.europesays.com\/es\/wp-json\/wp\/v2\/types\/post"}],"author":[{"embeddable":true,"href":"https:\/\/www.europesays.com\/es\/wp-json\/wp\/v2\/users\/2"}],"replies":[{"embeddable":true,"href":"https:\/\/www.europesays.com\/es\/wp-json\/wp\/v2\/comments?post=278833"}],"version-history":[{"count":0,"href":"https:\/\/www.europesays.com\/es\/wp-json\/wp\/v2\/posts\/278833\/revisions"}],"wp:featuredmedia":[{"embeddable":true,"href":"https:\/\/www.europesays.com\/es\/wp-json\/wp\/v2\/media\/278834"}],"wp:attachment":[{"href":"https:\/\/www.europesays.com\/es\/wp-json\/wp\/v2\/media?parent=278833"}],"wp:term":[{"taxonomy":"category","embeddable":true,"href":"https:\/\/www.europesays.com\/es\/wp-json\/wp\/v2\/categories?post=278833"},{"taxonomy":"post_tag","embeddable":true,"href":"https:\/\/www.europesays.com\/es\/wp-json\/wp\/v2\/tags?post=278833"}],"curies":[{"name":"wp","href":"https:\/\/api.w.org\/{rel}","templated":true}]}}