{"id":278835,"date":"2025-12-09T04:42:13","date_gmt":"2025-12-09T04:42:13","guid":{"rendered":"https:\/\/www.europesays.com\/es\/278835\/"},"modified":"2025-12-09T04:42:13","modified_gmt":"2025-12-09T04:42:13","slug":"muere-el-fotografo-martin-parr-a-los-73-anos","status":"publish","type":"post","link":"https:\/\/www.europesays.com\/es\/278835\/","title":{"rendered":"Muere el fot\u00f3grafo Martin Parr a los 73 a\u00f1os"},"content":{"rendered":"<p class=\"article-text\">\n        El fot\u00f3grafo brit\u00e1nico Martin Parr ha muerto a los 73 a\u00f1os de edad. Famoso por sus ic\u00f3nicas y coloridas im\u00e1genes de escenas cotidianas, especialmente de Reino Unido, ha fallecido tras ser diagnosticado de c\u00e1ncer en 2021.\n    <\/p>\n<p class=\"article-text\">\n        \u201cLa Fundaci\u00f3n Martin Parr y Magnum Photos trabajar\u00e1n conjuntamente para preservar y compartir el legado de Martin\u201d, agregaron sus allegados en un mensaje colgado en Instagram.\n    <\/p>\n<p class=\"article-text\">\n        Nacido en Surrey en 1952, Parr decidi\u00f3 ser fot\u00f3grafo ya en la adolescencia inspirado por su abuelo, que era aficionado. Estudi\u00f3 fotograf\u00eda en la Escuela Polit\u00e9cnica de M\u00e1nchester de 1970 a 1973.\n    <\/p>\n<p class=\"article-text\">\n        Parr, miembro desde 1994 de Magnum, agencia que presidi\u00f3 entre 2014 y 2017, sol\u00eda repetir que hacia \u201cfotograf\u00edas serias disfrazadas de entretenimiento\u201d. Ha recibido varios galardones, entre ellos el premio Photo Espa\u00f1a en 2006.\n    <\/p>\n<p class=\"article-text\">\n        Sus instant\u00e1neas no siempre fueron recibidas con halagos, pues se le critic\u00f3 que retratara a las clases m\u00e1s desfavorecidas desde su posici\u00f3n de clase media, si bien tambi\u00e9n gir\u00f3 su objetivo hacia \u00e9sta y hacia los brit\u00e1nicos m\u00e1s pudientes.\n    <\/p>\n<p class=\"article-text\">\n        A este respecto, Parr sosten\u00eda que todos los fotoperiodistas eran \u201cde izquierdas\u201d porque, para desarrollar este trabajo, era imprescindible que \u201cte importe la gente\u201d.\n    <\/p>\n<p class=\"article-text\">\n        \u201cIntento se\u00f1alar cuando encuentro verdades universales. La verdad es subjetiva, pero es el mundo tal como lo encontr\u00e9\u201d, explic\u00f3 el artista en una entrevista con The Architectural Review en 2020.\n    <\/p>\n<p>            <img decoding=\"async\" class=\"lazy\" loading=\"lazy\" data-src=\"https:\/\/static.eldiario.es\/clip\/f330d565-7746-4f9a-bed2-5337505be05e_16-9-discover-aspect-ratio_default_0.jpg\" src=\"data:image\/svg+xml,%3Csvg xmlns=\" http:=\"\" viewbox=\"0 0 1200 675\" alt=\"El Centre del Carme presenta la exposici\u00f3n del ic\u00f3nico fot\u00f3grafo brit\u00e1nico Martin Parr &quot;Parrathon&quot;, con im\u00e1genes procedentes de la agencia Magnum Photos, a la que pertenece desde 1994.EFE\/ Juan Carlos Cardenas\"\/><\/p>\n<p class=\"article-text\">\n        Algunas de sus im\u00e1genes m\u00e1s ic\u00f3nicas se pueden visitar en museos como el Museo de Arte Moderno de Nueva York o la National Portrait Gallery de Londres, entre otros. Adem\u00e1s, en 2017 impuls\u00f3 la Martin Parr Foundation para impulsar el trabajo de artistas brit\u00e1nicos emergentes.\n    <\/p>\n<p class=\"article-text\">\n        Desde los a\u00f1os 80, su extenso trabajo, macado por la iron\u00eda, ha sido fundamental para el desarrollo de la fotograf\u00eda contempor\u00e1nea. Parr ha retratado escenas en diferentes pa\u00edses adem\u00e1s de Reino Unido, como Espa\u00f1a, donde hace unos a\u00f1os \u00e9l mismo explic\u00f3 que con sus im\u00e1genes busca \u201creacciones, no cambiar mentalidades ni actitudes\u201d, por eso utilizaba el humor.\n    <\/p>\n<p class=\"article-text\">\n        Adem\u00e1s de dirigir su c\u00e1mara con humor y fina iron\u00eda al sistema de clases ingl\u00e9s o de retratar simplemente la vida diaria de la isla, Parr tambi\u00e9n puso su ojo cl\u00ednico sobre Espa\u00f1a, donde pasaba largos periodo de tiempo.\n    <\/p>\n<p class=\"article-text\">\n        En 2023, present\u00f3 &#8216;M\u00e1lagaEXPRESS&#8217;, una muestra con 104 im\u00e1genes en la que exploraba los comportamientos del ocio, el turismo y la clase media malague\u00f1a, como antes hab\u00eda hecho con la inglesa.\n    <\/p>\n<p class=\"article-text\">\n        Su ic\u00f3nico libro &#8216;The Last Resort: Photographs of New Brighton&#8217; (1986), con instant\u00e1neas vacacionales de la clase trabajadora brit\u00e1nica, represent\u00f3 un cambio de estilo en la fotograf\u00eda documental, al adoptar tonos m\u00e1s coloridos, saturados y llamativos.\n    <\/p>\n<p class=\"article-text\">\n        Sus fotograf\u00edas relatan la parte m\u00e1s &#8216;kitsch&#8217; de la sociedad a veces desde la comedia, aunque tambi\u00e9n mostrando realidades no tan c\u00f3micas: el consumismo, el turismo de masas o la superficialidad son algunas de las pinceladas que se pueden apreciar en sus retratos.\n    <\/p>\n","protected":false},"excerpt":{"rendered":"El fot\u00f3grafo brit\u00e1nico Martin Parr ha muerto a los 73 a\u00f1os de edad. Famoso por sus ic\u00f3nicas y&hellip;\n","protected":false},"author":2,"featured_media":278836,"comment_status":"","ping_status":"","sticky":false,"template":"","format":"standard","meta":{"footnotes":""},"categories":[91],"tags":[17228,988,146,147,25,24,6638,1730,8938,67458,23],"class_list":{"0":"post-278835","1":"post","2":"type-post","3":"status-publish","4":"format-standard","5":"has-post-thumbnail","7":"category-entretenimiento","8":"tag-17228","9":"tag-anos","10":"tag-entertainment","11":"tag-entretenimiento","12":"tag-es","13":"tag-espana","14":"tag-fotografo","15":"tag-martin","16":"tag-muere","17":"tag-parr","18":"tag-spain"},"share_on_mastodon":{"url":"https:\/\/pubeurope.com\/@es\/115687780902032119","error":""},"_links":{"self":[{"href":"https:\/\/www.europesays.com\/es\/wp-json\/wp\/v2\/posts\/278835","targetHints":{"allow":["GET"]}}],"collection":[{"href":"https:\/\/www.europesays.com\/es\/wp-json\/wp\/v2\/posts"}],"about":[{"href":"https:\/\/www.europesays.com\/es\/wp-json\/wp\/v2\/types\/post"}],"author":[{"embeddable":true,"href":"https:\/\/www.europesays.com\/es\/wp-json\/wp\/v2\/users\/2"}],"replies":[{"embeddable":true,"href":"https:\/\/www.europesays.com\/es\/wp-json\/wp\/v2\/comments?post=278835"}],"version-history":[{"count":0,"href":"https:\/\/www.europesays.com\/es\/wp-json\/wp\/v2\/posts\/278835\/revisions"}],"wp:featuredmedia":[{"embeddable":true,"href":"https:\/\/www.europesays.com\/es\/wp-json\/wp\/v2\/media\/278836"}],"wp:attachment":[{"href":"https:\/\/www.europesays.com\/es\/wp-json\/wp\/v2\/media?parent=278835"}],"wp:term":[{"taxonomy":"category","embeddable":true,"href":"https:\/\/www.europesays.com\/es\/wp-json\/wp\/v2\/categories?post=278835"},{"taxonomy":"post_tag","embeddable":true,"href":"https:\/\/www.europesays.com\/es\/wp-json\/wp\/v2\/tags?post=278835"}],"curies":[{"name":"wp","href":"https:\/\/api.w.org\/{rel}","templated":true}]}}