{"id":278841,"date":"2025-12-09T04:45:11","date_gmt":"2025-12-09T04:45:11","guid":{"rendered":"https:\/\/www.europesays.com\/es\/278841\/"},"modified":"2025-12-09T04:45:11","modified_gmt":"2025-12-09T04:45:11","slug":"condenan-en-cuba-a-cadena-perpetua-a-exministro-de-economia","status":"publish","type":"post","link":"https:\/\/www.europesays.com\/es\/278841\/","title":{"rendered":"Condenan en Cuba a cadena perpetua a exministro de Econom\u00eda"},"content":{"rendered":"<p>    <img src=\"https:\/\/www.europesays.com\/es\/wp-content\/uploads\/2025\/12\/2025-12-09T013A263A10Z-90605860.jpg\" width=\"1024\" height=\"723\" alt=\"\" loading=\"eager\" decoding=\"sync\" fetchpriority=\"high\"\/><\/p>\n<p>            afp_tickers        <\/p>\n<p>        Este contenido fue publicado en    <\/p>\n<p>        09 diciembre 2025 &#8211; 02:26\n<\/p>\n<p>El exministro de Econom\u00eda de Cuba Alejandro Gil fue condenado en primera instancia a cadena perpetua por espionaje y otros delitos econ\u00f3micos, tras un juicio celebrado en La Habana en el m\u00e1s absoluto secreto.<\/p>\n<p>\u00abEl Tribunal le impuso\u00a0la sanci\u00f3n conjunta a cumplir de privaci\u00f3n perpetua de libertad\u00bb, al \u00abconsiderarlo responsable de los delitos de espionaje\u00bb y de \u00abactos en perjuicio de la actividad econ\u00f3mica\u00bb, se\u00f1al\u00f3 el m\u00e1ximo \u00f3rgano judicial de la isla en un comunicado publicado este lunes.<\/p>\n<p>Al igual que sucedi\u00f3 cuando Gil fue imputado a finales de octubre, la corte suprema no precis\u00f3 para qu\u00e9 pa\u00eds o entidad se llevaron a cabo los actos de espionaje.<\/p>\n<p>Durante el juicio, el exministro fue encontrado culpable de \u00abcohecho, sustracci\u00f3n y da\u00f1o de documentos u otros objetos en custodia oficial y violaci\u00f3n de los sellos oficiales e infracci\u00f3n de las normas de protecci\u00f3n de documentos clasificados\u00bb, agreg\u00f3 el Tribunal Supremo.<\/p>\n<p>\u00abIncumpli\u00f3 procesos de trabajo con la informaci\u00f3n oficial clasificada que manejaba, la sustrajo, la da\u00f1\u00f3 y finalmente la puso a disposici\u00f3n de los servicios del enemigo\u00bb, precis\u00f3.<\/p>\n<p>Gil, de 61 a\u00f1os y conocido por su cercan\u00eda al presidente Miguel D\u00edaz-Canel, tambi\u00e9n fue objeto de un segundo proceso por el que recibi\u00f3 una condena de 20 a\u00f1os de prisi\u00f3n, tras ser hallado culpable de cohecho, tr\u00e1fico de influencias y evasi\u00f3n fiscal.<\/p>\n<p>\u2013 \u00abActuar corrupto y simulador\u00bb \u2013<\/p>\n<p>\u00abMediante un actuar corrupto y simulador, se aprovech\u00f3 de las facultades otorgadas por las responsabilidades que asumi\u00f3 para obtener beneficios personales, recibiendo dinero de firmas extranjeras y sobornando a otros funcionarios p\u00fablicos para legalizar la adquisici\u00f3n de bienes\u00bb, detall\u00f3 la corte suprema.<\/p>\n<p>El exministtro tiene ahora 10 d\u00edas para recurrir ambas condenas. En el caso de la pena de cadena perpetua, la legislaci\u00f3n cubana establece un recurso autom\u00e1tico, lo que implicar\u00e1 obligatoriamente un segundo juicio.<\/p>\n<p>Gil ocup\u00f3 la cartera de Econom\u00eda y Planificaci\u00f3n desde 2018 hasta su repentina destituci\u00f3n en febrero de 2024. Desde entonces, no se le ha vuelto a ver en p\u00fablico.<\/p>\n<p>Su destituci\u00f3n ha suscitado interrogantes en un momento en que el pa\u00eds atraviesa su peor crisis econ\u00f3mica en treinta a\u00f1os y experimenta una apertura ca\u00f3tica al sector privado, con una fuerte inflaci\u00f3n, el empobrecimiento de gran parte de la poblaci\u00f3n y un aumento de las desigualdades.<\/p>\n<p>\u2013 Un juicio en la periferia \u2013<\/p>\n<p>Ambos procesos se celebraron el mes pasado en un tribunal de un barrio de la periferia de La Habana, a puertas cerradas y bajo el hermetismo de los medios oficiales.<\/p>\n<p>El juicio comenz\u00f3 el 11 de noviembre. El primer d\u00eda de la vista los alrededores fueron vigilados por patrullas de la polic\u00eda y numerosos agentes vestidos de paisano, seg\u00fan constat\u00f3 la AFP.\u00a0<\/p>\n<p>El 26 de noviembre, la AFP fue testigo de la llegada al tribunal de la esposa y la hija del exministro.\u00a0<\/p>\n<p>Al d\u00eda siguiente del anuncio de la imputaci\u00f3n de su padre, Laura Mar\u00eda Gil sali\u00f3 en su defensa, reclamando en Facebook \u00abun juicio p\u00fablico\u00bb y \u00abtransmitido en directo\u00bb por televisi\u00f3n\u00bb.<\/p>\n<p>Asimismo, pidi\u00f3 que la fiscal\u00eda proporcionara p\u00fablicamente \u00abpruebas\u00bb sobre las acusaciones de espionaje, dijo que su padre negaba todas las acusaciones.<\/p>\n<p>Gil, un ingeniero especializado en transporte, comenz\u00f3 su vida profesional en el puerto de La Habana. Trabaj\u00f3 en varias empresas p\u00fablicas cubanas en el pa\u00eds y en el extranjero.\u00a0Posteriormente, se incorpor\u00f3 al Ministerio de Finanzas y luego al de Econom\u00eda.\u00a0<\/p>\n<p>Su expulsi\u00f3n no es una novedad en el poder cubano, marcado por una sucesi\u00f3n de destituciones repentinas, a menudo rodeadas de misterio, en per\u00edodos de crisis o tensiones internas.\u00a0<\/p>\n<p>Entre las m\u00e1s notorias figura la de Roberto Robaina, miembro del Bur\u00f3 Pol\u00edtico del Partido Comunista y ministro de Relaciones Exteriores, cuya brillante carrera se vio truncada en 1999 por \u00abdeslealtad\u00bb hacia el entonces gobernante Fidel Castro.\u00a0<\/p>\n<p>Luego, en 2009, bajo la presidencia de Ra\u00fal Castro, se registraron la vertiginosas ca\u00eddas de Felipe P\u00e9rez Roque, jefe de la diplomacia, y de Carlos Lage, secretario del Consejo de Ministros, ambos destituidos por conducta \u00abindigna\u00bb.<\/p>\n<p>La destituci\u00f3n m\u00e1s sonada hasta la fecha sigue siendo el caso del general Arnaldo Ochoa, acusado junto con otros oficiales de tr\u00e1fico de drogas.\u00a0<\/p>\n<p>Tras un juicio calificado de estalinista por la disidencia, este excombatiente de la guerrilla castrista en la Sierra Maestra y h\u00e9roe de la intervenci\u00f3n militar en Angola fue fusilado en 1989.\u00a0<\/p>\n<p>jb-rd\/nn<\/p>\n","protected":false},"excerpt":{"rendered":"afp_tickers Este contenido fue publicado en 09 diciembre 2025 &#8211; 02:26 El exministro de Econom\u00eda de Cuba Alejandro&hellip;\n","protected":false},"author":2,"featured_media":278842,"comment_status":"","ping_status":"","sticky":false,"template":"","format":"standard","meta":{"footnotes":""},"categories":[42],"tags":[17,18,11890,11891,11892,67763,13,14,4437,11,61,62,63,64,11894,11895,19,20,7657,9,10,15,16,88,90,12,11896,21,22,65,66,67],"class_list":{"0":"post-278841","1":"post","2":"type-post","3":"status-publish","4":"format-standard","5":"has-post-thumbnail","7":"category-internacional","8":"tag-breaking-news","9":"tag-breakingnews","10":"tag-corporate-crime","11":"tag-corruption","12":"tag-crime","13":"tag-espionage-and-intelligence","14":"tag-featured-news","15":"tag-featurednews","16":"tag-government","17":"tag-headlines","18":"tag-internacional","19":"tag-international","20":"tag-international-news","21":"tag-internationalnews","22":"tag-judiciary-system-of-justice","23":"tag-justice-and-rights","24":"tag-latest-news","25":"tag-latestnews","26":"tag-law-and-order","27":"tag-news","28":"tag-noticias","29":"tag-noticias-destacadas","30":"tag-noticiasdestacadas","31":"tag-politics","32":"tag-ticker","33":"tag-titulares","34":"tag-trials","35":"tag-ultimas-noticias","36":"tag-ultimasnoticias","37":"tag-world","38":"tag-world-news","39":"tag-worldnews"},"share_on_mastodon":{"url":"","error":"Validation failed: Text character limit of 500 exceeded"},"_links":{"self":[{"href":"https:\/\/www.europesays.com\/es\/wp-json\/wp\/v2\/posts\/278841","targetHints":{"allow":["GET"]}}],"collection":[{"href":"https:\/\/www.europesays.com\/es\/wp-json\/wp\/v2\/posts"}],"about":[{"href":"https:\/\/www.europesays.com\/es\/wp-json\/wp\/v2\/types\/post"}],"author":[{"embeddable":true,"href":"https:\/\/www.europesays.com\/es\/wp-json\/wp\/v2\/users\/2"}],"replies":[{"embeddable":true,"href":"https:\/\/www.europesays.com\/es\/wp-json\/wp\/v2\/comments?post=278841"}],"version-history":[{"count":0,"href":"https:\/\/www.europesays.com\/es\/wp-json\/wp\/v2\/posts\/278841\/revisions"}],"wp:featuredmedia":[{"embeddable":true,"href":"https:\/\/www.europesays.com\/es\/wp-json\/wp\/v2\/media\/278842"}],"wp:attachment":[{"href":"https:\/\/www.europesays.com\/es\/wp-json\/wp\/v2\/media?parent=278841"}],"wp:term":[{"taxonomy":"category","embeddable":true,"href":"https:\/\/www.europesays.com\/es\/wp-json\/wp\/v2\/categories?post=278841"},{"taxonomy":"post_tag","embeddable":true,"href":"https:\/\/www.europesays.com\/es\/wp-json\/wp\/v2\/tags?post=278841"}],"curies":[{"name":"wp","href":"https:\/\/api.w.org\/{rel}","templated":true}]}}