{"id":278849,"date":"2025-12-09T04:56:11","date_gmt":"2025-12-09T04:56:11","guid":{"rendered":"https:\/\/www.europesays.com\/es\/278849\/"},"modified":"2025-12-09T04:56:11","modified_gmt":"2025-12-09T04:56:11","slug":"osasuna-coge-aire-y-el-levante-ya-es-colista","status":"publish","type":"post","link":"https:\/\/www.europesays.com\/es\/278849\/","title":{"rendered":"Osasuna coge aire y el Levante ya es colista"},"content":{"rendered":"<p class=\"\"><b>Osasuna y Levante se ve\u00edan las caras en El Sadar en un duelo de gran transcendencia para ambos equipos. <\/b>Unos y otros acumulaban seis jornadas sin conocer la victoria, habiendo sumado los navarros dos puntos de 18 posibles y los valencianos, uno. Estos \u00faltimos acabaron como colistas, les deja en ese s\u00f3tano el Oviedo, no reaccionan con el estreno de Del Moral en el banquillo en Liga. Tras Girona, Oviedo y Mallorca, cogen ese puesto que a nadie gusta. Es su tercer peor bagaje de la historia a estas alturas. Los rojillos pod\u00edan complicarse y mucho la vida en caso de no lograr una victoria. Se trataban de un partido de urgencias. Lisci al fin entr\u00f3 en raz\u00f3n y puso un 4-2-3-1 con los jugadores en sus posiciones ideales. Cada uno en su sitio, sin experimentos.<\/p>\n<p class=\"\">Sabiendo lo mucho que hab\u00eda en juego, los navarros salieron al terreno de juego tratando de aproximarse desde el primer minuto a la porter\u00eda rival. Salieron con el cuchillo entre los dientes y tuvieron ocasiones para marcar en los primeros minutos. <b>El buen trabajo ante un Levante que mostraba pocos recursos, se vio recompensado en el minuto 13, cuando, tras un saque de banda, Rub\u00e9n Garc\u00eda pon\u00eda un muy buen centro y V\u00edctor Mu\u00f1oz anotaba tras un cabezazo perfecto. <\/b>Tras m\u00e1s de dos meses sin saborear el \u00e9xito en Liga, se sac\u00f3 la espina.<b> <\/b>Aunque les costaba, los de Del Moral, trataban de reaccionar. Los granotas poco a poco iban encontr\u00e1ndose m\u00e1s c\u00f3modos y las fuerzas entre ambos equipos parec\u00edan m\u00e1s igualadas. <\/p>\n<p class=\"\"><b>Los visitantes se aproximaban m\u00e1s a la porter\u00eda defendida por Herrera, <\/b>quien se ve\u00eda obligado a sacar una mano para evitar que Romero marcara. El Levante trataba de aprovechar que Osasuna se hab\u00eda metido atr\u00e1s. Pero los locales reaccionaron y en el minuto 36, Rub\u00e9n Garc\u00eda dispar\u00f3 con su pierna izquierda desde la zona del \u00e1rea, el bal\u00f3n peg\u00f3 en un visitante y lleg\u00f3 el segundo. El descanso lleg\u00f3 con el dos a cero en favor de los rojillos, que ten\u00edan el partido bien encarrilado aunque todav\u00eda quedaba mucho por delante.<\/p>\n<p>Noticias relacionadas<a href=\"https:\/\/as.com\/futbol\/primera\/pasado-presente-y-futuro-de-lisci-f202512-n\/\" class=\"s_m_w\" title=\"El preparador romano se juega parte de su porvenir ante un ex como el Levante. Estreno en Liga de Del Moral e Iborra.\" data-tb-link=\"\" rel=\"nofollow noopener\" target=\"_blank\"><img decoding=\"async\" src=\"https:\/\/www.europesays.com\/es\/wp-content\/uploads\/2025\/12\/CKCVB5TCBVPS3IDNFU5ES7BUVQ.jpg\" alt=\"Pasado, presente y futuro de Lisci\" class=\"\" height=\"9\" width=\"16\"   loading=\"lazy\" data-tb-thumbnail=\"\"\/><\/a><a href=\"https:\/\/as.com\/futbol\/diciembre-un-mes-fundamental-para-osasuna-f202512-n\/\" class=\"s_m_w\" title=\"Los de Lisci, que atraviesan una situaci\u00f3n complicada, recibir\u00e1n a Levante y Alav\u00e9s y jugar\u00e1n en el Camp Nou.\" data-tb-link=\"\" rel=\"nofollow noopener\" target=\"_blank\"><img decoding=\"async\" src=\"https:\/\/www.europesays.com\/es\/wp-content\/uploads\/2025\/12\/EYLDARNDRBJHRLCOQARIYNRXHU.jpg\" alt=\"Diciembre, un mes fundamental para Osasuna\" class=\"\" height=\"9\" width=\"16\"   loading=\"lazy\" data-tb-thumbnail=\"\"\/><\/a><\/p>\n<p class=\"\"><b>En la segunda mitad era Osasuna el que segu\u00eda generando m\u00e1s peligro y V\u00edctor Mu\u00f1oz pon\u00eda a prueba a Ryan en dos ocasiones consecutivas.<\/b> El Levante buscaba acortar distancias pero sin \u00e9xito. Tras una buena jugada y a pase de Aimar, Budimir estuvo muy cerca de marcar el tercero. Seg\u00fan iban pasando los minutos, el ritmo del partido tambi\u00e9n bajo. Los locales parec\u00edan tom\u00e1rselo con calma. El Levante acusaba los nervios al ver que el tiempo corr\u00eda y las cosas no les acababan de salir, aunque no bajaban los brazos. Sin embargo, la ventaja de los rojillos era suficiente.<b> Al final, los puntos se quedaron en Pamplona.<\/b> Los rojillos cogen aire con esta victoria, desde el 3 de octubre no lograban sumar de tres. La mala noticia fue las lesiones de Torr\u00f3 y Oroz. Mientras, el conjunto de Orriols prolonga su mala racha.<\/p>\n<p class=\"\"><b>\u00a1Tus opiniones importan!<\/b> Comenta en los art\u00edculos y suscr\u00edbete gratis a nuestra <a href=\"https:\/\/asfan.as.com\/newsletters\/\" target=\"_blank\" rel=\"nofollow noopener\" title=\"https:\/\/asfan.as.com\/newsletters\/\">newsletter<\/a> y a las alertas informativas en la <a href=\"https:\/\/as.com\/aplicacion-de-as-n\/\" target=\"_blank\" rel=\"nofollow noopener\" title=\"https:\/\/as.com\/aplicacion-de-as-n\/\">App<\/a> o el canal de <a href=\"https:\/\/www.whatsapp.com\/channel\/0029VaAasdA7j6g745nz9M10\" target=\"_blank\" rel=\"nofollow noopener\" title=\"https:\/\/www.whatsapp.com\/channel\/0029VaAasdA7j6g745nz9M10\">WhatsApp<\/a>. \u00bfBuscas licenciar contenido? Haz clic <a href=\"https:\/\/profesional.elpais.com\/soluciones-sindicacion?utm_medium=interno&amp;utm_source=crosslinking&amp;utm_campaign=sindicacion_as_pie_articulos\" target=\"_blank\" rel=\"nofollow noopener\" title=\"https:\/\/profesional.elpais.com\/soluciones-sindicacion?utm_medium=interno&amp;utm_source=crosslinking&amp;utm_campaign=sindicacion_as_pie_articulos\">aqu\u00ed<\/a><\/p>\n<p class=\"stat-tl ev-fw-tl\"><strong>Cambios<\/strong><\/p>\n<p class=\"ev-text-aux\">\n                            <strong>Iker Mu\u00f1oz<\/strong> (50&#8242;, Lucas Torr\u00f3),                             <strong>Iker Losada<\/strong> (61&#8242;, Roger Brugu\u00e9),                             <strong>Juan Cruz<\/strong> (68&#8242;, I\u00f1igo Arguibide),                             <strong>Moi G\u00f3mez<\/strong> (68&#8242;, Rub\u00e9n Garc\u00eda),                             <strong>Sheraldo Becker<\/strong> (73&#8242;, Aimar Oroz),                             <strong>Jorge Herrando<\/strong> (73&#8242;, V\u00edctor Mu\u00f1oz),                             <strong>V\u00edctor Garc\u00eda<\/strong> (76&#8242;, Karl Eyong),                             <strong>Jon Olasagasti<\/strong> (76&#8242;, Jorge Cabello),                             <strong>Jos\u00e9 Luis Morales<\/strong> (76&#8242;, Unai Vencedor),                             <strong>Goduine Koyalipou<\/strong> (81&#8242;, Iv\u00e1n Romero)                        <\/p>\n<p class=\"stat-tl ev-fw-tl\"><strong>Goles<\/strong><\/p>\n<p class=\"ev-text-aux\">\n                                                                                                        1-0, 12&#8242;: <strong>V\u00edctor Mu\u00f1oz<\/strong>,                                                                                 2-0, 35&#8242;: <strong>Rub\u00e9n Garc\u00eda<\/strong>                        <\/p>\n<p class=\"stat-tl ev-fw-tl\"><strong>Tarjetas<\/strong><\/p>\n<p class=\"ev-text-aux\">\n                Arbitro: Jos\u00e9 Luis Guzm\u00e1n Mansilla<br \/>Arbitro VAR: Jorge Figueroa V\u00e1zquez, Daniel Jes\u00fas Trujillo Su\u00e1rez<br \/><strong>Lucas Torr\u00f3<\/strong> (14&#8242;,Amarilla),                                     <strong>Kervin Arriaga<\/strong> (21&#8242;,Amarilla),                                     <strong>Rub\u00e9n Garc\u00eda<\/strong> (56&#8242;,Amarilla),                                     <strong>Jorge Cabello<\/strong> (57&#8242;,Amarilla)                            <\/p>\n","protected":false},"excerpt":{"rendered":"Osasuna y Levante se ve\u00edan las caras en El Sadar en un duelo de gran transcendencia para ambos&hellip;\n","protected":false},"author":2,"featured_media":278850,"comment_status":"","ping_status":"","sticky":false,"template":"","format":"standard","meta":{"footnotes":""},"categories":[268],"tags":[168,25,24,280,282,281,23,167],"class_list":{"0":"post-278849","1":"post","2":"type-post","3":"status-publish","4":"format-standard","5":"has-post-thumbnail","7":"category-futbol","8":"tag-deportes","9":"tag-es","10":"tag-espana","11":"tag-football","12":"tag-futbol","13":"tag-soccer","14":"tag-spain","15":"tag-sports"},"share_on_mastodon":{"url":"https:\/\/pubeurope.com\/@es\/115687836258600710","error":""},"_links":{"self":[{"href":"https:\/\/www.europesays.com\/es\/wp-json\/wp\/v2\/posts\/278849","targetHints":{"allow":["GET"]}}],"collection":[{"href":"https:\/\/www.europesays.com\/es\/wp-json\/wp\/v2\/posts"}],"about":[{"href":"https:\/\/www.europesays.com\/es\/wp-json\/wp\/v2\/types\/post"}],"author":[{"embeddable":true,"href":"https:\/\/www.europesays.com\/es\/wp-json\/wp\/v2\/users\/2"}],"replies":[{"embeddable":true,"href":"https:\/\/www.europesays.com\/es\/wp-json\/wp\/v2\/comments?post=278849"}],"version-history":[{"count":0,"href":"https:\/\/www.europesays.com\/es\/wp-json\/wp\/v2\/posts\/278849\/revisions"}],"wp:featuredmedia":[{"embeddable":true,"href":"https:\/\/www.europesays.com\/es\/wp-json\/wp\/v2\/media\/278850"}],"wp:attachment":[{"href":"https:\/\/www.europesays.com\/es\/wp-json\/wp\/v2\/media?parent=278849"}],"wp:term":[{"taxonomy":"category","embeddable":true,"href":"https:\/\/www.europesays.com\/es\/wp-json\/wp\/v2\/categories?post=278849"},{"taxonomy":"post_tag","embeddable":true,"href":"https:\/\/www.europesays.com\/es\/wp-json\/wp\/v2\/tags?post=278849"}],"curies":[{"name":"wp","href":"https:\/\/api.w.org\/{rel}","templated":true}]}}