{"id":278853,"date":"2025-12-09T05:00:11","date_gmt":"2025-12-09T05:00:11","guid":{"rendered":"https:\/\/www.europesays.com\/es\/278853\/"},"modified":"2025-12-09T05:00:11","modified_gmt":"2025-12-09T05:00:11","slug":"de-levantar-las-audiencias-a-la-division-interna-entre-los-trabajadores","status":"publish","type":"post","link":"https:\/\/www.europesays.com\/es\/278853\/","title":{"rendered":"de levantar las audiencias a la divisi\u00f3n interna entre los trabajadores"},"content":{"rendered":"<p style=\"\">Tras un a\u00f1o con Jos\u00e9 Pablo L\u00f3pez al frente de RTVE, La 1 ha recuperado cifras de cuota de pantalla que no se ve\u00edan desde 2011. En apenas un a\u00f1o, Jos\u00e9 Pablo L\u00f3pez ha transformado la Corporaci\u00f3n hasta convertirla en una cadena competitiva que se  &#8230; acerca a las privadas y que ha conseguido ser el tema de conversaci\u00f3n de muchos: <strong>RTVE se ha instalado en el debate p\u00fablico, <\/strong>en las terrazas de los bares, en el Congreso, en la conversaci\u00f3n diaria y en la inundaci\u00f3n de X con la cara de su presidente,<strong> elogios, cr\u00edticas y memes constantes<\/strong>. El ruido medi\u00e1tico ha sido tal que incluso Eurovisi\u00f3n y la participaci\u00f3n (ahora ya no) de Espa\u00f1a en el festival si participaba Israel se convirti\u00f3 en un asunto de Estado. Jos\u00e9 Pablo L\u00f3pez ha sido capaz en poco m\u00e1s de un a\u00f1o de <a href=\"https:\/\/www.abc.es\/play\/television\/noticias\/rtve-mantiene-posicion-participar-eurovision-israel-incumplido-20251127171929-nt.html\" target=\"_self\" data-voc-vtm-id=\"in-text-traffic\" title=\"ocupar la agenda pol\u00edtica con asuntos como Eurovisi\u00f3n, tal y como ha ocurrido recientemente.\" rel=\"nofollow noopener\">ocupar la agenda pol\u00edtica con asuntos como Eurovisi\u00f3n, tal y como ha ocurrido recientemente.<\/a> Lo que hace un a\u00f1o parec\u00eda irrelevante para la mayor\u00eda hoy es motivo de controversia, an\u00e1lisis y discusiones. RTVE est\u00e1, de nuevo, en el centro.<\/p>\n<p class=\"voc-p\" style=\"\">Jos\u00e9 Pablo L\u00f3pez aterriz\u00f3 en RTVE con un poder que ning\u00fan presidente anterior hab\u00eda tenido antes en los \u00faltimos a\u00f1os. Lleg\u00f3 con el \u00abdecretazo\u00bb del Gobierno que aprob\u00f3 con premura al d\u00eda siguiente de la Dana, y cambi\u00f3 por completo el sistema de mayor\u00edas del Consejo de Administraci\u00f3n, redujo las capacidades del \u00f3rgano y blind\u00f3 el poder de la presidencia,<strong>\u00a0<\/strong>que ahora puede contratar cualquier contenido audiovisual<strong> sin apenas impedimentos.<\/strong><\/p>\n<p class=\"voc-p\" style=\"\"> Este movimiento lleg\u00f3 despu\u00e9s de <strong>meses de ceses encadenados<\/strong>: primero, el suyo propio como director de Contenidos tras la batalla del fichaje de David Broncano; despu\u00e9s, el de la expresidenta interina Elena S\u00e1nchez, que hab\u00eda ordenado echarlo, y que fue destituida horas m\u00e1s tarde. Desde ese momento, el Consejo se convirti\u00f3 en un \u00f3rgano pr\u00e1cticamente representativo y de consulta. El peso recay\u00f3 entonces sobre L\u00f3pez, <a href=\"https:\/\/www.abc.es\/play\/television\/noticias\/jose-pablo-lopez-gran-valedor-traer-broncano-20241128104206-nt.html\" target=\"_self\" data-voc-vtm-id=\"in-text-traffic\" title=\"periodista y ejecutivo curtido que alz\u00f3 Trece y estuvo al frente de Telemadrid, que asum\u00eda un reto doble\" data-mrf-link=\"www.abc.es\" rel=\"nofollow noopener\">periodista y ejecutivo curtido que alz\u00f3 Trece y estuvo al frente de Telemadrid, que asum\u00eda un reto doble<\/a>: levantar la Corporaci\u00f3n y demostrar que su nombramiento, avalado por una mayor\u00eda parlamentaria sostenida por el PSOE y sus socios.<\/p>\n<p>\nBroncano y una nueva forma de hacer\n<\/p>\n<p class=\"voc-p\" style=\"\">Su llegada marc\u00f3 una nueva forma de decir y hacer televisi\u00f3n. El punto de inflexi\u00f3n fue el fichaje de David Broncano para presentar &#8216;La Revuelta&#8217;, un movimiento que vol\u00f3 por los aires al anterior equipo directivo y desat\u00f3 una guerra en Prado de Rey. <strong>La operaci\u00f3n Broncano<\/strong> tambi\u00e9n sirvi\u00f3 para competir contra el entonces imbatible<strong> Pablo Motos <\/strong>en Antena 3.<\/p>\n<p class=\"voc-p\" style=\"\">La nueva RTVE que so\u00f1aba Jos\u00e9 Pablo L\u00f3pez tampoco se puede entender sin los movimientos en la direcci\u00f3n. L\u00f3pez incorpor\u00f3 a Sergio Calder\u00f3n, <a href=\"https:\/\/www.abc.es\/play\/television\/noticias\/jose-pablo-lopez-elige-sergio-calderon-creadores-20241205095953-nt.html\" target=\"_self\" data-voc-vtm-id=\"in-text-traffic\" title=\"vinculado durante a\u00f1os al universo &#039;S\u00e1lvame&#039; y con un largo recorrido en Mediaset\" data-mrf-link=\"www.abc.es\" rel=\"nofollow noopener\">vinculado durante a\u00f1os al universo &#8216;S\u00e1lvame&#8217; y con un largo recorrido en Mediaset<\/a>, como director de TVE. Con \u00e9l desembarc\u00f3 La Osa Producciones, responsable de haber llevado a Bel\u00e9n Esteban o Mar\u00eda Pati\u00f1o a las tardes de Telecinco. Su entrada fue ya de por s\u00ed un<strong> terremoto interno<\/strong>: una sacudida para los sectores que defend\u00edan un modelo de servicio p\u00fablico y un aviso de que ese tipo de entretenimiento ocupar\u00eda un lugar central en la estrategia de la cadena.<\/p>\n<p class=\"voc-p\" style=\"\">Este fichaje, de nuevo, fue una especie de profec\u00eda de lo que se iba a desarrollar en TVE. Las idas y venidas del universo de &#8216;S\u00e1lvame&#8217; en la televisi\u00f3n p\u00fablica ya anticiparon las nuevas tardes que llegar\u00edan despu\u00e9s con &#8216;La familia de la tele&#8217;, <strong>con Bel\u00e9n Esteban, Mar\u00eda Pati\u00f1o, Aitor Albizua e In\u00e9s Hernand al frente.<\/strong> Pese al enorme despliegue, carrozas, un desfile que paraliz\u00f3 Prado del Rey y un<strong> presupuesto millonario<\/strong>, el formato se hundi\u00f3 en cuesti\u00f3n de semanas.<\/p>\n<p class=\"voc-p\" style=\"\">Sin embargo, la tarde nunca ha dejado de ser una oportunidad de experimentaci\u00f3n para L\u00f3pez, ya que poco a poco esa franja ha comenzado a mutar hacia un espacio pol\u00edtico y de actualidad, de tono firme y con rostros reconocibles como<strong> Jes\u00fas Cintora, Gonzalo Mir\u00f3 o Marta Flich<\/strong>. <a href=\"https:\/\/www.abc.es\/play\/television\/noticias\/consejo-informativos-tve-muestra-preocupacion-productoras-externas-20250731161549-nt.html\" target=\"_self\" data-voc-vtm-id=\"in-text-traffic\" title=\"Los cambios no han sido dr\u00e1sticos ni al principio evidentes, sino un goteo continuo\" data-mrf-link=\"www.abc.es\" rel=\"nofollow noopener\">Los cambios no han sido dr\u00e1sticos ni al principio evidentes, sino un goteo continuo<\/a>: las idas y venidas de Cintora, de La 2 a La 1 con &#8216;Malas lenguas&#8217;, la progresiva colonizaci\u00f3n pol\u00edtica del tramo vespertino a trav\u00e9s de rostros como <strong>Bob Pop<\/strong>, durante mayo y junio y presentando en septiembre una nueva parrilla vespertina con &#8216;Directo al grano&#8217;, el nuevo programa de Flich y Mir\u00f3, y &#8216;Malas lenguas&#8217;. <\/p>\n<p class=\"voc-p\" style=\"\">Aunque &#8216;La familia de la tele&#8217; desapareci\u00f3 como formato, su esencia nunca se fue: \u00d3scar Cornejo y Adri\u00e1n Madrid, los padres de &#8216;S\u00e1lvame&#8217; y &#8216;La familia de la tele&#8217;, permanecen ahora en la sombra de programas como &#8216;Malas lenguas&#8217; o &#8216;Directo al grano&#8217; como productores.<strong> La &#8216;bulla&#8217; y el &#8216;grito&#8217; <\/strong>han entrado de lleno ahora tambi\u00e9n en el debate pol\u00edtico,<strong>\u00a0<\/strong>donde<strong> tertulianos activistas y vociferantes <\/strong>se convierten en protagonistas. A trav\u00e9s de rostros como Sarah Santaolalla, c\u00e9lebre por <strong>llamar \u00abidiotas\u00bb a votantes del PP<\/strong>, se han ido consolidando en formatos de actualidad, a pesar de que sus intervenciones detonaron innumerables pol\u00e9micas. En esa franja sucedieron cosas impensables, como que el Consejo de Administraci\u00f3n emitiera un <a href=\"https:\/\/www.abc.es\/play\/television\/noticias\/solemne-comunicado-rtve-defender-laura-arroyo-sarah-20250918174657-nt.html\" target=\"_self\" data-voc-vtm-id=\"in-text-traffic\" title=\"solemne comunicado para defender a Santaolalla frente a ataques externos:\" data-mrf-link=\"www.abc.es\" rel=\"nofollow noopener\">solemne comunicado para defender a Santaolalla frente a ataques externos:<\/a> \u00abNi nos vamos a acostumbrar ni lo vamos a consentir\u00bb.<\/p>\n<p class=\"voc-title\">La &#8216;bulla&#8217; y el &#8216;grito&#8217; han entrado de lleno ahora tambi\u00e9n en el debate pol\u00edtico, donde tertulianos activistas y vociferantes se convierten en protagonistas<\/p>\n<p class=\"voc-p\" style=\"\">M\u00e1s all\u00e1 de una mirada hacia la pol\u00edtica como espect\u00e1culo, la crispaci\u00f3n tambi\u00e9n se ha ido colando en pantalla como una mec\u00e1nica m\u00e1s. Fuentes relacionadas con el <strong>an\u00e1lisis de audiencias<\/strong> consultadas por ABC reconocen que RTVE trataba de conquistar <a href=\"https:\/\/www.abc.es\/play\/television\/noticias\/rtve-consagra-espectaculo-hablar-politica-20250921034323-nt.html\" target=\"_self\" data-voc-vtm-id=\"in-text-traffic\" title=\"un espacio medi\u00e1tico asociado al sanchismo que hab\u00eda quedado hu\u00e9rfano\" data-mrf-link=\"www.abc.es\" rel=\"nofollow noopener\">un espacio medi\u00e1tico asociado al sanchismo que hab\u00eda quedado hu\u00e9rfano<\/a> en los \u00faltimos a\u00f1os, un territorio donde el debate combativo, la tertulia identitaria y el <strong>discurso marcadamente ideol\u00f3gico<\/strong> ten\u00edan una demanda latente. Ya ocurri\u00f3 anteriormente, que con los gobiernos del PP, LaSexta creci\u00f3 gracias a formatos como &#8216;Al rojo vivo&#8217; que empleaba recursos similares a los que usa ahora RTVE, jugando con la m\u00fasica, la tensi\u00f3n y las c\u00e1maras. La estrategia de RTVE, lejos de fracasar, ha permitido que rostros como <strong>Silvia Intxaurrondo o Jes\u00fas Cintora<\/strong> se consoliden como figuras centrales del relato pol\u00edtico de la casa y se convirtieran en motores de esta nueva manera de entender la actualidad: una televisi\u00f3n donde la tensi\u00f3n sirve como combustible y donde el tono firme, casi militante, genera fidelidad. <\/p>\n<p>\nViernes negros\n<\/p>\n<p class=\"voc-p\" style=\"\">En paralelo, la Corporaci\u00f3n acumula <strong>frentes abiertos<\/strong>. RNE vive un momento especialmente delicado: entre los trabajadores hay <strong>\u00abuna sensaci\u00f3n de abandono\u00bb<\/strong>, lo que reactiv\u00f3<strong> los viernes negros<\/strong>, unas medidas de protesta que comenz\u00f3 hace a\u00f1os en la Corporaci\u00f3n para denunciar las condiciones o situaciones particulares en la televisi\u00f3n p\u00fablica. Las quejas se han multiplicado tras el fichaje de perfiles veteranos para las franjas principales,<strong> Juan Ram\u00f3n Lucas, David Cantero, Isabel Gemio<\/strong>, y por la decisi\u00f3n de mover el hist\u00f3rico informativo cultural &#8216;El ojo cr\u00edtico&#8217; a Radio 5. El malestar se resume en una frase del sindicato: <a href=\"https:\/\/www.abc.es\/play\/trabajadores-rne-denuncian-cambios-roza-esperpento-20250728180829-nt.html\" target=\"_self\" data-voc-vtm-id=\"in-text-traffic\" title=\"la situaci\u00f3n \u00abroza el esperpento\u00bb\" data-mrf-link=\"www.abc.es\" rel=\"nofollow noopener\">la situaci\u00f3n \u00abroza el esperpento\u00bb<\/a>.<\/p>\n<p class=\"voc-p\" style=\"\">Otro conflicto creciente es el del Consejo de Informativos, enfrentado a la <strong>\u00abexternalizaci\u00f3n\u00bb masiva<\/strong>. Denuncian que programas como &#8216;Malas lenguas&#8217;, &#8216;Directo al grano&#8217; o incluso &#8216;Ma\u00f1aneros&#8217;, presentado por <strong>Javier Ruiz y Adela Gonz\u00e1lez<\/strong>, asuman funciones informativas que por ley corresponden a los Servicios Informativos de RTVE. Han se\u00f1alado \u00ab<strong>sobrecostes<\/strong>, falta de separaci\u00f3n entre opini\u00f3n e informaci\u00f3n y una <strong>p\u00e9rdida grave de independencia<\/strong>\u00bb.<\/p>\n<p class=\"voc-p\" style=\"\">A ello se suma el caso de Silvia Intxaurrondo, que <strong>ha demandado a RTVE<\/strong> tras pasar de ser externa \u2014cobrando <strong>269.000 euros anuales<\/strong> a trav\u00e9s de su empresa\u2014 a personal no fijo con salario de convenio, despu\u00e9s de que Inspecci\u00f3n detectara una <strong>relaci\u00f3n laboral encubierta<\/strong>. Los sindicatos ven en su reclamaci\u00f3n un <strong>\u00abprivilegio injustificable\u00bb<\/strong>: <a href=\"https:\/\/www.abc.es\/play\/television\/noticias\/trabajadores-rtve-revelan-demanda-silvia-intxaurrondo-caben-20251204122908-nt.html\" target=\"_self\" data-voc-vtm-id=\"in-text-traffic\" title=\"\u00abRTVE no puede vulnerar su marco jur\u00eddico ni abrir la puerta a excepciones\u00bb\" data-mrf-link=\"www.abc.es\" rel=\"nofollow noopener\">\u00abRTVE no puede vulnerar su marco jur\u00eddico ni abrir la puerta a excepciones\u00bb<\/a>, advirti\u00f3 USO recientemente.<\/p>\n<p class=\"voc-title\">RTVE trataba de conquistar un espacio medi\u00e1tico asociado al sanchismo que hab\u00eda quedado hu\u00e9rfano en los \u00faltimos a\u00f1os, un territorio donde el debate combativo y el discurso marcadamente ideol\u00f3gico ten\u00edan una demanda latente<\/p>\n<p class=\"voc-p\" style=\"\">El ambiente interno tambi\u00e9n est\u00e1 marcado por los rumores de recortes de pluses, cambios forzosos de destino y lo que los trabajadores llaman<strong> &#8216;el Valle de los ca\u00eddos&#8217;<\/strong>: la tercera planta de Torrespa\u00f1a donde, aseguran, acaban quienes \u00abno comulgan\u00bb con la l\u00ednea editorial. <a href=\"https:\/\/www.abc.es\/play\/television\/noticias\/sindicatos-rtve-denuncian-mezcla-informacion-opinion-jesus-20251009134832-nt.html\" target=\"_self\" data-voc-vtm-id=\"in-text-traffic\" title=\"La p\u00e9rdida de credibilidad preocupa tanto como la creciente externalizaci\u00f3n\" data-mrf-link=\"www.abc.es\" rel=\"nofollow noopener\">La p\u00e9rdida de credibilidad preocupa tanto como la creciente externalizaci\u00f3n<\/a>. Algunos redactores tambi\u00e9n denunciaban a ABC sentirse <strong>arrinconados<\/strong> mientras programas externos cubren asuntos pol\u00edticos sensibles con un sesgo que, consideran, da\u00f1a la imagen del servicio p\u00fablico.<\/p>\n<p class=\"voc-p\" style=\"\">A lo largo de este primer a\u00f1o, L\u00f3pez ha logrado posicionar la televisi\u00f3n p\u00fablica a pocas d\u00e9cimas de Antena 3, mientras que ha tenido que enfrentarse a la transformaci\u00f3n de una nueva RTVE, cargada de<strong> un entretenimiento que en ocasiones se acerca al activismo<\/strong>, quejas de los trabajadores a trav\u00e9s de sindicatos y la crisis con el Consejo de Informativos de TVE. Y ahora, enfrentarse al conflicto abierto contra la UER tras la continuidad de Israel en Eurovisi\u00f3n.<\/p>\n","protected":false},"excerpt":{"rendered":"Tras un a\u00f1o con Jos\u00e9 Pablo L\u00f3pez al frente de RTVE, La 1 ha recuperado cifras de cuota&hellip;\n","protected":false},"author":2,"featured_media":278854,"comment_status":"","ping_status":"","sticky":false,"template":"","format":"standard","meta":{"footnotes":""},"categories":[171],"tags":[1611,2509,3496,146,147,25,24,3419,27008,2467,33610,7355,618,518,23,4479,214],"class_list":{"0":"post-278853","1":"post","2":"type-post","3":"status-publish","4":"format-standard","5":"has-post-thumbnail","7":"category-tv","8":"tag-ano","9":"tag-audiencias","10":"tag-division","11":"tag-entertainment","12":"tag-entretenimiento","13":"tag-es","14":"tag-espana","15":"tag-frente","16":"tag-interna","17":"tag-jose","18":"tag-levantar","19":"tag-lopez","20":"tag-pablo","21":"tag-rtve","22":"tag-spain","23":"tag-trabajadores","24":"tag-tv"},"share_on_mastodon":{"url":"https:\/\/pubeurope.com\/@es\/115687851629893920","error":""},"_links":{"self":[{"href":"https:\/\/www.europesays.com\/es\/wp-json\/wp\/v2\/posts\/278853","targetHints":{"allow":["GET"]}}],"collection":[{"href":"https:\/\/www.europesays.com\/es\/wp-json\/wp\/v2\/posts"}],"about":[{"href":"https:\/\/www.europesays.com\/es\/wp-json\/wp\/v2\/types\/post"}],"author":[{"embeddable":true,"href":"https:\/\/www.europesays.com\/es\/wp-json\/wp\/v2\/users\/2"}],"replies":[{"embeddable":true,"href":"https:\/\/www.europesays.com\/es\/wp-json\/wp\/v2\/comments?post=278853"}],"version-history":[{"count":0,"href":"https:\/\/www.europesays.com\/es\/wp-json\/wp\/v2\/posts\/278853\/revisions"}],"wp:featuredmedia":[{"embeddable":true,"href":"https:\/\/www.europesays.com\/es\/wp-json\/wp\/v2\/media\/278854"}],"wp:attachment":[{"href":"https:\/\/www.europesays.com\/es\/wp-json\/wp\/v2\/media?parent=278853"}],"wp:term":[{"taxonomy":"category","embeddable":true,"href":"https:\/\/www.europesays.com\/es\/wp-json\/wp\/v2\/categories?post=278853"},{"taxonomy":"post_tag","embeddable":true,"href":"https:\/\/www.europesays.com\/es\/wp-json\/wp\/v2\/tags?post=278853"}],"curies":[{"name":"wp","href":"https:\/\/api.w.org\/{rel}","templated":true}]}}