{"id":278855,"date":"2025-12-09T05:01:35","date_gmt":"2025-12-09T05:01:35","guid":{"rendered":"https:\/\/www.europesays.com\/es\/278855\/"},"modified":"2025-12-09T05:01:35","modified_gmt":"2025-12-09T05:01:35","slug":"el-tierno-viaje-a-japon-de-kate-perry-y-el-exprimer-ministro-de-canada","status":"publish","type":"post","link":"https:\/\/www.europesays.com\/es\/278855\/","title":{"rendered":"El tierno viaje a Jap\u00f3n de Kate Perry y el exprimer ministro de Canad\u00e1"},"content":{"rendered":"<p>Jap\u00f3n se ha convertido estos a\u00f1os en un lugar donde muchas personas deciden irse de viaje unas semanas. <strong>La mayor\u00eda lo hace para descubrir su cultura<\/strong>, que se ha extendido a lo largo del tiempo entre su gastronom\u00eda, animes y monumentos.<\/p>\n<p>En esta ocasi\u00f3n, una de las parejas que ha decidido viajar hasta el pa\u00eds nippon ha sido la que conforman<strong> Katty Perry y <a href=\"https:\/\/www.periodicodeibiza.es\/etiqueta\/Justin+Trudeau.html?utm_source=Inline-tag&amp;utm_medium=internal\" rel=\"nofollow noopener\" target=\"_blank\">Justin Trudeau<\/a><\/strong>. La cantante ha compartido en su Instagram un carrusel de im\u00e1genes en el que se puede observar c\u00f3mo <strong>han disfrutado de la experiencia completamente.<\/strong> Entre los planes, no ha faltado la gastronom\u00eda, de la que Perry ha compartido varios instante probando platos.<\/p>\n<blockquote class=\"instagram-media\" style=\"background: #FFF; border: 0; border-radius: 3px; box-shadow: 0 0 1px 0 rgba(0,0,0,0.5),0 1px 10px 0 rgba(0,0,0,0.15); margin: 1px; max-width: 540px; min-width: 326px; padding: 0; width: calc(100% - 2px);\" data-instgrm-captioned=\"\" data-instgrm-permalink=\"https:\/\/www.instagram.com\/p\/DR7MEYMkSwx\/?utm_source=ig_embed&amp;utm_campaign=loading\" data-instgrm-version=\"14\"><p>&#13;<br \/>\n&#13;\n<\/p><\/blockquote>\n<p>Tambi\u00e9n <strong>han dado una vuelta por el museo Teamlabs Planet<\/strong>, en el que se puede caminar por encima del agua y por figuras creadas con tecnolog\u00eda digital. Asimismo, la pareja ha disfrutado de un <strong>torneo de sumo<\/strong> <strong>y, aprovechando que es el mes de la Navidad, han pasado por puestos con figuritas decorativas.<\/strong><\/p>\n<p>                        <script async src=\"\/\/www.instagram.com\/embed.js\"><\/script><\/p>\n","protected":false},"excerpt":{"rendered":"Jap\u00f3n se ha convertido estos a\u00f1os en un lugar donde muchas personas deciden irse de viaje unas semanas.&hellip;\n","protected":false},"author":2,"featured_media":278856,"comment_status":"","ping_status":"","sticky":false,"template":"","format":"standard","meta":{"footnotes":""},"categories":[170],"tags":[146,147,25,24,8819,4885,184,185,25282,23],"class_list":{"0":"post-278855","1":"post","2":"type-post","3":"status-publish","4":"format-standard","5":"has-post-thumbnail","7":"category-musica","8":"tag-entertainment","9":"tag-entretenimiento","10":"tag-es","11":"tag-espana","12":"tag-justin-trudeau","13":"tag-katy-perry","14":"tag-music","15":"tag-musica","16":"tag-quiosco-rosa","17":"tag-spain"},"share_on_mastodon":{"url":"https:\/\/pubeurope.com\/@es\/115687855477661712","error":""},"_links":{"self":[{"href":"https:\/\/www.europesays.com\/es\/wp-json\/wp\/v2\/posts\/278855","targetHints":{"allow":["GET"]}}],"collection":[{"href":"https:\/\/www.europesays.com\/es\/wp-json\/wp\/v2\/posts"}],"about":[{"href":"https:\/\/www.europesays.com\/es\/wp-json\/wp\/v2\/types\/post"}],"author":[{"embeddable":true,"href":"https:\/\/www.europesays.com\/es\/wp-json\/wp\/v2\/users\/2"}],"replies":[{"embeddable":true,"href":"https:\/\/www.europesays.com\/es\/wp-json\/wp\/v2\/comments?post=278855"}],"version-history":[{"count":0,"href":"https:\/\/www.europesays.com\/es\/wp-json\/wp\/v2\/posts\/278855\/revisions"}],"wp:featuredmedia":[{"embeddable":true,"href":"https:\/\/www.europesays.com\/es\/wp-json\/wp\/v2\/media\/278856"}],"wp:attachment":[{"href":"https:\/\/www.europesays.com\/es\/wp-json\/wp\/v2\/media?parent=278855"}],"wp:term":[{"taxonomy":"category","embeddable":true,"href":"https:\/\/www.europesays.com\/es\/wp-json\/wp\/v2\/categories?post=278855"},{"taxonomy":"post_tag","embeddable":true,"href":"https:\/\/www.europesays.com\/es\/wp-json\/wp\/v2\/tags?post=278855"}],"curies":[{"name":"wp","href":"https:\/\/api.w.org\/{rel}","templated":true}]}}