{"id":278861,"date":"2025-12-09T05:05:24","date_gmt":"2025-12-09T05:05:24","guid":{"rendered":"https:\/\/www.europesays.com\/es\/278861\/"},"modified":"2025-12-09T05:05:24","modified_gmt":"2025-12-09T05:05:24","slug":"los-detalles-del-look-de-charlene-de-monaco-en-la-felicitacion-navidena-que-demuestran-su-transformacion-en-2025","status":"publish","type":"post","link":"https:\/\/www.europesays.com\/es\/278861\/","title":{"rendered":"Los detalles del look de Charlene de M\u00f3naco en la felicitaci\u00f3n navide\u00f1a que demuestran su transformaci\u00f3n en 2025"},"content":{"rendered":"<p id=\"eLk5fBCBH4\" data-wc=\"114\">Con Carolina de M\u00f3naco y Carlota Casiraghi formando parte de su misma familia, sol\u00edan ser los looks de estas los m\u00e1s aplaudidos en cada aparici\u00f3n de los Grimaldi, y no tanto el de Charlene de M\u00f3naco. Pero las tornas han cambiado este 2025, a\u00f1o en el que la Princesa ha renovado su estilo y ha conquistado a los expertos en la mayor\u00eda de sus actos oficiales. Nos <a class=\"hm-link ho-link\" href=\"https:\/\/www.hola.com\/moda\/20251005859085\/charlene-de-monaco-analisis-estilo-evolucion-looks-estrategia\/\" data-mrf-recirculation=\"article-body-link\" rel=\"nofollow noopener\" target=\"_blank\">lo contaba la estilista Elena Regadera<\/a>, quien opina que \u00abahora muestra una<strong>\u00a0imagen m\u00e1s cercana y accesible<\/strong>\u00bb que se refleja en su forma de vestir. Y lo hemos confirmado con la foto que cierra el a\u00f1o, la de<a class=\"hm-link ho-link\" href=\"https:\/\/www.hola.com\/realeza\/casa_inglesa\/20251207871555\/dos-coronas-un-mismo-mensaje-carlos-iii-y-alberto-de-monaco-dan-la-bienvenida-a-la-navidad\/\" data-mrf-recirculation=\"article-body-link\" rel=\"nofollow noopener\" target=\"_blank\">\u00a0la felicitaci\u00f3n navide\u00f1a del pr\u00edncipe Alberto y su familia.<\/a><\/p>\n<p> <img src=\"https:\/\/www.europesays.com\/es\/wp-content\/uploads\/2025\/12\/3f1aac755443-la-famille-princire-a-le-plaisir-de-vous-partager-sa-carte-de-vuxa-famiya-pri.jpg\"   width=\"768\" height=\"1024\" loading=\"lazy\" decoding=\"async\" alt=\"Media Image\" fetchpriority=\"auto\" class=\"image ho-image\"\/>\u00a9 Vanessa von Zitzewitz \/ Palais princier<br \/>\nUn look elegante y &#8216;boho&#8217;<\/p>\n<p id=\"eMYZA-1Tek\" data-wc=\"80\">En esta c\u00e1lida y tradicional estampa que la Casa real de M\u00f3naco comparte cada diciembre, se aprecia claramente la transformac\u00f3n de Charlene. La Princesa posa con un sofisticado -y algo bohemio- vestido en color beige gris\u00e1ceo, con cuello cisne, cuerpo ajustado y falda larga plisada, confeccionado en<a class=\"hm-link ho-link\" href=\"https:\/\/www.hola.com\/fashion\/20251204870703\/vestidos-punto-zara-navidad-lucia-barcena\/\" data-mrf-recirculation=\"article-body-link\" rel=\"nofollow noopener\" target=\"_blank\">\u00a0punto acanalado<\/a><strong>\u00a0con detalles de hilo met\u00e1lico<\/strong>. Es un <strong>dise\u00f1o de Ralph Lauren<\/strong> de la colecci\u00f3n Oto\u00f1o\/invierno 2024 que, en su momento, ten\u00eda un precio aproximado de 3.480 euros, aunque ya est\u00e1 agotado.\u00a0<\/p>\n<p id=\"ewqf5gF59Q5\" data-wc=\"69\">Para potenciar al aire boho\u00a0del vestido, Charlene ha incorporado un <strong>cintur\u00f3n ancho con una gran hebilla\u00a0<\/strong><strong>vintage<\/strong>. Pero no ha olvidado que se trata de una imagen oficial,\u00a0y, as\u00ed, ha a\u00f1adido un peinado de invitada pulido y bien calculado, y sus pendientes de diamantes. Con esta mezcla, ha conseguido un look sin precedentes en ninguna felicitaci\u00f3n navide\u00f1a de una casa real, y todav\u00eda menos en las monegascas.<\/p>\n<p> <img src=\"https:\/\/www.europesays.com\/es\/wp-content\/uploads\/2025\/12\/82169477d13d-prncipes-mnaco.jpg\"   width=\"682\" height=\"1024\" loading=\"lazy\" decoding=\"async\" alt=\"Felicitaci\u00f3n de navidad del Pr\u00edncipe Albert y la princesa  Charlene de M\u00f3naco \" fetchpriority=\"auto\" class=\"image ho-image\"\/>\u00a9 Eric MathonFelicitaci\u00f3n de 2024<br \/>\nSus felicitaciones en a\u00f1os anteriores<\/p>\n<p id=\"e-JNz-yZgo\" data-wc=\"74\">Si bien el diciembre pasado, en 2024, el pr\u00edncipe Alberto y su familia quisieron protagonizar una imagen cercana como la de este a\u00f1o, se les critic\u00f3 que sus looks eran demasiado informales. Con jers\u00e9is de punto en tonos beige y marr\u00f3n, y pantalones casuales, lo cierto es que sus estilismos resultaban excesivamente relajados para esta ocasi\u00f3n destacada, incluido el de <strong>Charlene, que complet\u00f3 este \u00abuniforme familiar\u00bb con un peinado de acabado undone\u00a0y botas.<\/strong><\/p>\n<p>  <img src=\"https:\/\/www.europesays.com\/es\/wp-content\/uploads\/2025\/12\/d00b833c78a5-9251458af9c6-carte-de-noel-famille-princiere-hdcut.jpg\"   width=\"1080\" height=\"1800\" loading=\"lazy\" decoding=\"async\" alt=\"Alberto de M\u00f3naco con Charl\u00e8ne y sus hijos\" fetchpriority=\"auto\" class=\"image ho-image\"\/>\u00a9 \u00c9ric Mathon \/ Princely Palace, Monaco2023<\/p>\n<p>  <img src=\"https:\/\/www.europesays.com\/es\/wp-content\/uploads\/2025\/12\/40cf41ddf8e5-9e0d5a6330be-monaco-felicitacion-a.jpg\"   width=\"1080\" height=\"1800\" loading=\"lazy\" decoding=\"async\" alt=\"2022\" fetchpriority=\"auto\" class=\"image ho-image\"\/>\u00a9 Eric Mathon \/ Palais princier2022<\/p>\n<p id=\"emksmH9FvO\" data-wc=\"80\">Todo lo contrario sucedi\u00f3 en las felicitaciones anteriores, en las que la Familia real de M\u00f3naco parec\u00eda posar en una gala o un banquete de Fin de a\u00f1o. Y aunque el <strong>vestido de terciopelo que Charlene escogi\u00f3 en 2023<\/strong> es uno de los dise\u00f1os m\u00e1s bonitos que ha llevado hasta la fecha, \u00a0ha sido este diciembre cuando tanto ella como su marido y sus hijos, y la imagen conjunta, consiguen transmitir una <strong>elegancia relajada y cercana\u00a0<\/strong>en su fotograf\u00eda navide\u00f1a.<\/p>\n<p>  <img src=\"https:\/\/www.europesays.com\/es\/wp-content\/uploads\/2025\/12\/1e5f8f2ce4ac-gettyimages-2219063909.jpg\"   width=\"1080\" height=\"1800\" loading=\"lazy\" decoding=\"async\" alt=\"7 de junio de 2025\" fetchpriority=\"auto\" class=\"image ho-image\"\/>\u00a9 Getty Images7 de junio de 2025<\/p>\n<p>  <img src=\"https:\/\/www.europesays.com\/es\/wp-content\/uploads\/2025\/12\/3e3a24e093d1-gettyimages-2226025996.jpg\"   width=\"1080\" height=\"1800\" loading=\"lazy\" decoding=\"async\" alt=\"19 de julio de 2025\" fetchpriority=\"auto\" class=\"image ho-image\"\/>\u00a9 Corbis via Getty Images19 de julio de 2025<\/p>\n<p>Los mejores looks de Charlene de M\u00f3naco en 2025<\/p>\n<p id=\"eTLLuhD3fQ\" data-wc=\"108\">Su look en la felicitaci\u00f3n es la prueba definitiva de la transformaci\u00f3n estil\u00edstica que la Princesa ha protagonizado este a\u00f1o. Fue en junio cuando comenzamos a ver ese cambio positivo, durante la visita de Emmanuel y Brigitte Macron al Principado. Primero, Charlene les recibi\u00f3 con un conjunto minimalista y retro, de chaqueta azul aguamarina y pantal\u00f3n blanco,\u00a0que le sentaba muy bien. M\u00e1s tarde, luci\u00f3 un<a class=\"hm-link ho-link\" href=\"https:\/\/www.hola.com\/moda\/20250608836772\/charlene-de-monaco-carolina-de-monaco-looks-cena-estado-monaco\/\" data-mrf-recirculation=\"article-body-link\" rel=\"nofollow noopener\" target=\"_blank\">\u00a0vestido de gala rojo, sencillo pero moderno<\/a>, que tambi\u00e9n resaltaba su figura y le sumaba elegancia. Pocas semanas despu\u00e9s, volvi\u00f3 a acertar en la celebraci\u00f3n de los 20 a\u00f1os en el trono de Alberto II con un <a class=\"hm-link ho-link\" href=\"https:\/\/www.hola.com\/moda\/20250720845369\/charlene-monaco-vestido-rosa-aniversario-alberto-grace-kelly-carolina\/\" data-mrf-recirculation=\"article-body-link\" rel=\"nofollow noopener\" target=\"_blank\">vestido rosa algo m\u00e1s arriesgado.<\/a><\/p>\n<p>  <img src=\"https:\/\/www.europesays.com\/es\/wp-content\/uploads\/2025\/12\/c19078d6a981-gettyimages-2236820367.jpg\"   width=\"1080\" height=\"1800\" loading=\"lazy\" decoding=\"async\" alt=\"22 de septiembre de 2025\" fetchpriority=\"auto\" class=\"image ho-image\"\/>\u00a9 UEFA via Getty Images22 de septiembre de 2025<\/p>\n<p>  <img src=\"https:\/\/www.europesays.com\/es\/wp-content\/uploads\/2025\/12\/e21028aa0418-gettyimages-2245946189.jpg\"   width=\"1080\" height=\"1800\" loading=\"lazy\" decoding=\"async\" alt=\"13 de noviembre de 2025\" fetchpriority=\"auto\" class=\"image ho-image\"\/>\u00a9 AFP via Getty Images13 de noviembre de 2025<\/p>\n<p id=\"emtIhyrK0S\" data-wc=\"101\">Este oto\u00f1o, tambi\u00e9n hemos visto a Charlene de M\u00f3naco triunfar con su nuevo estilo gracias a looks como el vestido blanco que llev\u00f3 en la entrega del Bal\u00f3n de oro, en septiembre, o el <a class=\"hm-link ho-link\" href=\"https:\/\/www.hola.com\/moda\/20251114867486\/charlene-de-monaco-look-traje-pantalon-blanco-negro\/\" data-mrf-recirculation=\"article-body-link\" rel=\"nofollow noopener\" target=\"_blank\">original traje de Edward Achour<\/a> (formado por una blusa con perlas y un pantal\u00f3n campana) que luci\u00f3 en la Feria Internacional de Joyer\u00eda de Montecarlo, a mediados de noviembre. En todas estas elecciones, ha sabido equilibrar su sello personal -especial e innovador- con la elegancia y la sencillez cl\u00e1sicas, consiguiendo una presencia serena que la establece como una de <a class=\"hm-link ho-link\" href=\"https:\/\/www.hola.com\/moda\/20251123865984\/mujeres-realeza-mas-influyentes-inspiradoras-estilo\/\" data-mrf-recirculation=\"article-body-link\" rel=\"nofollow noopener\" target=\"_blank\">las royals\u00a0que han marcado tendencia este a\u00f1o.<\/a><\/p>\n","protected":false},"excerpt":{"rendered":"Con Carolina de M\u00f3naco y Carlota Casiraghi formando parte de su misma familia, sol\u00edan ser los looks de&hellip;\n","protected":false},"author":2,"featured_media":278862,"comment_status":"","ping_status":"","sticky":false,"template":"","format":"standard","meta":{"footnotes":""},"categories":[91],"tags":[1024,56615,146,147,25,24,1028,1023,23],"class_list":{"0":"post-278861","1":"post","2":"type-post","3":"status-publish","4":"format-standard","5":"has-post-thumbnail","7":"category-entretenimiento","8":"tag-actualidad-moda","9":"tag-charlene-de-monaco","10":"tag-entertainment","11":"tag-entretenimiento","12":"tag-es","13":"tag-espana","14":"tag-looks-realeza","15":"tag-moda","16":"tag-spain"},"share_on_mastodon":{"url":"https:\/\/pubeurope.com\/@es\/115687871541949924","error":""},"_links":{"self":[{"href":"https:\/\/www.europesays.com\/es\/wp-json\/wp\/v2\/posts\/278861","targetHints":{"allow":["GET"]}}],"collection":[{"href":"https:\/\/www.europesays.com\/es\/wp-json\/wp\/v2\/posts"}],"about":[{"href":"https:\/\/www.europesays.com\/es\/wp-json\/wp\/v2\/types\/post"}],"author":[{"embeddable":true,"href":"https:\/\/www.europesays.com\/es\/wp-json\/wp\/v2\/users\/2"}],"replies":[{"embeddable":true,"href":"https:\/\/www.europesays.com\/es\/wp-json\/wp\/v2\/comments?post=278861"}],"version-history":[{"count":0,"href":"https:\/\/www.europesays.com\/es\/wp-json\/wp\/v2\/posts\/278861\/revisions"}],"wp:featuredmedia":[{"embeddable":true,"href":"https:\/\/www.europesays.com\/es\/wp-json\/wp\/v2\/media\/278862"}],"wp:attachment":[{"href":"https:\/\/www.europesays.com\/es\/wp-json\/wp\/v2\/media?parent=278861"}],"wp:term":[{"taxonomy":"category","embeddable":true,"href":"https:\/\/www.europesays.com\/es\/wp-json\/wp\/v2\/categories?post=278861"},{"taxonomy":"post_tag","embeddable":true,"href":"https:\/\/www.europesays.com\/es\/wp-json\/wp\/v2\/tags?post=278861"}],"curies":[{"name":"wp","href":"https:\/\/api.w.org\/{rel}","templated":true}]}}