{"id":278863,"date":"2025-12-09T05:06:17","date_gmt":"2025-12-09T05:06:17","guid":{"rendered":"https:\/\/www.europesays.com\/es\/278863\/"},"modified":"2025-12-09T05:06:17","modified_gmt":"2025-12-09T05:06:17","slug":"el-honor-magic-8-lite-viene-con-su-carta-ganadora-una-gran-bateria","status":"publish","type":"post","link":"https:\/\/www.europesays.com\/es\/278863\/","title":{"rendered":"El Honor Magic 8 Lite viene con su carta ganadora: una gran bater\u00eda"},"content":{"rendered":"<p>El tel\u00e9fono m\u00e1s econ\u00f3mico de la familia <a href=\"https:\/\/es.digitaltrends.com\/celular\/el-honor-x70-se-estrena-con-su-bateria-inmensa-nunca-antes-vista\/\" rel=\"nofollow noopener\" target=\"_blank\"><strong>Honor<\/strong><\/a>, pero que quiere ofrecer prestaciones adecuadas para sobrevivir al d\u00eda a d\u00eda, es el <strong>Honor Magic 8 Lite<\/strong>,  que llega como sucesor del <strong>Magic 7 Lite<\/strong>.<\/p>\n<p>El Honor Magic8 Lite est\u00e1 impulsado por el SoC Snapdragon 6 Gen 4 de Qualcomm, combinado con 8GB de RAM. Puedes conseguirlo con 256GB y 512GB de almacenamiento. Cuenta con una pantalla OLED de 6,79 pulgadas y 1200\u00d72640 con tasa de refresco de 120Hz, atenuaci\u00f3n PWM de 3.840Hz y brillo m\u00e1ximo de 6.000 nits, c\u00e1mara principal de 108MP, ultrapanor\u00e1mica de 5MP, snapper para selfies de 16MP y <strong>una enorme bater\u00eda de 7.500 mAh con soporte para carga por cable de 66W.<\/strong><\/p>\n<p>El tel\u00e9fono tiene las certificaciones IP66, IP68 e IP69K para resistencia al polvo y al agua, y se ofrecer\u00e1 en coloraciones Verde Bosque, Negro Medianoche y Marr\u00f3n Rojizo. Honor dice que el Magic8 Lite puede resistir ser dejado caer desde alturas de hasta 2,5 m en ciertas superficies como el m\u00e1rmol.<\/p>\n<p>Mide 161,9 x 76,1 x 7,76 mm y pesa 189 g. Lamentablemente, ejecuta <strong>Android 15 con MagicOS 9 de Honor <\/strong>por encima, aunque Google lanz\u00f3 Android 16 en junio, ya hace medio a\u00f1o.<\/p>\n<p>No hay precio ni disponibilidad a\u00fan.<\/p>\n","protected":false},"excerpt":{"rendered":"El tel\u00e9fono m\u00e1s econ\u00f3mico de la familia Honor, pero que quiere ofrecer prestaciones adecuadas para sobrevivir al d\u00eda&hellip;\n","protected":false},"author":2,"featured_media":278864,"comment_status":"","ping_status":"","sticky":false,"template":"","format":"standard","meta":{"footnotes":""},"categories":[81],"tags":[119,123,124,25,24,9228,67766,117,121,122,23,118,120,30737],"class_list":{"0":"post-278863","1":"post","2":"type-post","3":"status-publish","4":"format-standard","5":"has-post-thumbnail","7":"category-ciencia-y-tecnologia","8":"tag-ciencia","9":"tag-ciencia-y-tecnologia","10":"tag-cienciaytecnologia","11":"tag-es","12":"tag-espana","13":"tag-honor","14":"tag-honor-magic-8-lite","15":"tag-science","16":"tag-science-and-technology","17":"tag-scienceandtechnology","18":"tag-spain","19":"tag-technology","20":"tag-tecnologia","21":"tag-telefonia-celular"},"share_on_mastodon":{"url":"https:\/\/pubeurope.com\/@es\/115687875450846816","error":""},"_links":{"self":[{"href":"https:\/\/www.europesays.com\/es\/wp-json\/wp\/v2\/posts\/278863","targetHints":{"allow":["GET"]}}],"collection":[{"href":"https:\/\/www.europesays.com\/es\/wp-json\/wp\/v2\/posts"}],"about":[{"href":"https:\/\/www.europesays.com\/es\/wp-json\/wp\/v2\/types\/post"}],"author":[{"embeddable":true,"href":"https:\/\/www.europesays.com\/es\/wp-json\/wp\/v2\/users\/2"}],"replies":[{"embeddable":true,"href":"https:\/\/www.europesays.com\/es\/wp-json\/wp\/v2\/comments?post=278863"}],"version-history":[{"count":0,"href":"https:\/\/www.europesays.com\/es\/wp-json\/wp\/v2\/posts\/278863\/revisions"}],"wp:featuredmedia":[{"embeddable":true,"href":"https:\/\/www.europesays.com\/es\/wp-json\/wp\/v2\/media\/278864"}],"wp:attachment":[{"href":"https:\/\/www.europesays.com\/es\/wp-json\/wp\/v2\/media?parent=278863"}],"wp:term":[{"taxonomy":"category","embeddable":true,"href":"https:\/\/www.europesays.com\/es\/wp-json\/wp\/v2\/categories?post=278863"},{"taxonomy":"post_tag","embeddable":true,"href":"https:\/\/www.europesays.com\/es\/wp-json\/wp\/v2\/tags?post=278863"}],"curies":[{"name":"wp","href":"https:\/\/api.w.org\/{rel}","templated":true}]}}