{"id":278867,"date":"2025-12-09T05:08:12","date_gmt":"2025-12-09T05:08:12","guid":{"rendered":"https:\/\/www.europesays.com\/es\/278867\/"},"modified":"2025-12-09T05:08:12","modified_gmt":"2025-12-09T05:08:12","slug":"tribunal-supremo-de-cuba-condena-a-cadena-perpetua-al-exministro-alejandro-gil","status":"publish","type":"post","link":"https:\/\/www.europesays.com\/es\/278867\/","title":{"rendered":"Tribunal Supremo de Cuba condena a cadena perpetua al exministro Alejandro Gil"},"content":{"rendered":"<p>      CNN Espa\u00f1ol<br \/>\n        \u00a0\u2014\u00a0<\/p>\n<p class=\"paragraph inline-placeholder vossi-paragraph\" data-uri=\"es.cms.cnn.com\/_components\/paragraph\/instances\/cmixtw6w1001q26oyexxw52jx@published\" data-editable=\"text\" data-component-name=\"paragraph\" data-article-gutter=\"true\">\n            El Tribunal Supremo Popular de Cuba conden\u00f3 este lunes al exministro cubano de Econom\u00eda y Planificaci\u00f3n Alejandro Miguel Gil Fern\u00e1ndez a \u201cprivaci\u00f3n perpetua de la libertad\u201d tras considerarlo responsable de espionaje, cohecho y sustracci\u00f3n y da\u00f1o de documentos, entre varios delitos, seg\u00fan un <a href=\"https:\/\/www.tsp.gob.cu\/tribunal-supremo-popular-notifica-sentencias-acusado-alejandro-miguel-gil-fernandez-0\" target=\"_blank\" rel=\"nofollow noopener\">comunicado <\/a>oficial.\n    <\/p>\n<p class=\"paragraph inline-placeholder vossi-paragraph\" data-uri=\"es.cms.cnn.com\/_components\/paragraph\/instances\/cmixvaunw000q356pyaxb3wql@published\" data-editable=\"text\" data-component-name=\"paragraph\" data-article-gutter=\"true\">\n            En un segundo caso, fue <a href=\"https:\/\/www.tsp.gob.cu\/tribunal-supremo-popular-notifica-sentencias-acusado-alejandro-miguel-gil-fernandez-0\" target=\"_blank\" rel=\"nofollow noopener\">hallado culpable de cohecho<\/a> para cometer falsificaci\u00f3n de documentos p\u00fablicos, tr\u00e1fico de influencias y evasi\u00f3n fiscal, y recibi\u00f3 una condena adicional de 20 a\u00f1os.\n    <\/p>\n<p class=\"paragraph inline-placeholder vossi-paragraph\" data-uri=\"es.cms.cnn.com\/_components\/paragraph\/instances\/cmixvdh73000t356pvw7pa165@published\" data-editable=\"text\" data-component-name=\"paragraph\" data-article-gutter=\"true\">\n            \u201cAlejandro Miguel Gil Fern\u00e1ndez, mediante un actuar corrupto y simulador, se aprovech\u00f3 de las facultades otorgadas por las responsabilidades que asumi\u00f3 para obtener beneficios personales, recibiendo dinero de firmas extranjeras y sobornando a otros funcionarios p\u00fablicos para legalizar la adquisici\u00f3n de bienes\u201d, <a href=\"https:\/\/www.tsp.gob.cu\/tribunal-supremo-popular-notifica-sentencias-acusado-alejandro-miguel-gil-fernandez-0\" target=\"_blank\" rel=\"nofollow noopener\">dijo <\/a>el Tribunal Supremo.\n    <\/p>\n<p class=\"paragraph inline-placeholder vossi-paragraph\" data-uri=\"es.cms.cnn.com\/_components\/paragraph\/instances\/cmixvrfto0013356pg8bkqqhf@published\" data-editable=\"text\" data-component-name=\"paragraph\" data-article-gutter=\"true\">\n            CNN contact\u00f3 al Tribunal Supremo Popular de Cuba para obtener m\u00e1s informaci\u00f3n sobre la condena, y espera una respuesta. CNN tambi\u00e9n est\u00e1 intentando contactarse con el abogado de Gil para conocer su posici\u00f3n ante las acusaciones.\n    <\/p>\n<p class=\"paragraph inline-placeholder vossi-paragraph\" data-uri=\"es.cms.cnn.com\/_components\/paragraph\/instances\/cmixv9blo000n356ptcati286@published\" data-editable=\"text\" data-component-name=\"paragraph\" data-article-gutter=\"true\">\n            Gil, qui\u00e9n lider\u00f3 la cartera de Econom\u00eda y Planificaci\u00f3n<a href=\"https:\/\/www.ecured.cu\/Alejandro_Gil_Fern%C3%A1ndez\" target=\"_blank\" rel=\"nofollow noopener\"> entre 2018 y 2024 <\/a>y fue tambi\u00e9n viceprimer ministro de Cuba, tiene un plazo de diez d\u00edas para apelar ambas sentencias, agrega el <a href=\"https:\/\/www.tsp.gob.cu\/tribunal-supremo-popular-notifica-sentencias-acusado-alejandro-miguel-gil-fernandez-0\" target=\"_blank\" rel=\"nofollow noopener\">comunicado<\/a>.\n    <\/p>\n<p class=\"paragraph inline-placeholder vossi-paragraph\" data-uri=\"es.cms.cnn.com\/_components\/paragraph\/instances\/cmixtwutn0004356p8ulpiobj@published\" data-editable=\"text\" data-component-name=\"paragraph\" data-article-gutter=\"true\">\n            El exministro fue <a href=\"https:\/\/cnnespanol.cnn.com\/2024\/03\/08\/cuba-graves-errores-alejandro-gil-fernandez-trax\" rel=\"nofollow noopener\" target=\"_blank\">destituido<\/a> del cargo y dej\u00f3 el gabinete el presidente Miguel D\u00edaz-Canel en febrero de 2024. En marzo de ese mismo a\u00f1o el Ministerio del Interior de Cuba <a href=\"https:\/\/cnnespanol.cnn.com\/2024\/03\/08\/cuba-graves-errores-alejandro-gil-fernandez-trax\" rel=\"nofollow noopener\" target=\"_blank\">anunci\u00f3<\/a> que estaba siendo investigando por \u201cgraves errores\u201d.\n    <\/p>\n<p class=\"paragraph inline-placeholder vossi-paragraph\" data-uri=\"es.cms.cnn.com\/_components\/paragraph\/instances\/cmixtwiob0000356pe2ocwmqi@published\" data-editable=\"text\" data-component-name=\"paragraph\" data-article-gutter=\"true\">\n            Durnante a\u00f1os Gil fue la cara p\u00fablica de <a href=\"https:\/\/cnnespanol.cnn.com\/2024\/03\/08\/cuba-graves-errores-alejandro-gil-fernandez-trax\" rel=\"nofollow noopener\" target=\"_blank\">medidas profundamente impopulares <\/a>que contribuyeron a empeorar la compleja situaci\u00f3n econ\u00f3mica de la isla, entre estas una subida masiva de los precios del combustible para los cubanos.\n    <\/p>\n<p class=\"paragraph inline-placeholder vossi-paragraph\" data-uri=\"es.cms.cnn.com\/_components\/paragraph\/instances\/cmixvh0ag000z356p15kodoig@published\" data-editable=\"text\" data-component-name=\"paragraph\" data-article-gutter=\"true\">\n            La noticia de su sustituci\u00f3n, sin embargo, <a href=\"https:\/\/cnnespanol.cnn.com\/2024\/03\/08\/cuba-graves-errores-alejandro-gil-fernandez-trax\" rel=\"nofollow noopener\" target=\"_blank\">conmocion\u00f3 <\/a>a muchas personas que no est\u00e1n acostumbrados a ver a altos cargos del Gobierno comunista enfrentarse a acusaciones de corrupci\u00f3n.\n    <\/p>\n","protected":false},"excerpt":{"rendered":"CNN Espa\u00f1ol \u00a0\u2014\u00a0 El Tribunal Supremo Popular de Cuba conden\u00f3 este lunes al exministro cubano de Econom\u00eda y&hellip;\n","protected":false},"author":2,"featured_media":278868,"comment_status":"","ping_status":"","sticky":false,"template":"","format":"standard","meta":{"footnotes":""},"categories":[42],"tags":[17,18,1164,95,13,14,11,61,62,63,64,19,20,9,10,15,16,12,21,22,65,66,67],"class_list":{"0":"post-278867","1":"post","2":"type-post","3":"status-publish","4":"format-standard","5":"has-post-thumbnail","7":"category-internacional","8":"tag-breaking-news","9":"tag-breakingnews","10":"tag-cuba","11":"tag-economia","12":"tag-featured-news","13":"tag-featurednews","14":"tag-headlines","15":"tag-internacional","16":"tag-international","17":"tag-international-news","18":"tag-internationalnews","19":"tag-latest-news","20":"tag-latestnews","21":"tag-news","22":"tag-noticias","23":"tag-noticias-destacadas","24":"tag-noticiasdestacadas","25":"tag-titulares","26":"tag-ultimas-noticias","27":"tag-ultimasnoticias","28":"tag-world","29":"tag-world-news","30":"tag-worldnews"},"share_on_mastodon":{"url":"https:\/\/pubeurope.com\/@es\/115687883276294311","error":""},"_links":{"self":[{"href":"https:\/\/www.europesays.com\/es\/wp-json\/wp\/v2\/posts\/278867","targetHints":{"allow":["GET"]}}],"collection":[{"href":"https:\/\/www.europesays.com\/es\/wp-json\/wp\/v2\/posts"}],"about":[{"href":"https:\/\/www.europesays.com\/es\/wp-json\/wp\/v2\/types\/post"}],"author":[{"embeddable":true,"href":"https:\/\/www.europesays.com\/es\/wp-json\/wp\/v2\/users\/2"}],"replies":[{"embeddable":true,"href":"https:\/\/www.europesays.com\/es\/wp-json\/wp\/v2\/comments?post=278867"}],"version-history":[{"count":0,"href":"https:\/\/www.europesays.com\/es\/wp-json\/wp\/v2\/posts\/278867\/revisions"}],"wp:featuredmedia":[{"embeddable":true,"href":"https:\/\/www.europesays.com\/es\/wp-json\/wp\/v2\/media\/278868"}],"wp:attachment":[{"href":"https:\/\/www.europesays.com\/es\/wp-json\/wp\/v2\/media?parent=278867"}],"wp:term":[{"taxonomy":"category","embeddable":true,"href":"https:\/\/www.europesays.com\/es\/wp-json\/wp\/v2\/categories?post=278867"},{"taxonomy":"post_tag","embeddable":true,"href":"https:\/\/www.europesays.com\/es\/wp-json\/wp\/v2\/tags?post=278867"}],"curies":[{"name":"wp","href":"https:\/\/api.w.org\/{rel}","templated":true}]}}