{"id":278869,"date":"2025-12-09T05:09:22","date_gmt":"2025-12-09T05:09:22","guid":{"rendered":"https:\/\/www.europesays.com\/es\/278869\/"},"modified":"2025-12-09T05:09:22","modified_gmt":"2025-12-09T05:09:22","slug":"el-viaje-de-la-misteriosa-cepa-de-la-peste-porcina-africana-que-ha-aparecido-en-barcelona","status":"publish","type":"post","link":"https:\/\/www.europesays.com\/es\/278869\/","title":{"rendered":"El viaje de la misteriosa cepa de la peste porcina africana que ha aparecido en Barcelona"},"content":{"rendered":"<p>El 5 de diciembre, la investigaci\u00f3n sobre el origen del brote de peste porcina africana en Barcelona dio un giro. El Ministerio de Agricultura (<a href=\"https:\/\/www.mapa.gob.es\/es\/prensa\/ultimas-noticias\/detalle_noticias\/el-ministerio-de-agricultura--pesca-y-alimentaci-n-abre-una-investigaci-n-complementaria-sobre-el-origen-del-virus-de-la-peste-porcina-africana-en-espa-a\/6ab69ca4-e812-481e-b2c1-b3ae915b50d3\" target=\"_blank\" rel=\"noreferrer noopener nofollow\">MAPA) por primera vez no exclu\u00eda que \u201csu origen pueda estar en una instalaci\u00f3n <\/a>de confinamiento biol\u00f3gico\u201d. Es decir, pr\u00e1cticamente <strong>enterraba la hip\u00f3tesis del bocadillo contaminado<\/strong> \u2013hasta el viernes, la m\u00e1s plausible para Generalitat de Catalu\u00f1a y varios expertos\u2013 y entraba en escena la <strong>posible fuga de un laboratorio<\/strong> (como <a href=\"https:\/\/www.newtral.es\/el-coronavirus-salio-de-un-laboratorio-teoria-del-escape-informes-dispares\/20230227\/\" target=\"_blank\" rel=\"noreferrer noopener nofollow\">se hipotetiz\u00f3 con el coronavirus en Wuh\u00e1n<\/a>) de una cepa usada en vacunas. Pero, \u00bfqu\u00e9 ha provocado este viraje?<\/p>\n<p>El an\u00e1lisis gen\u00e9tico de las muestras del virus tomadas en jabal\u00edes muertos en Collserola descartaba que fueran de mismo parentesco (grupo, en t\u00e9rminos t\u00e9cnicos) que el de lo que circula por Europa de forma end\u00e9mica o puntual. En concreto, el MAPA inform\u00f3 en una nota de que en la UE, las muestras del virus tomadas habitualmente en brotes \u201cpertenecen a los <strong>grupos gen\u00e9ticos 2-28 y no al nuevo grupo gen\u00e9tico 29<\/strong>\u201d. Las muestras de Barcelona analizadas en el laboratorio del CSIC de referencia de la UE, en Valdeolmos, son de una gen\u00e9tica similar a \u201cla cepa del virus Georgia 2007, un virus de referencia que <strong>se utiliza con frecuencia en infecciones experimentales<\/strong> en instalaciones de confinamiento\u201d.<\/p>\n<p>Pero, \u00bfcu\u00e1l es el origen de esta cepa georgiana? \u00bfTiene algo que ver con lo que circula ahora en aquella regi\u00f3n y especialmente en Rusia, donde es sur en varias zonas del sur de la Federaci\u00f3n? \u00bfPor qu\u00e9 la usan en laboratorios? \u00bfQu\u00e9 es eso de grupo 2-28? Todo esto se explica siguiendo el camino que ha recorrido el virus de la peste porcina africana desde su primera detecci\u00f3n, hace m\u00e1s de un siglo.<\/p>\n<p>\u00bfPor qu\u00e9 el Ministerio habl\u00f3 en un primer momento de que la cepa era del mismo genotipo que circulaba por Europa?<\/p>\n<p>La primera secuenciaci\u00f3n gen\u00e9tica realizada por el Laboratorio Central de Veterinaria (<strong>LCV<\/strong>) del MAPA, en Algete, confirm\u00f3 el 1 de diciembre que el virus pertenec\u00eda al\u00a0\u201c<strong>genotipo 2<\/strong>, el\u00a0<strong>mismo que circula actualmente en otras regiones de Europa<\/strong>\u201d, en palabras de la nota informativa del Ministerio. Esto es cierto, ya que todo lo que circula en nuestro continente desde la introducci\u00f3n de la variante \u2018Georgia\u2019 en 2007 se considera genotipo 2.<\/p>\n<p>Sin embargo, dentro de este genotipo, hay varios grupos de clados o variantes del virus. Y es en el informe de genotipado, realizado en el laboratorio del CSIC de Valdeolmos y publicado el d\u00eda 5, donde se han revelado las diferencias. Las muestras de Barcelona corresponden a ese llamado grupo 29 frente a otros m\u00e1s t\u00edpicos como el 28.<\/p>\n<p>El grupo 29 tiene unas caracter\u00edsticas gen\u00e9ticas <strong>muy similares al virus que dio origen en Europa<\/strong> a ese genotipo 2 en su introducci\u00f3n en Georgia en 2007. Y es esa cepa la que se suele usar en laboratorios de experimentaci\u00f3n, no el virus m\u00e1s evolucionado que circula en los brotes que registra el este de Europa en la actualidad.<\/p>\n<p>La zona cero de la PPA<\/p>\n<p>\u00bfEs tan f\u00e1cil que un virus escape de un laboratorio?<\/p>\n<p>Ha ocurrido antes, pero no es ni habitual ni esperable en cualquiera de los que operan en Espa\u00f1a. Para el catedr\u00e1tico en Sanidad Animal de la UCM <a href=\"https:\/\/www.visavet.es\/es\/visavet\/personal\/jose_manuel_sanchez-vizcaino_rodriguez.php\" target=\"_blank\" rel=\"noreferrer noopener nofollow\">Jos\u00e9 Manuel S\u00e1nchez-Vizca\u00edno<\/a>, la opci\u00f3n de que el virus haya salido de un laboratorio es una posibilidad que ha ganado peso y \u201dno se puede descartar\u201d, aunque tambi\u00e9n \u201c<strong>parece dif\u00edcil\u201d<\/strong>.<\/p>\n<ul class=\"wp-block-list\">\n<li><strong>\u201cDel edificio no sale nada vivo\u201d:\u00a0<\/strong>Desde el centro del CReSA-IRTA que experimenta con esta cepa del tipo Georgia\/1, el m\u00e1s cercano a los primeros jabal\u00edes muertos, defienden sus medidas de contenci\u00f3n. El pasado 4 de diciembre <a href=\"https:\/\/www.newtral.es\/peste-porcina-laboratorio-conspiracion\/20251205\/\" target=\"_blank\" rel=\"noreferrer noopener nofollow\">explicaron a Newtral.es que cuentan con seis laboratorios de bioseguridad nivel 3<\/a>. Est\u00e1n en un edificio con estructuras de hormig\u00f3n armado. Cuentan con \u201cun filtrado permanente\u201d y una \u201cgesti\u00f3n exhaustiva de residuos\u201d. Lo que sale del edificio, \u201cno contiene ning\u00fan microorganismo vivo\u201d. Esto incluye la higiene del personal.<\/li>\n<li><strong>Ha pasado antes:<\/strong> Hay un pu\u00f1ado de casos, la mayor\u00eda, antiguos, sobre fugas accidentales de pat\u00f3genos de laboratorios. Entre los m\u00e1s destacados en el mundo anila, el <a href=\"https:\/\/web.archive.org\/web\/20110704171955\/http:\/\/archive.defra.gov.uk\/foodfarm\/farmanimal\/diseases\/atoz\/fmd\/documents\/spratt_final.pdf\" target=\"_blank\" rel=\"noreferrer noopener nofollow\">brote de fiebre aftosa en Escocia en 2007<\/a>. Una tuber\u00eda de drenaje defectuosa de un laboratorio de vacunas de Pirbright desbord\u00f3 tras un episodio de fuertes lluvias. Los camiones de obra en la zona esparcieron el lodo contaminado hacia el exterior.<\/li>\n<\/ul>\n<p>Para S\u00e1nchez-V\u00edzcaino, el hecho de que sea similar <strong>no excluye que haya otras posibilidades<\/strong>: \u201dCuando dicen similar significa que hay un porcentaje que es com\u00fan, pero ahora est\u00e1n haciendo m\u00e1s estudios para ver realmente si es ese o hay otros similares\u201d. O sea, que a\u00fan no hay seguridad al 100% de que lo analizado sea propio de una cepa de laboratorio.<\/p>\n<p>Un comit\u00e9 cient\u00edfico decidir\u00e1 qu\u00e9 laboratorios se investigan<\/p>\n<p>El conseller de Agricultura \u00d2scar Ordeig ha presentado este lunes al <strong>comit\u00e9 de personas expertas<\/strong> que auditar\u00e1 el posible origen de este brote de peste porcina africana. Ser\u00e1 este quien decida los laboratorios a investigar y qu\u00e9 muestras o qu\u00e9 flujos de material se han de analizar. \u201cNo descartamos nada y tampoco confirmamos nada\u201c.<\/p>\n<p>Adem\u00e1s de la investigaci\u00f3n en curso de la Guardia Civil y los Mossos, la Generalitat ha abierto un expediente para auditar todos los centros que investigan la peste porcina y revisar sus protocolos de actuaci\u00f3n.<\/p>\n<p>Ha reiterado la conveniencia de que esa labor la lidere el propio IRTA-CReSA, lo que supone \u201cuna defensa de nuestros centros de investigaci\u00f3n, de nuestros investigadores, de nuestro sistema de conocimiento\u201d y del propio laboratorio p\u00fablico catal\u00e1n.<\/p>\n","protected":false},"excerpt":{"rendered":"El 5 de diciembre, la investigaci\u00f3n sobre el origen del brote de peste porcina africana en Barcelona dio&hellip;\n","protected":false},"author":2,"featured_media":278870,"comment_status":"","ping_status":"","sticky":false,"template":"","format":"standard","meta":{"footnotes":""},"categories":[8],"tags":[3685,17,18,119,21303,25,24,13,14,11,19,20,9,10,15,16,23,12,21,22],"class_list":{"0":"post-278869","1":"post","2":"type-post","3":"status-publish","4":"format-standard","5":"has-post-thumbnail","7":"category-espana","8":"tag-animales","9":"tag-breaking-news","10":"tag-breakingnews","11":"tag-ciencia","12":"tag-epidemia","13":"tag-es","14":"tag-espana","15":"tag-featured-news","16":"tag-featurednews","17":"tag-headlines","18":"tag-latest-news","19":"tag-latestnews","20":"tag-news","21":"tag-noticias","22":"tag-noticias-destacadas","23":"tag-noticiasdestacadas","24":"tag-spain","25":"tag-titulares","26":"tag-ultimas-noticias","27":"tag-ultimasnoticias"},"share_on_mastodon":{"url":"https:\/\/pubeurope.com\/@es\/115687886988647948","error":""},"_links":{"self":[{"href":"https:\/\/www.europesays.com\/es\/wp-json\/wp\/v2\/posts\/278869","targetHints":{"allow":["GET"]}}],"collection":[{"href":"https:\/\/www.europesays.com\/es\/wp-json\/wp\/v2\/posts"}],"about":[{"href":"https:\/\/www.europesays.com\/es\/wp-json\/wp\/v2\/types\/post"}],"author":[{"embeddable":true,"href":"https:\/\/www.europesays.com\/es\/wp-json\/wp\/v2\/users\/2"}],"replies":[{"embeddable":true,"href":"https:\/\/www.europesays.com\/es\/wp-json\/wp\/v2\/comments?post=278869"}],"version-history":[{"count":0,"href":"https:\/\/www.europesays.com\/es\/wp-json\/wp\/v2\/posts\/278869\/revisions"}],"wp:featuredmedia":[{"embeddable":true,"href":"https:\/\/www.europesays.com\/es\/wp-json\/wp\/v2\/media\/278870"}],"wp:attachment":[{"href":"https:\/\/www.europesays.com\/es\/wp-json\/wp\/v2\/media?parent=278869"}],"wp:term":[{"taxonomy":"category","embeddable":true,"href":"https:\/\/www.europesays.com\/es\/wp-json\/wp\/v2\/categories?post=278869"},{"taxonomy":"post_tag","embeddable":true,"href":"https:\/\/www.europesays.com\/es\/wp-json\/wp\/v2\/tags?post=278869"}],"curies":[{"name":"wp","href":"https:\/\/api.w.org\/{rel}","templated":true}]}}