{"id":278879,"date":"2025-12-09T05:23:17","date_gmt":"2025-12-09T05:23:17","guid":{"rendered":"https:\/\/www.europesays.com\/es\/278879\/"},"modified":"2025-12-09T05:23:17","modified_gmt":"2025-12-09T05:23:17","slug":"movistar-plus-compra-los-derechos-de-popstars-un-concurso-musical-de-emitido-por-telecinco-hace-mas-de-20-anos","status":"publish","type":"post","link":"https:\/\/www.europesays.com\/es\/278879\/","title":{"rendered":"Movistar Plus+ compra los derechos de &#8216;Popstars&#8217;, un concurso musical de emitido por Telecinco hace m\u00e1s de 20 a\u00f1os"},"content":{"rendered":"<p class=\"c-paragraph\">En el mundo de la moda dicen que todo vuelve, una frase que tambi\u00e9n es aplicable a la televisi\u00f3n y sus programas. <a href=\"https:\/\/www.20minutos.es\/tags\/temas\/grand-prix.html\" title=\"Grand Prix\" rel=\"nofollow noopener\" target=\"_blank\">Grand Prix<\/a>, All\u00e1 T\u00fa y <a href=\"https:\/\/www.20minutos.es\/tags\/temas\/caiga-quien-caiga.html\" title=\"Caiga Quien Caiga\" rel=\"nofollow noopener\" target=\"_blank\">Caiga Quien Caiga<\/a> son ejemplo de ello, pues despu\u00e9s de a\u00f1os sin emitirse han vuelto a la pantalla. A esta lista se suma uno m\u00e1s:<b> Popstars:\u00a0todo por un sue\u00f1o.<\/b><\/p>\n<p class=\"c-paragraph\">Y es que <b>Movistar + ha comprado los derechos del concurso musical<\/b>\u00a0que present\u00f3 Jes\u00fas V\u00e1zquez en Telecinco en el verano de 2002, tal y como ha avanzado\u00a0<a href=\"https:\/\/www.elconfidencialdigital.com\/articulo\/medios\/movistar-plus-compra-derechos-popstars-programa-bandas-que-emitio-telecinco\/20251205130000992781.html\" rel=\"nofollow noreferrer noopener\" title=\"Movistar Plus+ compra los derechos de \u2018Popstars\u2019, un programa de bandas que emiti\u00f3 Telecinco\" target=\"_blank\">El Confidencial Digital<\/a>.<\/p>\n<p class=\"c-paragraph\">Este formato <b>naci\u00f3 a ra\u00edz de la primera edici\u00f3n de Operaci\u00f3n Triunfo<\/b> y consisti\u00e1 en formar musicalmente a concursantes femeninas, que semana tras semana se expon\u00edan a nominaciones y expulsiones. A las cinco \u00faltimas que quedaran finalistas se les ofrec\u00eda formar una banda, y as\u00ed surgi\u00f3\u00a0Bellepop, compuesta por Carmen Miriam, Elisabeth Jord\u00e1n, Norma \u00c1lvarez, Marta Mansilla y Davinia Arquero.<\/p>\n<p class=\"c-paragraph\">Popstars: todo por un sue\u00f1o solamente cont\u00f3 con una temporada, que registri\u00f3 una media de <b>2,3 millones de espectadores y 20,1% de cuota de pantalla.<\/b> El formato tambi\u00e9n se desarroll\u00f3 en Argentina con dos ediciones en los a\u00f1os\u00a02001 y 2002, y recientemente Telefe, la cadena donde se emit\u00eda, ha confirmado su regreso en 2026.<\/p>\n<p class=\"c-paragraph\">Por el momento, Movistar + <b>no ha confirmado dicha informaci\u00f3n<\/b>, que ha coincidido con la incorporaci\u00f3n del que fuera su conductor al <a href=\"https:\/\/www.20minutos.es\/television\/jesus-vazquez-javier-ambrossi-ines-hernand-lalachus-presentaran-benidorm-fest-2026_6907287_0.html\" title=\"Jes\u00fas V\u00e1zquez, Javier Ambrossi, In\u00e9s Hernand y Lalachus presentar\u00e1n el Benidorm Fest 2026\" rel=\"nofollow noopener\" target=\"_blank\">equipo de presentador del Benidorm Fest<\/a>, que podr\u00eda convertirse en uno de los candidatos a dirigir el concurso si finalmente vuelve.<\/p>\n","protected":false},"excerpt":{"rendered":"En el mundo de la moda dicen que todo vuelve, una frase que tambi\u00e9n es aplicable a la&hellip;\n","protected":false},"author":2,"featured_media":278880,"comment_status":"","ping_status":"","sticky":false,"template":"","format":"standard","meta":{"footnotes":""},"categories":[171],"tags":[6364,67767,146,147,25,24,955,1878,23,692,214],"class_list":{"0":"post-278879","1":"post","2":"type-post","3":"status-publish","4":"format-standard","5":"has-post-thumbnail","7":"category-tv","8":"tag-compra","9":"tag-derechos-popstars","10":"tag-entertainment","11":"tag-entretenimiento","12":"tag-es","13":"tag-espana","14":"tag-mediaset","15":"tag-movistar-plus","16":"tag-spain","17":"tag-telecinco","18":"tag-tv"},"share_on_mastodon":{"url":"https:\/\/pubeurope.com\/@es\/115687942078874641","error":""},"_links":{"self":[{"href":"https:\/\/www.europesays.com\/es\/wp-json\/wp\/v2\/posts\/278879","targetHints":{"allow":["GET"]}}],"collection":[{"href":"https:\/\/www.europesays.com\/es\/wp-json\/wp\/v2\/posts"}],"about":[{"href":"https:\/\/www.europesays.com\/es\/wp-json\/wp\/v2\/types\/post"}],"author":[{"embeddable":true,"href":"https:\/\/www.europesays.com\/es\/wp-json\/wp\/v2\/users\/2"}],"replies":[{"embeddable":true,"href":"https:\/\/www.europesays.com\/es\/wp-json\/wp\/v2\/comments?post=278879"}],"version-history":[{"count":0,"href":"https:\/\/www.europesays.com\/es\/wp-json\/wp\/v2\/posts\/278879\/revisions"}],"wp:featuredmedia":[{"embeddable":true,"href":"https:\/\/www.europesays.com\/es\/wp-json\/wp\/v2\/media\/278880"}],"wp:attachment":[{"href":"https:\/\/www.europesays.com\/es\/wp-json\/wp\/v2\/media?parent=278879"}],"wp:term":[{"taxonomy":"category","embeddable":true,"href":"https:\/\/www.europesays.com\/es\/wp-json\/wp\/v2\/categories?post=278879"},{"taxonomy":"post_tag","embeddable":true,"href":"https:\/\/www.europesays.com\/es\/wp-json\/wp\/v2\/tags?post=278879"}],"curies":[{"name":"wp","href":"https:\/\/api.w.org\/{rel}","templated":true}]}}