{"id":278881,"date":"2025-12-09T05:24:15","date_gmt":"2025-12-09T05:24:15","guid":{"rendered":"https:\/\/www.europesays.com\/es\/278881\/"},"modified":"2025-12-09T05:24:15","modified_gmt":"2025-12-09T05:24:15","slug":"leire-martinez-anuncia-la-fecha-de-lanzamiento-y-el-titulo-de-su-primer-album-en-solitario","status":"publish","type":"post","link":"https:\/\/www.europesays.com\/es\/278881\/","title":{"rendered":"Leire Mart\u00ednez anuncia la fecha de lanzamiento y el t\u00edtulo de su primer \u00e1lbum en solitario"},"content":{"rendered":"<p><a class=\"v-mdl-ath__fig-a\" href=\"https:\/\/www.elcorreo.com\/autor\/marina-leon-6788.html\" title=\"Marina Le\u00f3n\" rel=\"nofollow noopener\" target=\"_blank\"><br \/>\n<img decoding=\"async\" class=\"v-mdl-ath__img\" src=\"https:\/\/www.europesays.com\/es\/wp-content\/uploads\/2025\/12\/autor-6788-foto-1.jpeg\" alt=\"Marina Le\u00f3n\"\/><br \/>\n<\/a><\/p>\n<p class=\"v-mdl-ath__p v-mdl-ath__p--6\">\nLunes, 8 de diciembre 2025, 20:31<\/p>\n<p>| Actualizado 20:48h.<\/p>\n<p class=\"v-p\">Desde que Leire Mart\u00ednez y &#8216;La Oreja de Van Gogh&#8217; decidieran seguir su camino por separado, la artista no ha dejado de trabajar en componer nuevos temas. Tras lanzar el single &#8216;Mi nombre&#8217; y poco despu\u00e9s &#8216;Tres deseos&#8217;, por fin ha llegado el momento de anunciar su primer \u00e1lbum en solitario, que saldr\u00e1 a la venta el 20 de febrero de 2026.<\/p>\n<p class=\"v-p\">As\u00ed lo anunci\u00f3 el domingo la propia Leire a trav\u00e9s de un misterioso post en Instagram con la fecha y una cuenta atr\u00e1s. Este lunes ha desvelado m\u00e1s detalles, como por ejemplo el t\u00edtulo del disco, &#8216;Historias de aquella ni\u00f1a&#8217;, que estar\u00e1 compuesto por 11 temas en los que ha colaborado con artistas como Edurne o Andr\u00e9s Su\u00e1rez.<\/p>\n<p class=\"v-p\">\u00abMi primer \u00e1lbum en solitario. Para mi era impensable no hace tanto y con tanta trascendencia en lo personal. Despu\u00e9s de un a\u00f1o de mucho trabajo, poni\u00e9ndome a prueba a diario, ya llega el momento de &#8216;abandonar&#8217; las canciones para que las hag\u00e1is vuestras\u00bb, escribe. \u00abS\u00e9 que las tratar\u00e9is con cari\u00f1o y me hace much\u00edsimas ilusi\u00f3n! Estoy deseando que llegue el momento\u00bb, a\u00f1ade y se\u00f1ala que la preventa comenzar\u00e1 este martes a partir de las 12.00 horas. <\/p>\n<p>Reporta un error<\/p>\n","protected":false},"excerpt":{"rendered":"Lunes, 8 de diciembre 2025, 20:31 | Actualizado 20:48h. Desde que Leire Mart\u00ednez y &#8216;La Oreja de Van&hellip;\n","protected":false},"author":2,"featured_media":278882,"comment_status":"","ping_status":"","sticky":false,"template":"","format":"standard","meta":{"footnotes":""},"categories":[170],"tags":[1837,4187,146,147,25,24,1151,14018,25809,825,184,185,977,8155,23,2349],"class_list":{"0":"post-278881","1":"post","2":"type-post","3":"status-publish","4":"format-standard","5":"has-post-thumbnail","7":"category-musica","8":"tag-album","9":"tag-anuncia","10":"tag-entertainment","11":"tag-entretenimiento","12":"tag-es","13":"tag-espana","14":"tag-fecha","15":"tag-lanzamiento","16":"tag-leire","17":"tag-martinez","18":"tag-music","19":"tag-musica","20":"tag-primer","21":"tag-solitario","22":"tag-spain","23":"tag-titulo"},"share_on_mastodon":{"url":"https:\/\/pubeurope.com\/@es\/115687946129646496","error":""},"_links":{"self":[{"href":"https:\/\/www.europesays.com\/es\/wp-json\/wp\/v2\/posts\/278881","targetHints":{"allow":["GET"]}}],"collection":[{"href":"https:\/\/www.europesays.com\/es\/wp-json\/wp\/v2\/posts"}],"about":[{"href":"https:\/\/www.europesays.com\/es\/wp-json\/wp\/v2\/types\/post"}],"author":[{"embeddable":true,"href":"https:\/\/www.europesays.com\/es\/wp-json\/wp\/v2\/users\/2"}],"replies":[{"embeddable":true,"href":"https:\/\/www.europesays.com\/es\/wp-json\/wp\/v2\/comments?post=278881"}],"version-history":[{"count":0,"href":"https:\/\/www.europesays.com\/es\/wp-json\/wp\/v2\/posts\/278881\/revisions"}],"wp:featuredmedia":[{"embeddable":true,"href":"https:\/\/www.europesays.com\/es\/wp-json\/wp\/v2\/media\/278882"}],"wp:attachment":[{"href":"https:\/\/www.europesays.com\/es\/wp-json\/wp\/v2\/media?parent=278881"}],"wp:term":[{"taxonomy":"category","embeddable":true,"href":"https:\/\/www.europesays.com\/es\/wp-json\/wp\/v2\/categories?post=278881"},{"taxonomy":"post_tag","embeddable":true,"href":"https:\/\/www.europesays.com\/es\/wp-json\/wp\/v2\/tags?post=278881"}],"curies":[{"name":"wp","href":"https:\/\/api.w.org\/{rel}","templated":true}]}}