{"id":278883,"date":"2025-12-09T05:26:13","date_gmt":"2025-12-09T05:26:13","guid":{"rendered":"https:\/\/www.europesays.com\/es\/278883\/"},"modified":"2025-12-09T05:26:13","modified_gmt":"2025-12-09T05:26:13","slug":"toppmoller-elogia-al-barcelona-junto-al-psg-han-entusiasmado-a-europa","status":"publish","type":"post","link":"https:\/\/www.europesays.com\/es\/278883\/","title":{"rendered":"Toppm\u00f6ller elogia al Barcelona: \u00abJunto al PSG han entusiasmado a Europa\u00bb"},"content":{"rendered":"<p class=\"mb-4 text-lg md:leading-8 break-words\">Barcelona, 8 dic (EFE).- El entrenador del Eintracht Fr\u00e1ncfort, Dino Toppm\u00f6ller, dijo este lunes que el partido de la sexta jornada de la Liga de Campeones ante el Barcelona ser\u00e1 \u00abun enorme reto\u00bb, ya que, a su juicio, el conjunto azulgrana, junto al Paris Saint-Germain, \u00abhan entusiasmado a Europa\u00bb.<\/p>\n<p class=\"mb-4 text-lg md:leading-8 break-words\">\u00abSabemos que ma\u00f1ana nos espera un enorme reto. El Barcelona, junto al PSG, han entusiasmado a Europa. El Barcelona es l\u00edder de la liga espa\u00f1ola y, aunque han tenido problemas por lesiones, sus jugadores ya est\u00e1n recuperados. Nos enfrentamos a una fuerza ofensiva formidable y tendremos que sufrir mucho para competirles\u00bb, afirm\u00f3 el t\u00e9cnico alem\u00e1n en la sala de prensa del Spotify Camp Nou.<\/p>\n<p class=\"mb-4 text-lg md:leading-8 break-words\">En esta l\u00ednea, el t\u00e9cnico germano subray\u00f3 que, si quieren obtener un resultado positivo y dejar atr\u00e1s la contundente derrota de este fin de semana ante el RB Leipzig (6-0), deber\u00e1n priorizar el trabajo colectivo para frenar a los jugadores \u00abde clase mundial\u00bb que el Barcelona tiene en \u00abtodas sus posiciones\u00bb.<\/p>\n<p class=\"mb-4 text-lg md:leading-8 break-words\">\u00abTenemos que correr y apoyarnos mutuamente. Lo m\u00e1s importante ser\u00e1 mantenernos fuertes y resistir su ofensiva para contrarrestar su calidad y generar nuestras oportunidades. Durante los 90 minutos debemos darlo todo, ser compactos y jugar como un verdadero equipo\u00bb, analiz\u00f3.<\/p>\n<p><img alt=\"\" loading=\"lazy\" width=\"853\" height=\"1280\" decoding=\"async\" data-nimg=\"1\" class=\"rounded-lg\" style=\"color:transparent\" src=\"https:\/\/www.europesays.com\/es\/wp-content\/uploads\/2025\/12\/a830e7a8e932c87f0dfb948b6ea38dfb.jpeg\"\/><\/p>\n<p class=\"mb-4 text-lg md:leading-8 break-words\">Toppm\u00f6ller evit\u00f3 centrarse en la posici\u00f3n desde la que partir\u00e1 Lamine Yamal o en &#8216;Pedri&#8217;, al que ha definido como \u00abuno de los centrocampistas m\u00e1s emocionantes del planeta\u00bb, y record\u00f3 el triunfo del Eintracht en 2022 ante el Barcelona en los cuartos de final de la Liga Europa (2-3), un partido recordado por la masiva presencia de aficionados alemanes en las gradas del Camp Nou.<\/p>\n<p class=\"mb-4 text-lg md:leading-8 break-words\">\u00abTampoco quedan muchos jugadores de aquel partido, solo Knauff. Segu\u00ed el encuentro y lo recuerdo perfectamente, lo vi en M\u00fanich. Ganamos y fue una experiencia fant\u00e1stica para todos los que lo vieron y apoyaron al Fr\u00e1ncfort. Fue una historia realmente bonita\u00bb, rememor\u00f3.<\/p>\n<p class=\"mb-4 text-lg md:leading-8 break-words\">El centrocampista Mario G\u00f6tze afirm\u00f3 que la derrota contra el RB Leipzig est\u00e1 \u00absuperada\u00bb y destac\u00f3 la calidad del Barcelona, insistiendo en la necesidad de centrarse en el trabajo colectivo para afrontar un partido \u00abdificil\u00edsimo\u00bb.<\/p>\n<p class=\"mb-4 text-lg md:leading-8 break-words\">\u00abLo bueno del f\u00fatbol es que cada tres o cuatro d\u00edas tienes la oportunidad de hacerlo mejor. En la primera hora jugamos bien, pero los goles fueron desafortunados. En la &#8216;Champions&#8217; debemos defender con solidez, darlo todo durante los 90 minutos y mantener siempre nuestra capacidad de ser peligrosos\u00bb, se\u00f1al\u00f3.<\/p>\n<p class=\"mb-4 text-lg md:leading-8 break-words\">Finalmente, G\u00f6tze elogi\u00f3 al t\u00e9cnico Hansi Flick, con quien coincidi\u00f3 en la selecci\u00f3n alemana y a quien aprecia \u00abmucho como persona\u00bb, y destac\u00f3 el \u00abexcelente\u00bb estilo ofensivo que ha construido con el Barcelona.<\/p>\n<p class=\"mb-4 text-lg md:leading-8 break-words\">(c) Agencia EFE<\/p>\n","protected":false},"excerpt":{"rendered":"Barcelona, 8 dic (EFE).- El entrenador del Eintracht Fr\u00e1ncfort, Dino Toppm\u00f6ller, dijo este lunes que el partido de&hellip;\n","protected":false},"author":2,"featured_media":278884,"comment_status":"","ping_status":"","sticky":false,"template":"","format":"standard","meta":{"footnotes":""},"categories":[93],"tags":[210,168,67768,65201,25,24,20114,30954,23,167],"class_list":{"0":"post-278883","1":"post","2":"type-post","3":"status-publish","4":"format-standard","5":"has-post-thumbnail","7":"category-deportes","8":"tag-barcelona","9":"tag-deportes","10":"tag-dino-toppmoller","11":"tag-eintracht-francfort","12":"tag-es","13":"tag-espana","14":"tag-paris-saint-germain","15":"tag-rb-leipzig","16":"tag-spain","17":"tag-sports"},"share_on_mastodon":{"url":"https:\/\/pubeurope.com\/@es\/115687954400164042","error":""},"_links":{"self":[{"href":"https:\/\/www.europesays.com\/es\/wp-json\/wp\/v2\/posts\/278883","targetHints":{"allow":["GET"]}}],"collection":[{"href":"https:\/\/www.europesays.com\/es\/wp-json\/wp\/v2\/posts"}],"about":[{"href":"https:\/\/www.europesays.com\/es\/wp-json\/wp\/v2\/types\/post"}],"author":[{"embeddable":true,"href":"https:\/\/www.europesays.com\/es\/wp-json\/wp\/v2\/users\/2"}],"replies":[{"embeddable":true,"href":"https:\/\/www.europesays.com\/es\/wp-json\/wp\/v2\/comments?post=278883"}],"version-history":[{"count":0,"href":"https:\/\/www.europesays.com\/es\/wp-json\/wp\/v2\/posts\/278883\/revisions"}],"wp:featuredmedia":[{"embeddable":true,"href":"https:\/\/www.europesays.com\/es\/wp-json\/wp\/v2\/media\/278884"}],"wp:attachment":[{"href":"https:\/\/www.europesays.com\/es\/wp-json\/wp\/v2\/media?parent=278883"}],"wp:term":[{"taxonomy":"category","embeddable":true,"href":"https:\/\/www.europesays.com\/es\/wp-json\/wp\/v2\/categories?post=278883"},{"taxonomy":"post_tag","embeddable":true,"href":"https:\/\/www.europesays.com\/es\/wp-json\/wp\/v2\/tags?post=278883"}],"curies":[{"name":"wp","href":"https:\/\/api.w.org\/{rel}","templated":true}]}}