{"id":278885,"date":"2025-12-09T05:27:11","date_gmt":"2025-12-09T05:27:11","guid":{"rendered":"https:\/\/www.europesays.com\/es\/278885\/"},"modified":"2025-12-09T05:27:11","modified_gmt":"2025-12-09T05:27:11","slug":"la-recomendacion-actualizada-en-estados-unidos-para-la-vacuna-de-hepatitis-b-en-recien-nacidos-que-dice-y-por-que-ha-sido-controversial","status":"publish","type":"post","link":"https:\/\/www.europesays.com\/es\/278885\/","title":{"rendered":"La recomendaci\u00f3n actualizada en Estados Unidos para la vacuna de hepatitis B en reci\u00e9n nacidos: qu\u00e9 dice y por qu\u00e9 ha sido controversial"},"content":{"rendered":"<p class=\"\">El Comit\u00e9 Asesor sobre Pr\u00e1cticas de Inmunizaci\u00f3n (ACIP, por sus siglas en ingl\u00e9s) de los Centros para el Control y la Prevenci\u00f3n de Enfermedades (CDC) vot\u00f3 a favor de actualizar la recomendaci\u00f3n sobre la vacuna contra la <a href=\"https:\/\/elpais.com\/mexico\/2022-05-21\/hepatitis-aguda-infantil-que-es-sintomas-y-cuantos-casos-se-conocen-en-mexico.html\" target=\"_self\" rel=\"nofollow noopener\" title=\"https:\/\/elpais.com\/mexico\/2022-05-21\/hepatitis-aguda-infantil-que-es-sintomas-y-cuantos-casos-se-conocen-en-mexico.html\">hepatitis B<\/a> en reci\u00e9n nacidos. La nueva propuesta, que fue aprobada el pasado viernes, establece que cuando la madre tiene un resultado negativo para hepatitis B, la primera dosis puede retrasarse hasta que el beb\u00e9 cumpla dos meses.<\/p>\n<p class=\"\">Aunque a\u00fan debe ser ratificada por el director de los CDC, Jim O\u2019Neil, la medida ha sido calificada como \u201cirresponsable\u201d por la Academia Americana de Pediatr\u00eda (AAP), que a su vez ha advertido que esto podr\u00eda provocar el <a href=\"https:\/\/elpais.com\/sociedad\/2025-08-19\/el-efecto-global-del-portazo-de-ee-uu-a-las-vacunas-es-la-renuncia-al-arma-mas-potente-contra-las-pandemias.html\" target=\"_self\" rel=\"nofollow noopener\" title=\"https:\/\/elpais.com\/sociedad\/2025-08-19\/el-efecto-global-del-portazo-de-ee-uu-a-las-vacunas-es-la-renuncia-al-arma-mas-potente-contra-las-pandemias.html\">aumento de contagios<\/a> de hepatitis B en infantes y ni\u00f1os. \u201cQuiero asegurar a los padres y a los m\u00e9dicos que no existe informaci\u00f3n nueva o preocupante sobre la vacuna contra la hepatitis B que motive este cambio, y tampoco ha cambiado el riesgo de que los ni\u00f1os contraigan la enfermedad. Este ajuste es, m\u00e1s bien, el resultado de una estrategia deliberada para sembrar miedo y desconfianza entre las familias\u201d, dijo Susan J. Kressly, presidenta de la AAP, en un comunicado.<\/p>\n<p class=\"\">Por su parte, el presidente <a href=\"https:\/\/elpais.com\/opinion\/2025-09-24\/la-peligrosa-regresion-anticientifica-de-trump.html\" target=\"_self\" rel=\"nofollow noopener\" title=\"https:\/\/elpais.com\/opinion\/2025-09-24\/la-peligrosa-regresion-anticientifica-de-trump.html\">Donald Trump<\/a> celebr\u00f3 la decisi\u00f3n del comit\u00e9, e hizo un llamado a que se eval\u00fae el calendario de vacunaci\u00f3n recomendado para menores de edad. \u201cMuchos padres y cient\u00edficos han cuestionado la eficacia de este \u2018calendario\u2019, al igual que yo. Por eso acabo de firmar un memorando presidencial que instruye al Departamento de Salud y Servicios Humanos a agilizar una evaluaci\u00f3n integral de los calendarios de vacunaci\u00f3n de otros pa\u00edses del mundo y a armonizar mejor el calendario de Estados Unidos, para que finalmente est\u00e9 basado en el est\u00e1ndar de oro de la ciencia y el sentido com\u00fan\u201d, escribi\u00f3 el mandatario en su red social Truth. <\/p>\n<p><img decoding=\"auto\" class=\"_re lazyload a_m-h\" height=\"277\"  width=\"414\"  src=\"https:\/\/www.europesays.com\/es\/wp-content\/uploads\/2025\/12\/TAQNWLMQLZOBVGNV5YRAT6ZWFE.jpg\" loading=\"lazy\"\/>Protesta frente a la sede de los CDC, el 4 de diciembre.ERIK S. LESSER (EFE)\u00bfQu\u00e9 dice la recomendaci\u00f3n universal?<\/p>\n<p class=\"\">La directriz de la Organizaci\u00f3n Mundial de la Salud (OMS) establece que los beb\u00e9s deber\u00edan recibir la primera dosis lo antes posible tras el nacimiento, idealmente dentro de las primeras 24 horas. Despu\u00e9s, se recomienda completar dos o tres dosis adicionales, con un intervalo m\u00ednimo de cuatro semanas entre cada una. Desde 1991, el comit\u00e9 de los CDC hab\u00eda mantenido esta misma recomendaci\u00f3n, algo que se refleja en las cifras: seg\u00fan datos de la AAP, los casos de hepatitis B en infantes y ni\u00f1os se redujeron de alrededor de 16.000 a menos de 20 al a\u00f1o.<\/p>\n<p>\u00bfQu\u00e9 dicen ahora los CDC?<\/p>\n<p class=\"\">Para los beb\u00e9s nacidos de madres con resultado negativo para hepatitis B, el comit\u00e9 plantea que la decisi\u00f3n sobre cu\u00e1ndo \u2014o incluso si\u2014 aplicar la vacuna, incluida la dosis al nacer, quede a criterio de cada familia en consulta con su proveedor de salud. La recomendaci\u00f3n sugiere evaluar los beneficios y riesgos de la vacuna, as\u00ed como el riesgo de exposici\u00f3n al virus, por ejemplo, si en el hogar hay alguien con hepatitis B o si existe contacto frecuente con personas provenientes de regiones donde la enfermedad es com\u00fan. En los casos en que no se aplique la dosis al nacer, se propone que la primera dosis no se administre antes de los dos meses de edad.<\/p>\n<p class=\"\">Las resoluciones del ACIP definen qu\u00e9 vacunas ofrece gratuitamente el Gobierno de Estados Unidos y tienen impacto en las leyes estatales y locales, adem\u00e1s de influir en la cobertura que brindan las aseguradoras.<\/p>\n<p>Un comit\u00e9 controversial <\/p>\n<p class=\"\">Desde el nombramiento de <a href=\"https:\/\/elpais.com\/sociedad\/2025-09-07\/el-hombre-que-no-amaba-las-vacunas-robert-f-kennedy-secretario-de-salud-de-ee-uu.html\" target=\"_self\" rel=\"nofollow noopener\" title=\"https:\/\/elpais.com\/sociedad\/2025-09-07\/el-hombre-que-no-amaba-las-vacunas-robert-f-kennedy-secretario-de-salud-de-ee-uu.html\">Robert F. Kennedy<\/a> \u2014un antiguo activista antivacunas\u2014 como Secretario de Salud de Estados Unidos, el sector ha sido objeto de una controversial reestructuraci\u00f3n. En julio de este a\u00f1o, el pol\u00edtico despidi\u00f3 a los 17 miembros de la ACIP y los sustituy\u00f3 con perfiles afines a su ideolog\u00eda. Posteriormente, la Casa Blanca ces\u00f3 a Susan Monarez, entonces directora de los CDC, por su negativa de aceptar directrices sobre vacunas no respaldadas por la ciencia. O\u2019Neill, un empresario sin experiencia en medicina cercano a Kennedy, fue seleccionado como su reemplazo. <\/p>\n<p class=\"\">Al poco tiempo, la nueva comisi\u00f3n modific\u00f3 su recomendaci\u00f3n sobre <a href=\"https:\/\/elpais.com\/sociedad\/2025-09-19\/robert-f-kennedy-jr-inicia-su-asalto-a-las-vacunas-infantiles-en-estados-unidos.html\" target=\"_self\" rel=\"nofollow noopener\" title=\"https:\/\/elpais.com\/sociedad\/2025-09-19\/robert-f-kennedy-jr-inicia-su-asalto-a-las-vacunas-infantiles-en-estados-unidos.html\">la vacuna cu\u00e1druple viral (MMRV)<\/a>, que protege de manera conjunta contra el sarampi\u00f3n, la varicela, la rub\u00e9ola y las paperas. Con la nueva directriz, se establece que los ni\u00f1os reciban por separado las vacunas contra sarampi\u00f3n-rubeola-paperas (MMR) y contra la varicela, en lugar de una sola dosis combinada. Bajo la administraci\u00f3n de Kennedy, especialistas prev\u00e9n que estos ajustes ser\u00e1n solo los primeros y han manifestado preocupaci\u00f3n ante la posibilidad de que futuras decisiones se tomen sin una revisi\u00f3n cient\u00edfica exhaustiva.<\/p>\n","protected":false},"excerpt":{"rendered":"El Comit\u00e9 Asesor sobre Pr\u00e1cticas de Inmunizaci\u00f3n (ACIP, por sus siglas en ingl\u00e9s) de los Centros para el&hellip;\n","protected":false},"author":2,"featured_media":278886,"comment_status":"","ping_status":"","sticky":false,"template":"","format":"standard","meta":{"footnotes":""},"categories":[92],"tags":[889,352,1293,25,24,629,165,6297,40657,166,23,1454],"class_list":{"0":"post-278885","1":"post","2":"type-post","3":"status-publish","4":"format-standard","5":"has-post-thumbnail","7":"category-salud","8":"tag-america","9":"tag-donald-trump","10":"tag-enfermedades","11":"tag-es","12":"tag-espana","13":"tag-estados-unidos","14":"tag-health","15":"tag-hepatitis","16":"tag-robert-f-kennedy","17":"tag-salud","18":"tag-spain","19":"tag-vacunas"},"share_on_mastodon":{"url":"https:\/\/pubeurope.com\/@es\/115687958008554142","error":""},"_links":{"self":[{"href":"https:\/\/www.europesays.com\/es\/wp-json\/wp\/v2\/posts\/278885","targetHints":{"allow":["GET"]}}],"collection":[{"href":"https:\/\/www.europesays.com\/es\/wp-json\/wp\/v2\/posts"}],"about":[{"href":"https:\/\/www.europesays.com\/es\/wp-json\/wp\/v2\/types\/post"}],"author":[{"embeddable":true,"href":"https:\/\/www.europesays.com\/es\/wp-json\/wp\/v2\/users\/2"}],"replies":[{"embeddable":true,"href":"https:\/\/www.europesays.com\/es\/wp-json\/wp\/v2\/comments?post=278885"}],"version-history":[{"count":0,"href":"https:\/\/www.europesays.com\/es\/wp-json\/wp\/v2\/posts\/278885\/revisions"}],"wp:featuredmedia":[{"embeddable":true,"href":"https:\/\/www.europesays.com\/es\/wp-json\/wp\/v2\/media\/278886"}],"wp:attachment":[{"href":"https:\/\/www.europesays.com\/es\/wp-json\/wp\/v2\/media?parent=278885"}],"wp:term":[{"taxonomy":"category","embeddable":true,"href":"https:\/\/www.europesays.com\/es\/wp-json\/wp\/v2\/categories?post=278885"},{"taxonomy":"post_tag","embeddable":true,"href":"https:\/\/www.europesays.com\/es\/wp-json\/wp\/v2\/tags?post=278885"}],"curies":[{"name":"wp","href":"https:\/\/api.w.org\/{rel}","templated":true}]}}