{"id":278887,"date":"2025-12-09T05:28:11","date_gmt":"2025-12-09T05:28:11","guid":{"rendered":"https:\/\/www.europesays.com\/es\/278887\/"},"modified":"2025-12-09T05:28:11","modified_gmt":"2025-12-09T05:28:11","slug":"la-sonrisa-misteriosa-de-irene-urdangarin-en-su-regreso-a-oxford-antes-de-la-esperada-entrevista-de-su-padre-inaki-urdangarin-en-television","status":"publish","type":"post","link":"https:\/\/www.europesays.com\/es\/278887\/","title":{"rendered":"La sonrisa misteriosa de Irene Urdangarin en su regreso a Oxford antes de la esperada entrevista de su padre, I\u00f1aki Urdangarin, en televisi\u00f3n"},"content":{"rendered":"<p class=\"HOLA-TEMAS_5--TEXTO-1er-PARRAFO\" id=\"edeHXtx5OWlX\" data-wc=\"71\"><strong>Irene Urdangarin\u00a0est\u00e1 ya de regreso en Oxford, contando los d\u00edas para volver a Espa\u00f1a en Navidad.\u00a0<\/strong>Al igual que su hermano Juan, viaj\u00f3 desde Londres el fin de semana del 22 de noviembre para disfrutar del <strong>gran almuerzo familiar que se celebr\u00f3 en El Pardo<\/strong> en <a class=\"hm-link ho-link\" href=\"https:\/\/www.hola.com\/realeza\/casa_espanola\/20251122868982\/nietos-juan-carlos-i-reina-sofia-se-reunen-7-anos-despues\/\" data-mrf-recirculation=\"article-body-link\" rel=\"nofollow noopener\" target=\"_blank\">homenaje a la Reina Sof\u00eda, tras su ingreso en la Insigne Orden del Tois\u00f3n de Oro<\/a>, y, despu\u00e9s, se tom\u00f3 unos d\u00edas de respiro.<\/p>\n<p>  <img src=\"https:\/\/www.europesays.com\/es\/wp-content\/uploads\/2025\/12\/8af93eb686c0-epirene-urdangarin-aeropuerto-25cut.jpg\"   width=\"1080\" height=\"1800\" loading=\"lazy\" decoding=\"async\" alt=\"ras disfrutar de su familia en Madrid, Irene regres\u00f3 a Gran Breta\u00f1a para seguir con sus estudios. Los ex\u00e1menes empiezan el d\u00eda 15 y terminan el 19, el mismo d\u00eda en el que podr\u00e1 cogerse vacaciones. En las im\u00e1genes, tomadas en el aeropuerto de Madrid, lleva vaquero, chaqueta azul y zapatillas\" fetchpriority=\"auto\" class=\"image ho-image\"\/>\u00a9 Europa PressTras disfrutar de su familia en Madrid, Irene regres\u00f3 a Gran Breta\u00f1a para seguir con sus estudios. Los ex\u00e1menes empiezan el d\u00eda 15 y terminan el 19, el mismo d\u00eda en el que podr\u00e1 cogerse vacaciones. En las im\u00e1genes, tomadas en el aeropuerto de Madrid, lleva vaquero, chaqueta azul y zapatillas<\/p>\n<p class=\"HOLA-TEMAS_5a--TEXTO-NORMAL\" id=\"e3RIWwQepaC9\" data-wc=\"56\"><strong>Los pas\u00f3 junto a su abuela y su hermano Miguel,\u00a0<\/strong>que es el \u00fanico que vive y trabaja en Madrid, aunque <strong>aprovech\u00f3 para ver a algunos amigos,<\/strong> adem\u00e1s de seguir estudiando. <a class=\"hm-link ho-link\" href=\"https:\/\/www.hola.com\/actualidad\/20240926719761\/irene-urdangarin-primeras-imagenes-detalles-nueva-vida-universitaria-oxford\/\" data-mrf-recirculation=\"article-body-link\" rel=\"nofollow noopener\" target=\"_blank\">Es momento de hincar codos. Los ex\u00e1menes empiezan el 15 de diciembre y terminan el 19<\/a>, el mismo d\u00eda en el que podr\u00e1 cogerse vacaciones.<\/p>\n<p class=\"HOLA-TEMAS_5a--TEXTO-NORMAL\" id=\"eY0sX6eDkDXy\" data-wc=\"104\">Desde que se instal\u00f3 en Gran Breta\u00f1a y rompi\u00f3 su relaci\u00f3n con Juan Urquijo,<strong>\u00a0Irene ha podido llevar una vida casi an\u00f3nima<\/strong> \u2014nada le gusta m\u00e1s\u2014, aunque en Espa\u00f1a no es f\u00e1cil estar lejos del foco medi\u00e1tico\u2026 Lo sabe, y c<strong>uando se encontr\u00f3 con las c\u00e1maras en el aeropuerto, reaccion\u00f3 con una sonrisa un tanto misteriosa\u00a0<\/strong>y respuestas muy escuetas. <a class=\"hm-link ho-link\" href=\"https:\/\/www.hola.com\/realeza\/casa_espanola\/20250904853344\/irene-urdangarin-primeras-reveladoras-fotos-tras-ruptura-juan-urquijo\/\" data-mrf-recirculation=\"article-body-link\" rel=\"nofollow noopener\" target=\"_blank\">Respecto al almuerzo familiar dijo que estuvo \u00abmuy bien\u00bb.\u00a0<\/a>Y en cuanto a la entrevista que ha concedido <strong>I\u00f1aki<\/strong> Urdangarin a Jordi Bast\u00e9 \u2014se emitir\u00e1 el 11 de diciembre\u2014 se\u00f1al\u00f3 que<strong>\u00a0est\u00e1 de acuerdo con todo lo que cuente su padre: \u00abS\u00ed, todo. Todo\u00bb.<\/strong><\/p>\n<blockquote class=\"ho-bl-1081603 -no-figcaption\" cite=\"\">\n<p id=\"eCwOOo_EW6I\">La hija de la infanta Cristina e I\u00f1aki Urdangarin disfruta de una gran etapa: estudios en Oxford, viajes de inc\u00f3gnito y la alegr\u00eda de llevar una vida casi an\u00f3nima<\/p>\n<\/blockquote>\n<p class=\"HOLA-TEMAS_5a--TEXTO-NORMAL\" id=\"e6ElL2W59x8Y\" data-wc=\"83\">Irene disfruta de una gran etapa. <strong>Estudia lo que m\u00e1s le gusta, International Hospitality Management, en Oxford Brookes<\/strong>; vive en el campus; comparte apartamento con otros estudiantes, y lleva la vida de cualquier otro alumno. <a class=\"hm-link ho-link\" href=\"https:\/\/www.hola.com\/realeza\/casa_espanola\/20250605836192\/retrato-de-la-sobrina-mas-discreta-y-desconocida-del-rey-felipe-vi-que-cumple-hoy-20\/\" data-mrf-recirculation=\"article-body-link\" rel=\"nofollow noopener\" target=\"_blank\">Es una joven muy independiente que mantiene un perfil muy bajo y consigue viajar de inc\u00f3gnito<\/a> \u2014Francia, Italia y Espa\u00f1a son destinos frecuentes para hacer planes y pr\u00e1cticas de carrera\u2014, haciendo <strong>gala de un estilo muy juvenil, que es perfecto para moverse \u00abcamuflada\u00bb<\/strong>: vaquero ancho y zapatillas Converse.<\/p>\n<p>  <img src=\"https:\/\/www.europesays.com\/es\/wp-content\/uploads\/2025\/12\/47be2097bbff-epirene-urdangarin-aeropuerto-7.jpg\"   width=\"1080\" height=\"1800\" loading=\"lazy\" decoding=\"async\" alt=\"Media Image\" fetchpriority=\"auto\" class=\"image ho-image\"\/>\u00a9 Europa Press<\/p>\n<p>Fuera, pero cerca de su familia<\/p>\n<p class=\"HOLA-TEMAS_5a--TEXTO-NORMAL\" id=\"eN3XdlfaXu\" data-wc=\"69\">Irene termina el a\u00f1o viviendo su mejor vida. <strong>Formarse en un \u00e1mbito tan exigente no resulta un impedimento para disfrutar sus d\u00edas en la ciudad id\u00f3nea\u00a0<\/strong><strong>para cumplir su sue\u00f1o de pasar desapercibido.<\/strong> Sin embargo, no se olvida de sus ra\u00edces espa\u00f1olas y siempre que puede <strong>se escapa al pa\u00eds mediterr\u00e1neo<\/strong> \u2014entre sus escapadas europeas\u2014 para ver a sus amigos m\u00e1s cercanos y<strong>\u00a0pasar unos d\u00edas con sus familiares.<\/strong><\/p>\n<p>  <img src=\"https:\/\/www.europesays.com\/es\/wp-content\/uploads\/2025\/12\/64d2c121bb06-epirene-urdangarin-aeropuerto-13.jpg\"   width=\"1080\" height=\"1800\" loading=\"lazy\" decoding=\"async\" alt=\"Media Image\" fetchpriority=\"auto\" class=\"image ho-image\"\/>\u00a9 Europa Press<\/p>\n<p class=\"HOLA-TEMAS_5a--TEXTO-NORMAL\" id=\"eGtAC5iV1up\" data-wc=\"94\">A finales de verano, sin ir m\u00e1s lejos,<strong>\u00a0Irene estuvo en Barcelona junto a su madre, la infanta Cristina, apoyando a su he<\/strong><strong>rmano Pablo\u00a0<\/strong>y su equipo Fraikin BM Granollers en el comienzo de temporada de balonmano. Esta salida, donde madre e hija derrocharon pura complicidad en las gradas, <strong>ocurri\u00f3 d\u00edas despu\u00e9s\u00a0<\/strong>de que confirm\u00e1ramos en nuestras p\u00e1ginas la <strong>ruptura de la estilosa joven y su chico<\/strong> tras m\u00e1s de un a\u00f1o. Sin embargo, a pesar de tomar la decisi\u00f3n de tomar caminos separados, <strong>siguen manteniendo una buena relaci\u00f3n<\/strong> y contin\u00faan con su amistad.<\/p>\n","protected":false},"excerpt":{"rendered":"Irene Urdangarin\u00a0est\u00e1 ya de regreso en Oxford, contando los d\u00edas para volver a Espa\u00f1a en Navidad.\u00a0Al igual que&hellip;\n","protected":false},"author":2,"featured_media":278888,"comment_status":"","ping_status":"","sticky":false,"template":"","format":"standard","meta":{"footnotes":""},"categories":[91],"tags":[3900,3899,146,147,25,24,14971,1029,23],"class_list":{"0":"post-278887","1":"post","2":"type-post","3":"status-publish","4":"format-standard","5":"has-post-thumbnail","7":"category-entretenimiento","8":"tag-hola","9":"tag-contenido-sensible","10":"tag-entertainment","11":"tag-entretenimiento","12":"tag-es","13":"tag-espana","14":"tag-irene-urdangarin","15":"tag-realeza-espanola","16":"tag-spain"},"share_on_mastodon":{"url":"https:\/\/pubeurope.com\/@es\/115687961954886974","error":""},"_links":{"self":[{"href":"https:\/\/www.europesays.com\/es\/wp-json\/wp\/v2\/posts\/278887","targetHints":{"allow":["GET"]}}],"collection":[{"href":"https:\/\/www.europesays.com\/es\/wp-json\/wp\/v2\/posts"}],"about":[{"href":"https:\/\/www.europesays.com\/es\/wp-json\/wp\/v2\/types\/post"}],"author":[{"embeddable":true,"href":"https:\/\/www.europesays.com\/es\/wp-json\/wp\/v2\/users\/2"}],"replies":[{"embeddable":true,"href":"https:\/\/www.europesays.com\/es\/wp-json\/wp\/v2\/comments?post=278887"}],"version-history":[{"count":0,"href":"https:\/\/www.europesays.com\/es\/wp-json\/wp\/v2\/posts\/278887\/revisions"}],"wp:featuredmedia":[{"embeddable":true,"href":"https:\/\/www.europesays.com\/es\/wp-json\/wp\/v2\/media\/278888"}],"wp:attachment":[{"href":"https:\/\/www.europesays.com\/es\/wp-json\/wp\/v2\/media?parent=278887"}],"wp:term":[{"taxonomy":"category","embeddable":true,"href":"https:\/\/www.europesays.com\/es\/wp-json\/wp\/v2\/categories?post=278887"},{"taxonomy":"post_tag","embeddable":true,"href":"https:\/\/www.europesays.com\/es\/wp-json\/wp\/v2\/tags?post=278887"}],"curies":[{"name":"wp","href":"https:\/\/api.w.org\/{rel}","templated":true}]}}