{"id":278898,"date":"2025-12-09T05:41:24","date_gmt":"2025-12-09T05:41:24","guid":{"rendered":"https:\/\/www.europesays.com\/es\/278898\/"},"modified":"2025-12-09T05:41:24","modified_gmt":"2025-12-09T05:41:24","slug":"j-10-melisa-gretter-caracter-internacional-para-un-mvp-en-su-retorno-a-mendizorrotza-liga-femenina-endesa","status":"publish","type":"post","link":"https:\/\/www.europesays.com\/es\/278898\/","title":{"rendered":"J. 10: Melisa Gretter, car\u00e1cter internacional para un MVP en su retorno a Mendizorrotza | Liga Femenina Endesa"},"content":{"rendered":"<p>J. 10: Melisa Gretter, car\u00e1cter internacional para un MVP en su retorno a Mendizorrotza<\/p>\n<p>                    \u00c1REA DE COMUNICACI\u00d3N FEB\u00a0<\/p>\n<p>El Ingenier\u00eda Ambiental CAB Estepona visitaba Vitoria para medirse al Kutxabank Araski en busca de la tercera victoria y alejarse de los puestos de descenso. Y as\u00ed fue. Un magnifico encuentro de las malague\u00f1as lideradas por la base argentina Melisa Gretter hizo que pasaran los noventa puntos y sacaran una victoria muy importante como visitante. <\/p>\n<p>En 40 minutos de juego se fue a los 15 puntos (siendo la segunda m\u00e1xima anotadora de su equipo), 5 rebotes, 10 asistencias y 4 faltas recibidas, para un total de 31 puntos de valoraci\u00f3n. Sus porcentajes de tiro fueron sobresalientes, con 5 de 11 en tiros de campo. <\/p>\n<p><b> Apartado anecd\u00f3tico<\/b>: <\/p>\n<p>Melisa Gretter logra su tercer MVP en la Liga Femenina Endesa, siendo una de las \u00fanicas tres argentinas que han logrado este premio. Este es su primer galard\u00f3n como jugadora del Ing. Ambiental CAB Estepona, ya que las veces anteriores lo obtuvo vistiendo la camiseta del Movistar Estudiantes. <\/p>\n<p>Adem\u00e1s, la argentina este verano hizo historia al convertirse en la m\u00e1xima asistente en el FIBA AmeriCup Femenino.<br \/>&#13;<br \/>\n<b><br \/>&#13;<br \/>\n El quinteto ideal de la jornada<\/b>: <\/p>\n<p>El quinteto de la jornada 10 nos deja variedad internacional. El combo exterior lo forma la MVP argentina Melisa Gretter (Ing. Ambiental CAB Estepona), liderando la tercera victoria de su equipo con un partido completo (15 puntos, 5 rebotes y 10 asistencias), y Alicia Fl\u00f3rez, la m\u00e1xima asistente del Dur\u00e1n Maquinaria Ensino en el Olimpic de Badalona. <\/p>\n<p>Y el trio interior est\u00e1 formado por Lou L\u00f3pez-S\u00e9n\u00e9chal, jugadora clave en la victoria del Hozono Global Jairis; Dalayah Daniels (14 puntos) y Maya Dodson, que sum\u00f3 23 puntos en el triunfo del Innova-TSN Legan\u00e9s. <\/p>\n<p>Base:\u00a0<b>Melisa Gretter<\/b> (Ing. Ambiental CAB Estepona) 31 val \u2014 15 puntos, (3\/6 T3), 5 rebotes, 10 asistencias y 4 faltas recibidas. <br \/>&#13;<br \/>\nEscolta: <b>Alicia Fl\u00f3rez <\/b>(Dur\u00e1n Maquinaria Ensino) 26 val \u2014 11 puntos (2\/2 T2), 8 rebotes, 8 asistencias y 7 falta recibida. <br \/>&#13;<br \/>\nAlero: <b>Lou L\u00f3pez-S\u00e9n\u00e9chal<\/b> (Hozono Global Jairis) 26 val \u2014 21 puntos (5\/9 T3), 8 rebotes, 3 asistencias y 3 faltas recibidas. <br \/>&#13;<br \/>\nAla-P\u00edvot: <b>Dalayah Daniels<\/b> (Baxi Ferrol) 25 val \u2014 14 puntos (5\/8 T2), 9 rebotes, una asistencia y 9 faltas recibidas. <br \/>&#13;<br \/>\nP\u00edvot: <b>Maya Dodson<\/b> (Innova-TSN Legan\u00e9s) 31 val \u2014 30 puntos (9\/14 T2), 8 rebotes y 8 faltas recibidas. <\/p>\n<p><b>Estad\u00edsticas de la temporada &#8211; Melisa Gretter<\/b>:<\/p>\n<p><a href=\"https:\/\/baloncestoenvivo.feb.es\/jugador\/981322\/2030234\" target=\"_self\" rel=\"nofollow noopener\">FICHA COMPLETA <\/a><br \/>&#13;<br \/>\nPartidos jugados: 10 <br \/>&#13;<br \/>\nMinutos: 36,49 p.p. <br \/>&#13;<br \/>\nPuntos: 7,7 p.p. <br \/>&#13;<br \/>\nRebotes: 3,2 p.p. <br \/>&#13;<br \/>\nAsistencias: 6,9 p.p. <br \/>&#13;<br \/>\nRecuperaciones: 2,2 p.p. <br \/>&#13;<br \/>\nTapones: 0,1 p.p.<br \/>&#13;<br \/>\n Faltas recibidas: 2,3 p.p. <br \/>&#13;<br \/>\nValoraci\u00f3n: 12,8 p.p. <\/p>\n<p><b>Trayectoria deportiva \u2013 Melisa Gretter<br \/>&#13;<br \/>\n <\/b><br \/>&#13;<br \/>\n2011\/12: Uni\u00f3n Florida (Argentina) <br \/>&#13;<br \/>\n2012\/13: Uni\u00f3n Florida (Argentina)<br \/>&#13;<br \/>\n 2013\/14:  Mann Filter (LF) <br \/>&#13;<br \/>\n2014\/15: Mann Filter (LF) <br \/>&#13;<br \/>\n2015\/16: Corinthias(Brasil) <br \/>&#13;<br \/>\n2016\/17: Corinthias(Brasil) <br \/>&#13;<br \/>\n2017\/18: Vera Cruz (Brasil) <br \/>&#13;<br \/>\n2018\/19: Vera Cruz (Brasil) <br \/>&#13;<br \/>\n2019\/20: Sampaio (Brasil) <br \/>&#13;<br \/>\n2020\/21: Estudiantes (LF Endesa) <br \/>&#13;<br \/>\n2021\/22 Estudiantes (LF Endesa) <br \/>&#13;<br \/>\n2022\/23: Estudiantes (LF Endesa) <br \/>&#13;<br \/>\n2023\/24: Kutxabank Araski (LF Endesa) <br \/>&#13;<br \/>\n2024\/25: C.B Islas Canarias (LF Endesa)<br \/>&#13;<br \/>\n 2025\/26: Ing. Ambiental CAB Estepona (LF Endesa)&#13;\n                <\/p>\n","protected":false},"excerpt":{"rendered":"J. 10: Melisa Gretter, car\u00e1cter internacional para un MVP en su retorno a Mendizorrotza \u00c1REA DE COMUNICACI\u00d3N FEB\u00a0&hellip;\n","protected":false},"author":2,"featured_media":278899,"comment_status":"","ping_status":"","sticky":false,"template":"","format":"standard","meta":{"footnotes":""},"categories":[269],"tags":[299,1918,298,4597,4616,4610,168,25,24,4120,58586,58587,4614,8913,67771,67772,1044,4599,67770,4617,23,167],"class_list":{"0":"post-278898","1":"post","2":"type-post","3":"status-publish","4":"format-standard","5":"has-post-thumbnail","7":"category-baloncesto","8":"tag-baloncesto","9":"tag-basket","10":"tag-basketball","11":"tag-basquet","12":"tag-clasificacion","13":"tag-copa-reina","14":"tag-deportes","15":"tag-es","16":"tag-espana","17":"tag-estadisticas","18":"tag-febtv","19":"tag-federacion-de-baloncesto","20":"tag-jornada-virtual","21":"tag-jugadoras","22":"tag-lf","23":"tag-lfb","24":"tag-liga","25":"tag-liga-espana","26":"tag-liga-femenina-endesa-de-baloncesto","27":"tag-rankings","28":"tag-spain","29":"tag-sports"},"share_on_mastodon":{"url":"https:\/\/pubeurope.com\/@es\/115688012795016605","error":""},"_links":{"self":[{"href":"https:\/\/www.europesays.com\/es\/wp-json\/wp\/v2\/posts\/278898","targetHints":{"allow":["GET"]}}],"collection":[{"href":"https:\/\/www.europesays.com\/es\/wp-json\/wp\/v2\/posts"}],"about":[{"href":"https:\/\/www.europesays.com\/es\/wp-json\/wp\/v2\/types\/post"}],"author":[{"embeddable":true,"href":"https:\/\/www.europesays.com\/es\/wp-json\/wp\/v2\/users\/2"}],"replies":[{"embeddable":true,"href":"https:\/\/www.europesays.com\/es\/wp-json\/wp\/v2\/comments?post=278898"}],"version-history":[{"count":0,"href":"https:\/\/www.europesays.com\/es\/wp-json\/wp\/v2\/posts\/278898\/revisions"}],"wp:featuredmedia":[{"embeddable":true,"href":"https:\/\/www.europesays.com\/es\/wp-json\/wp\/v2\/media\/278899"}],"wp:attachment":[{"href":"https:\/\/www.europesays.com\/es\/wp-json\/wp\/v2\/media?parent=278898"}],"wp:term":[{"taxonomy":"category","embeddable":true,"href":"https:\/\/www.europesays.com\/es\/wp-json\/wp\/v2\/categories?post=278898"},{"taxonomy":"post_tag","embeddable":true,"href":"https:\/\/www.europesays.com\/es\/wp-json\/wp\/v2\/tags?post=278898"}],"curies":[{"name":"wp","href":"https:\/\/api.w.org\/{rel}","templated":true}]}}