{"id":278904,"date":"2025-12-09T05:46:18","date_gmt":"2025-12-09T05:46:18","guid":{"rendered":"https:\/\/www.europesays.com\/es\/278904\/"},"modified":"2025-12-09T05:46:18","modified_gmt":"2025-12-09T05:46:18","slug":"bienvenidos-a-derry-deja-varios-misterios-a-resolver-en-las-siguientes-temporadas-comparte-su-showrunner","status":"publish","type":"post","link":"https:\/\/www.europesays.com\/es\/278904\/","title":{"rendered":"Bienvenidos a Derry deja varios misterios a resolver en las siguientes temporadas, comparte su showrunner"},"content":{"rendered":"<p class=\"c-paragraph\">Desde hoy mismo tenemos en el cat\u00e1logo de\u00a0<a href=\"https:\/\/www.hobbyconsolas.com\/reportajes\/hbo-max-espana-planes-precio-compartir-cuenta-catalogo-1160429\" title=\"HBO Max Espa\u00f1a: planes, precio, compartir cuenta, cat\u00e1logo y m\u00e1s\" rel=\"nofollow noopener\" target=\"_blank\">HBO Max<\/a>\u00a0Espa\u00f1a el nuevo episodio de\u00a0<a href=\"https:\/\/www.hobbyconsolas.com\/reviews\/critica-it-bienvenidos-derry-paseo-perturbador-cloacas-ciudad-1488180\" title=\"Cr\u00edtica de It: Bienvenidos a Derry - Un paseo perturbador por las cloacas de la ciudad \" rel=\"nofollow noopener\" target=\"_blank\">It: Bienvenidos a Derry<\/a>, la\u00a0<b><b><b><b>serie<\/b><\/b><\/b><\/b>\u00a0basada en el universo literario de\u00a0<a href=\"https:\/\/www.hobbyconsolas.com\/reportajes\/stephen-king-biografia-mejores-libros-recomendaciones-rey-terror-1156017\" title=\"Stephen King: biograf\u00eda, mejores libros y recomendaciones del Rey del Terror\" rel=\"nofollow noopener\" target=\"_blank\">Stephen King<\/a>\u00a0cuya trama tiene lugar antes de los eventos de las pel\u00edculas de Andy Muschietti.<\/p>\n<p class=\"c-paragraph\">En esta primera temporada se nos traslada principalmente al ciclo de 1962, donde varios personajes se ver\u00e1n envueltos en mayor o menor medida en la ola de muertes que deja a su paso la criatura que adopta m\u00faltiples formas, entre ellas la del payaso <b>Pennywise<\/b>.<\/p>\n<p class=\"c-paragraph\">Pero tambi\u00e9n tenemos varios flashbacks de eventos pasados donde vamos conociendo m\u00e1s en profundidad la historia de Eso.<\/p>\n<p class=\"c-paragraph\">Su \u00faltimo episodio ha sido bastante revelador, no solo por contar c\u00f3mo y en qu\u00e9 momento la entidad decide adoptar la forma de Pennywise para atraer a sus v\u00edctimas, sino tambi\u00e9n porque <b>deja varios misterios a resolver de cara a las siguientes temporadas<\/b>, tal como ha desvelado su propio showrunner.<\/p>\n<p class=\"c-paragraph\">\u00a1Atenci\u00f3n! A partir de este punto habr\u00e1 algunos <b>SPOILERS de It: Bienvenidos a Derry<\/b>, de modo que si no llevas la serie al d\u00eda te aconsejamos que no sigas leyendo.<\/p>\n<p>El showrunner de It: Bienvenidos a Derry aborda los misterios que deja pendientes para pr\u00f3ximas temporadas<\/p>\n<p class=\"c-paragraph\">Durante una entrevista para <a href=\"https:\/\/screenrant.com\/it-welcome-to-derry-episode-7-pennywise-bob-gray-new-mysteries-jason-fuchs\/\" rel=\"nofollow noreferrer noopener\" title=\"Screen Rant\" target=\"_blank\">Screen Rant<\/a>, <b>Jason Fuchs<\/b>, showrunner de It: Bienvenidos a Derry, explica c\u00f3mo abordaron la historia de Eso con\u00a0<a href=\"https:\/\/www.hobbyconsolas.com\/noticias\/it-bienvenidos-derry-ahondara-aspectos-pennywise-apenas-mostraron-peliculas-1487988\" title=\"It: Bienvenidos a Derry ahondar\u00e1 en los aspectos de Pennywise que apenas se mostraron en las pel\u00edculas\" rel=\"nofollow noopener\" target=\"_blank\">Pennywise<\/a>\u00a0y c\u00f3mo decide adoptar su forma al quedar fascinado por c\u00f3mo el payaso era todo un im\u00e1n para los ni\u00f1os.<\/p>\n<p class=\"c-paragraph\">\u00abSe nos ocurri\u00f3 que quiz\u00e1s <b>lo interesante de la forma de Pennywise era c\u00f3mo el artista original impactaba a los ni\u00f1os<\/b>. \u00bfC\u00f3mo era ver actuar a Bob Gray? \u00bfC\u00f3mo reaccionaban los ni\u00f1os ante \u00e9l? \u00bfEra una especie de Flautista de Hamel\u00edn? Y eso es exactamente lo que se ve al principio del episodio 7: una actuaci\u00f3n de Pennywise, el verdadero payaso bailar\u00edn, y no la manifestaci\u00f3n.<\/p>\n<p class=\"c-paragraph\">Y se ve a los ni\u00f1os observ\u00e1ndolo, hipnotizados. Quedan paralizados. Y luego, cuando termina la actuaci\u00f3n, se vuelven locos. Asaltan el escenario y se dejan llevar por el frenes\u00ed. Se ve su manifestaci\u00f3n en ese momento, como un ni\u00f1o peque\u00f1o, observando todo esto, y \u00e9l est\u00e1 viendo exactamente eso\u00bb, comenta.<\/p>\n<p class=\"c-paragraph\">Sin embargo, a su vez la secuencia <b>ha dado pie a varios misterios que su showrunner asegura que se resolver\u00e1n en las siguientes temporadas de It: Bienvenidos a Derry<\/b>.<\/p>\n<p class=\"c-paragraph\">\u00abVer a Eso comprendiendo y d\u00e1ndose cuenta de todo eso es parte de la diversi\u00f3n de ese episodio y parte de la diversi\u00f3n de desentra\u00f1ar el misterio.<\/p>\n<p class=\"c-paragraph\">Pero, de nuevo, espero que dejemos al p\u00fablico con misterios adicionales en los que pensar en el contexto de 1908. <b>\u00bfQu\u00e9 le sucedi\u00f3 a Bob Gray una vez que se adentr\u00f3 en el bosque?<\/b> Realmente no lo sabemos.<\/p>\n<p class=\"c-paragraph\">Sabemos que Ingrid Kersh dice que nunca volvi\u00f3 a ver a su padre. \u00bfSe encontr\u00f3 su cuerpo? Vimos el pa\u00f1uelo ensangrentado. Hay mucho misterio ah\u00ed.<\/p>\n<p class=\"c-paragraph\"><b>\u00bfY qui\u00e9n era ese ni\u00f1o en cuya forma se presentaba Eso?<\/b> Entiendo que Eso tom\u00f3 la forma de ese ni\u00f1o para atraer a Bob Gray al bosque, eso es l\u00f3gico. Pero cuando vemos a ese ni\u00f1o por primera vez, es antes de que Eso se d\u00e9 cuenta de que siquiera quiere hacerlo.<\/p>\n<p class=\"c-paragraph\">As\u00ed pues, \u00bfcu\u00e1l es la historia detr\u00e1s de esa manifestaci\u00f3n? <b>Hay muchos misterios nuevos, creo, sugeridos por algunas de las respuestas a los misterios que proporcionamos en la temporada<\/b>.<\/p>\n<p class=\"c-paragraph\">Y espero que esos misterios sean tan satisfactorios para la pr\u00f3xima generaci\u00f3n de fans de Eso como lo fueron para m\u00ed los misterios originales\u00bb, explica Fuchs.<\/p>\n<p class=\"c-paragraph\">It: Bienvenidos a Derry lanza el \u00faltimo episodio de la temporada el pr\u00f3ximo lunes en el cat\u00e1logo de <b>HBO Max<\/b> Espa\u00f1a. \u00bfQu\u00e9 te ha parecido esta primera toma de contacto con el Pennywise original en la <a href=\"https:\/\/www.hobbyconsolas.com\/listas\/series-espanolas-todo-mundo-ha-visto-aunque-no-siempre-reconozca-1197174\" title=\"Series espa\u00f1olas que todo el mundo ha visto, aunque no siempre se reconozca\" rel=\"nofollow noopener\" target=\"_blank\">serie<\/a>?<\/p>\n","protected":false},"excerpt":{"rendered":"Desde hoy mismo tenemos en el cat\u00e1logo de\u00a0HBO Max\u00a0Espa\u00f1a el nuevo episodio de\u00a0It: Bienvenidos a Derry, la\u00a0serie\u00a0basada en&hellip;\n","protected":false},"author":2,"featured_media":278905,"comment_status":"","ping_status":"","sticky":false,"template":"","format":"standard","meta":{"footnotes":""},"categories":[171],"tags":[43245,51,67773,146,147,25,24,22802,23,214,12985],"class_list":{"0":"post-278904","1":"post","2":"type-post","3":"status-publish","4":"format-standard","5":"has-post-thumbnail","7":"category-tv","8":"tag-bienvenidos","9":"tag-deja","10":"tag-derry","11":"tag-entertainment","12":"tag-entretenimiento","13":"tag-es","14":"tag-espana","15":"tag-it","16":"tag-spain","17":"tag-tv","18":"tag-varios"},"share_on_mastodon":{"url":"https:\/\/pubeurope.com\/@es\/115688032389820401","error":""},"_links":{"self":[{"href":"https:\/\/www.europesays.com\/es\/wp-json\/wp\/v2\/posts\/278904","targetHints":{"allow":["GET"]}}],"collection":[{"href":"https:\/\/www.europesays.com\/es\/wp-json\/wp\/v2\/posts"}],"about":[{"href":"https:\/\/www.europesays.com\/es\/wp-json\/wp\/v2\/types\/post"}],"author":[{"embeddable":true,"href":"https:\/\/www.europesays.com\/es\/wp-json\/wp\/v2\/users\/2"}],"replies":[{"embeddable":true,"href":"https:\/\/www.europesays.com\/es\/wp-json\/wp\/v2\/comments?post=278904"}],"version-history":[{"count":0,"href":"https:\/\/www.europesays.com\/es\/wp-json\/wp\/v2\/posts\/278904\/revisions"}],"wp:featuredmedia":[{"embeddable":true,"href":"https:\/\/www.europesays.com\/es\/wp-json\/wp\/v2\/media\/278905"}],"wp:attachment":[{"href":"https:\/\/www.europesays.com\/es\/wp-json\/wp\/v2\/media?parent=278904"}],"wp:term":[{"taxonomy":"category","embeddable":true,"href":"https:\/\/www.europesays.com\/es\/wp-json\/wp\/v2\/categories?post=278904"},{"taxonomy":"post_tag","embeddable":true,"href":"https:\/\/www.europesays.com\/es\/wp-json\/wp\/v2\/tags?post=278904"}],"curies":[{"name":"wp","href":"https:\/\/api.w.org\/{rel}","templated":true}]}}