{"id":278942,"date":"2025-12-09T06:16:07","date_gmt":"2025-12-09T06:16:07","guid":{"rendered":"https:\/\/www.europesays.com\/es\/278942\/"},"modified":"2025-12-09T06:16:07","modified_gmt":"2025-12-09T06:16:07","slug":"las-industrias-pesqueras-aprietan-las-tuercas-por-navidad-que-concentra-el-30-de-su-negocio-la-voz-de-galicia","status":"publish","type":"post","link":"https:\/\/www.europesays.com\/es\/278942\/","title":{"rendered":"Las industrias pesqueras aprietan las tuercas por Navidad, que concentra el 30 % de su negocio &#8211; La Voz de Galicia"},"content":{"rendered":"<ol>\n<li><a href=\"https:\/\/news.google.com\/rss\/articles\/CBMi5wFBVV95cUxPdmJTRlFkakFMcWVqdWh1QWs2cU1NN3ZKV1Z3Zm9WY0I5RGNOZm8wVUpMNWJ0eFhJTGl6OXhjNENWWWJfZ043bGpGYS1KOFRJeDBWZ1RrMkpEckZSZFg4RE9HbEd6N3FMMy1LQTc3VVFLX2k1MHFYelMzY1RsdjBsRERRMF84RWFuQ0NtUUdjck52UUE5R25xVzN2bFJ1cDBCYXBkelVGSFJvRlRWbFFQQUsyQm5sb21ncEJtR2dmbFo1bnlQNUdDbzRrZ3lDanBFT2tOb0hjLXpFQlFneGdaeXgzSVFXekXSAYMCQVVfeXFMTjN3LUI4MkhESmJwN19DVjIxZ3Y0OHp0VnNTTXpuN09pamhMdlNrM3FBMFpxQW91Z3UzMHo2WFBYRDEwcUpxZUlPNlBBOFFkUkw3TWJFNVF0Z2J0MXFuTFBUdkQ4MnpFVTVESzBjblp4dF9tcTlYb1BFLU5mc19TRzNWazU5THVxN3RkMGx0UXlRMFZHODJ1Y0tfOW94VTNuV3NhSXUxZlRmTk9leUZic1NrTzc1VkN2SVJOYUViNHlEMVcyTnkyWlAtVkRjWm81aUpyY0JWakZBUzJxNHhReXE2UklvYk1Gb2pJZkNPcDg1Ym9MNGR5SUZKTXBvWllBRmtTUQ?oc=5\" target=\"_blank\" rel=\"nofollow noopener\">Las industrias pesqueras aprietan las tuercas por Navidad, que concentra el 30 % de su negocio<\/a>&nbsp;&nbsp;La Voz de Galicia<\/li>\n<li><a href=\"https:\/\/news.google.com\/rss\/articles\/CBMimAFBVV95cUxQMDdCNml6aFlReGZGd2I0SjVtbkY5TWJkWG15YmNjdlpzcTVQclJRMFAxcWVoVUkyT01nd1h3eUZ2ZWRQdFNJYl9hX1hNby1ERjIyQ2g0d25wQm44cnVfeFRybG1CcXlMZExzblRzNTdFN0k2UFkyOWhwR01kS1RQMmJMYkw0QWhzWGlub1h5UzBMSTloalhOR9IBngFBVV95cUxQOVZoeGRrNlRWcHZOX2hmRGZNdUNMcUthMkcxdjlxUEo2ZjF1c3NNX1dZRXFPRUQzbjhkNDNfY25wZzRnMUV6cjJHSl9oRGl3emhtYmxvX2gtMEt2bjNtT3A5c2JPb1VaaWFOd3Qydng2YTFhSlpBNDA3Qko2X1ZxeFg3STZHYjRoNXhsbXNxNXFHREdMRlZjNjFBMzY2Zw?oc=5\" target=\"_blank\" rel=\"nofollow noopener\">La industria del mar aprieta las tuercas por Navidad para asegurar el 30% de su negocio<\/a>&nbsp;&nbsp;Faro de Vigo<\/li>\n<li><a href=\"https:\/\/news.google.com\/rss\/articles\/CBMimwFBVV95cUxONC14NFFQSzUtS2M5aHRnbjRDc3JDSFVZM1RiQmdWYzgyUHRPaHlrVFlPa29LblpJd0E4RGZLRk4yMHlJcnM4RlBvZV9pSFlpNC1ZOXdQQzZQcW1JZDRVU2xSX2J3Undzc29GSzdsaXZxTFlfZ3owS0Jwc2dmU1kxMGs3T0FkOGUzNllHNGJWVFg3MFctanNtRE5waw?oc=5\" target=\"_blank\" rel=\"nofollow noopener\">As\u00ed se prepara Mercamadrid para la campa\u00f1a navide\u00f1a<\/a>&nbsp;&nbsp;RTVE.es<\/li>\n<li><a href=\"https:\/\/news.google.com\/rss\/articles\/CBMikgFBVV95cUxNLUpCX1JWMUFQWFlrb2luMUNra3dfaGtTZHBIb1M3MmhqZDc2OWdJQmtTanJYeGVuMlZqeFVMM1A2dUVCZDhibVJJX1JoUmI0OUQ3cFJmaC1kb2pZOW4xaFJVRE1nT19uRlptdWduck9vTUt1WjZvODltTERnakRCTWIyLWV3UktBbmhtekx1NllWUQ?oc=5\" target=\"_blank\" rel=\"nofollow noopener\">La campa\u00f1a navide\u00f1a impulsa un 30 % de negocio en la pesca<\/a>&nbsp;&nbsp;cierval<\/li>\n<\/ol>\n","protected":false},"excerpt":{"rendered":"Las industrias pesqueras aprietan las tuercas por Navidad, que concentra el 30 % de su negocio&nbsp;&nbsp;La Voz de&hellip;\n","protected":false},"author":2,"featured_media":278943,"comment_status":"","ping_status":"","sticky":false,"template":"","format":"standard","meta":{"footnotes":""},"categories":[80],"tags":[28096,82,95,94,25,24,1847,23],"class_list":{"0":"post-278942","1":"post","2":"type-post","3":"status-publish","4":"format-standard","5":"has-post-thumbnail","7":"category-economia","8":"tag-acuicultura","9":"tag-business","10":"tag-economia","11":"tag-economy","12":"tag-es","13":"tag-espana","14":"tag-inflacion","15":"tag-spain"},"share_on_mastodon":{"url":"https:\/\/pubeurope.com\/@es\/115688150756852663","error":""},"_links":{"self":[{"href":"https:\/\/www.europesays.com\/es\/wp-json\/wp\/v2\/posts\/278942","targetHints":{"allow":["GET"]}}],"collection":[{"href":"https:\/\/www.europesays.com\/es\/wp-json\/wp\/v2\/posts"}],"about":[{"href":"https:\/\/www.europesays.com\/es\/wp-json\/wp\/v2\/types\/post"}],"author":[{"embeddable":true,"href":"https:\/\/www.europesays.com\/es\/wp-json\/wp\/v2\/users\/2"}],"replies":[{"embeddable":true,"href":"https:\/\/www.europesays.com\/es\/wp-json\/wp\/v2\/comments?post=278942"}],"version-history":[{"count":0,"href":"https:\/\/www.europesays.com\/es\/wp-json\/wp\/v2\/posts\/278942\/revisions"}],"wp:featuredmedia":[{"embeddable":true,"href":"https:\/\/www.europesays.com\/es\/wp-json\/wp\/v2\/media\/278943"}],"wp:attachment":[{"href":"https:\/\/www.europesays.com\/es\/wp-json\/wp\/v2\/media?parent=278942"}],"wp:term":[{"taxonomy":"category","embeddable":true,"href":"https:\/\/www.europesays.com\/es\/wp-json\/wp\/v2\/categories?post=278942"},{"taxonomy":"post_tag","embeddable":true,"href":"https:\/\/www.europesays.com\/es\/wp-json\/wp\/v2\/tags?post=278942"}],"curies":[{"name":"wp","href":"https:\/\/api.w.org\/{rel}","templated":true}]}}