{"id":278952,"date":"2025-12-09T06:25:14","date_gmt":"2025-12-09T06:25:14","guid":{"rendered":"https:\/\/www.europesays.com\/es\/278952\/"},"modified":"2025-12-09T06:25:14","modified_gmt":"2025-12-09T06:25:14","slug":"probables-ganadores-de-giro-de-italia-tour-de-francia-y-vuelta-a-espana-2026","status":"publish","type":"post","link":"https:\/\/www.europesays.com\/es\/278952\/","title":{"rendered":"Probables ganadores de Giro de Italia, Tour de Francia y Vuelta a Espa\u00f1a 2026"},"content":{"rendered":"<p>Estamos en plena pretemporada y, como es l\u00f3gico, los equipos a\u00fan no han dado oficialmente sus alineaciones para las principales carreras de la campa\u00f1a ciclista 2026. En el art\u00edculo de hoy, sin embargo, queremos hacer pron\u00f3sticos de los 3 grandes favoritos para ganar <a href=\"https:\/\/ciclismoaldia.es\/giro-de-italia\" title=\"Giro de Italia\" rel=\"nofollow noopener\" target=\"_blank\">Giro de Italia<\/a>, el <a href=\"https:\/\/ciclismoaldia.es\/tour-de-francia\" title=\"Tour de Francia\" rel=\"nofollow noopener\" target=\"_blank\">Tour de Francia<\/a> y la <a href=\"https:\/\/ciclismoaldia.es\/vuelta-a-espana\" title=\"Vuelta a Espa\u00f1a\" rel=\"nofollow noopener\" target=\"_blank\">Vuelta a Espa\u00f1a<\/a> teniendo en cuenta todo lo publicado hasta la fecha sobre los ciclistas que pretenden correr las referidas pruebas.Recordemos que la campa\u00f1a pasada <a href=\"https:\/\/ciclismoaldia.es\/ciclismo\/simon-yates-se-lleva-un-mediocre-giro-de-italia-alumbrado-por-isaac-del-toro\" target=\"_self\" rel=\"nofollow noopener\">Simon Yates gan\u00f3 la Corsa Rosa<\/a>, <a href=\"https:\/\/ciclismoaldia.es\/tadej-pogacar\" title=\"Tadej Pogacar\" rel=\"nofollow noopener\" target=\"_blank\">Tadej Pogacar<\/a> la Grande Boucle y <a href=\"https:\/\/ciclismoaldia.es\/jonas-vingegaard\" title=\"Jonas Vingegaard\" rel=\"nofollow noopener\" target=\"_blank\">Jonas Vingegaard<\/a> la carrera ib\u00e9rica. En 2024 Pogi hizo doblete ganando Giro y Tour mientras que <a href=\"https:\/\/ciclismoaldia.es\/primoz-roglic\" title=\"Primoz Roglic\" rel=\"nofollow noopener\" target=\"_blank\">Primoz Roglic<\/a> se llev\u00f3 la Vuelta. Retrocediendo un a\u00f1o m\u00e1s los vencedores por orden fueron Roglic en el Giro, Vingegaard en el Tour y Sepp Kuss en la Vuelta. Como v\u00e9is, muchos nombres se repiten. Estos son nuestros favoritos para la pr\u00f3xima temporada:Giro de ItaliaPara el Giro de Italia 2026, a falta de que se confirme la lista de participantes, el gran favorito es Jonas Vingegaard. En una reciente <a href=\"https:\/\/www.dailymotion.com\/video\/x9urtis\" target=\"_blank\" rel=\"nofollow noopener\">entrevista en Marca<\/a> el dan\u00e9s dej\u00f3 muy claro que el gran objetivo que tiene antes de su retirada es ganar la Corsa Rosa y, viendo la superioridad de Pogacar en los \u00faltimos 2 Tour de Francia, parece que el dan\u00e9s ha optado por intentar agrandar su palmar\u00e9s con Vuelta y Tour. Ya gan\u00f3 la ronda espa\u00f1ola en 2025 y ahora (salvo sorpres\u00f3n y que Pogacar cambiara el plan inicial y volviera a correr el Giro) el dan\u00e9s ser\u00e1 el gran favorito para ganarla.<\/p>\n<p>Y es que, de primeras, Visma defender\u00e1 t\u00edtulo tras el sorpres\u00f3n que dio Simon Yates en 2025 con su triunfo por delante de Isaac del Toro y Richard Carapaz. En la edici\u00f3n de este a\u00f1o Juan Ayuso y Primoz Roglic eran los grandes favoritos al triunfo, pero ambos acabaron abandonando y el brit\u00e1nico se hizo con la segunda grande de su carrera. No habr\u00eda dudas de que Vingo ser\u00eda el jefe de filas de Visma en caso de que ambos ocurrieran (lo de Kuss y la Vuelta del 23 no va a volver a ocurrir).<\/p>\n<p><img decoding=\"async\" width=\"500\" height=\"280\" loading=\"lazy\" src=\"https:\/\/www.europesays.com\/es\/wp-content\/uploads\/2025\/12\/simonyates-6909df0248f52.jpg@webp.webp\" class=\"w-auto h-auto\" alt=\"Simon Yates, vencedor del Giro de Italia 2025\"\/><\/p>\n<p>Simon Yates, besando el Trofeo Senza Fine del Giro de Italia<\/p>\n<p>Es dif\u00edcil pensar en rivales para el n\u00f3rdico m\u00e1s all\u00e1 de Joao Almeida, pero si el luso no pudo con \u00e9l en la pasada Vuelta a la que lleg\u00f3 muy cansado por el Tour, es dif\u00edcil pensar que pueda batirle en la que ser\u00eda para ambos la primera gran prueba que afrontaran la pr\u00f3xima campa\u00f1a. Tampoco Juan Ayuso en teor\u00eda ser\u00eda gran rival para el dan\u00e9s. Al menos en lo que ha demostrado hasta ahora. Tambi\u00e9n se ha <a href=\"https:\/\/espanol.eurosport.com\/ciclismo\/concentraciones-tadej-pogacar-uae-alicante-juan-ayuso-lidl-trek-movistar-ivan-romeo-red-bull-bora-remco-evenepoel-presentacion-vuelta-espana_sto23247458\/story.shtml\" target=\"_blank\" rel=\"nofollow noopener\">rumoreado<\/a> con que el espa\u00f1ol pudiera correr la primera gran vuelta del a\u00f1o. No sabemos si Primoz Roglic volver\u00e1 a correrla y 2 hombres del podium de este a\u00f1o como Del Toro o Carapaz tambi\u00e9n podr\u00edan estar ah\u00ed dando guerra.Tour de FranciaSabemos que en el Tour de Francia van a estar todos los grandes y, tras sus dos \u00faltimos triunfos, Tadej Pogacar volver\u00e1 a ser el gran favorito para ganar la Grande Boucle. El esloveno parece que va a tener un calendario muy parecido al de 2025 con la vista puesta en los 2 monumentos que le faltan a principios de a\u00f1o <a href=\"https:\/\/ciclismoaldia.es\/ciclismo\/ganara-los-dos-monumentos-el-seleccionador-esloveno-asegura-que-tadej-pogacar-hara-historia-en-san-remo-y-roubaix\" target=\"_self\" rel=\"nofollow noopener\">(Mil\u00e1n-San Remo y Par\u00eds-Roubaix)<\/a>, con el Tour como gran objetivo central y con Mundial y Lombardia otra vez al final, lo que le descartar\u00eda para correr Giro y Vuelta.<\/p>\n<p>Su gran rival deber\u00e1 volver a ser Jonas Vingegaard, aunque si como parece corre el Giro podr\u00eda llegar algo m\u00e1s fatigado que otros a\u00f1os. Luego habr\u00e1 que tener en cuenta a Red Bull BORA, que imaginamos ir\u00e1 con Remco Evenepoel (descartado para el Giro por tener s\u00f3lo una crono) y con el flamante podium de este a\u00f1o Florian Lipowitz.<\/p>\n<p><img decoding=\"async\" width=\"500\" height=\"280\" loading=\"lazy\" src=\"https:\/\/www.europesays.com\/es\/wp-content\/uploads\/2025\/12\/tadejpogacar-jonasvingegaard-68e768033a067.jpg@webp.webp\" class=\"w-auto h-auto\" alt=\"Tadej Pogacar gan\u00f3 el Tour de Francia 2025\"\/><\/p>\n<p>Tadej Pogacar, junto a Jonas Vingegaard, en el podium del Tour de Francia 2025<\/p>\n<p>No parece que los Lidl-Trek (veremos qu\u00e9 deciden con Ayuso y Mattias Skjelmose) puedan ser rivales y hay poco m\u00e1s que rascar de cara al maillot amarillo en el pelot\u00f3n actual que pueda hacerle cosquillas a un Tadej Pogacar que buscar\u00e1 <a href=\"https:\/\/es.wikipedia.org\/wiki\/Tour_de_Francia\" target=\"_blank\" rel=\"nofollow noopener\">Bernard Hinault, Eddy Merckx, Jacques Anquetil y Miguel Indurain<\/a> como un nuevo ciclista en el club de los ganadores en cinco ocasiones de la Grande Boucle.Vuelta a Espa\u00f1a<\/p>\n<p>A priori, la gran vuelta m\u00e1s abierta del a\u00f1o. Tadej Pogacar ya ha dejado claro que va a seguir intentando ganar m\u00e1s mundiales (lo seguir\u00e1 haciendo mientras la UCI le ponga recorridos a medida) y Vingegaard no va a repetir tras haber ganado la prueba el a\u00f1o pasado. As\u00ed, el gran dominador de la carrera en el \u00faltimo lustro, Primoz Roglic, parte para nosotros como favorito a ser el primero que gana la ronda espa\u00f1ola en cinco ocasiones (est\u00e1 igualado en estos momentos en el palmar\u00e9s a Roberto Heras con cuatro entorchados).<\/p>\n<p>Obviamente, no ser\u00e1 f\u00e1cil para Roglic ganar otra grande y seguro tendr\u00e1 rivales muy complicados. De UAE podr\u00eda volver a ser un Joao Almeida que le puso las cosas muy dif\u00edciles a Vingegaard en 2025 y que a\u00f1o a a\u00f1o mejora. La otra opci\u00f3n podr\u00eda ser Isaac del Toro, que tras su gran Giro podr\u00eda encontrar la oportunidad en la Vuelta. Cuesta pensar ya a Adam Yates con opciones, pero ser\u00eda el tercero en discordia.<\/p>\n<p><img decoding=\"async\" width=\"500\" height=\"280\" loading=\"lazy\" src=\"https:\/\/www.europesays.com\/es\/wp-content\/uploads\/2025\/12\/jonasvingegaard-6919b9bcb5c09.jpg@webp.webp\" class=\"w-auto h-auto\" alt=\"Jonas Vingegaard, con el maillot rojo de la Vuelta 2025.\"\/><\/p>\n<p>Jonas Vingegaard, vencedor de la Vuelta a Espa\u00f1a 2025<\/p>\n<p>Podemos seguir con Visma, que bien podr\u00eda ir con un potente d\u00fao formado por Simon Yates y Matteo Jorgenson para intentar ganar una carrera espa\u00f1ola en la que el brit\u00e1nico ya se impuso. Luego, los nombres espa\u00f1oles de siempre: <a href=\"https:\/\/ciclismoaldia.es\/ciclismo\/el-dato-mas-negativo-de-enric-mas-al-que-tendra-que-poner-solucion-en-2026\" target=\"_self\" rel=\"nofollow noopener\">Enric Mas<\/a> (4 veces podium), Juan Ayuso (ya podium) o Mikel Landa, como posibles outsiders.Ganadores Giro, Tour, Vuelta siglo XXI<\/p>\n<tr class=\"border-t false\">\n<td class=\"md:p-3 p-2 md:text-base text-sm [&amp;&gt;a]:text-primary [&amp;&gt;a]:underline dark:[&amp;&gt;a]:text-primaryDark [&amp;&gt;a]:font-bold\"><b>A\u00f1o<\/b><\/td>\n<td class=\"md:p-3 p-2 md:text-base text-sm [&amp;&gt;a]:text-primary [&amp;&gt;a]:underline dark:[&amp;&gt;a]:text-primaryDark [&amp;&gt;a]:font-bold\"><b>Giro de Italia<\/b><\/td>\n<td class=\"md:p-3 p-2 md:text-base text-sm [&amp;&gt;a]:text-primary [&amp;&gt;a]:underline dark:[&amp;&gt;a]:text-primaryDark [&amp;&gt;a]:font-bold\"><b>Tour de Francia<\/b><\/td>\n<td class=\"md:p-3 p-2 md:text-base text-sm [&amp;&gt;a]:text-primary [&amp;&gt;a]:underline dark:[&amp;&gt;a]:text-primaryDark [&amp;&gt;a]:font-bold\"><b>Vuelta a Espa\u00f1a<\/b><\/td>\n<\/tr>\n<tr class=\"border-t false\">\n<td class=\"md:p-3 p-2 md:text-base text-sm [&amp;&gt;a]:text-primary [&amp;&gt;a]:underline dark:[&amp;&gt;a]:text-primaryDark [&amp;&gt;a]:font-bold\">2001<\/td>\n<td class=\"md:p-3 p-2 md:text-base text-sm [&amp;&gt;a]:text-primary [&amp;&gt;a]:underline dark:[&amp;&gt;a]:text-primaryDark [&amp;&gt;a]:font-bold\">Gilberto Simoni<\/td>\n<td class=\"md:p-3 p-2 md:text-base text-sm [&amp;&gt;a]:text-primary [&amp;&gt;a]:underline dark:[&amp;&gt;a]:text-primaryDark [&amp;&gt;a]:font-bold\">sin ganador<\/td>\n<td class=\"md:p-3 p-2 md:text-base text-sm [&amp;&gt;a]:text-primary [&amp;&gt;a]:underline dark:[&amp;&gt;a]:text-primaryDark [&amp;&gt;a]:font-bold\">\u00c1ngel Casero<\/td>\n<\/tr>\n<tr class=\"border-t false\">\n<td class=\"md:p-3 p-2 md:text-base text-sm [&amp;&gt;a]:text-primary [&amp;&gt;a]:underline dark:[&amp;&gt;a]:text-primaryDark [&amp;&gt;a]:font-bold\">2002<\/td>\n<td class=\"md:p-3 p-2 md:text-base text-sm [&amp;&gt;a]:text-primary [&amp;&gt;a]:underline dark:[&amp;&gt;a]:text-primaryDark [&amp;&gt;a]:font-bold\">Paolo Savoldelli<\/td>\n<td class=\"md:p-3 p-2 md:text-base text-sm [&amp;&gt;a]:text-primary [&amp;&gt;a]:underline dark:[&amp;&gt;a]:text-primaryDark [&amp;&gt;a]:font-bold\">sin ganador<\/td>\n<td class=\"md:p-3 p-2 md:text-base text-sm [&amp;&gt;a]:text-primary [&amp;&gt;a]:underline dark:[&amp;&gt;a]:text-primaryDark [&amp;&gt;a]:font-bold\">Aitor Gonz\u00e1lez<\/td>\n<\/tr>\n<tr class=\"border-t false\">\n<td class=\"md:p-3 p-2 md:text-base text-sm [&amp;&gt;a]:text-primary [&amp;&gt;a]:underline dark:[&amp;&gt;a]:text-primaryDark [&amp;&gt;a]:font-bold\">2003<\/td>\n<td class=\"md:p-3 p-2 md:text-base text-sm [&amp;&gt;a]:text-primary [&amp;&gt;a]:underline dark:[&amp;&gt;a]:text-primaryDark [&amp;&gt;a]:font-bold\">Gilberto Simoni<\/td>\n<td class=\"md:p-3 p-2 md:text-base text-sm [&amp;&gt;a]:text-primary [&amp;&gt;a]:underline dark:[&amp;&gt;a]:text-primaryDark [&amp;&gt;a]:font-bold\">sin ganador<\/td>\n<td class=\"md:p-3 p-2 md:text-base text-sm [&amp;&gt;a]:text-primary [&amp;&gt;a]:underline dark:[&amp;&gt;a]:text-primaryDark [&amp;&gt;a]:font-bold\">Roberto Heras<\/td>\n<\/tr>\n<tr class=\"border-t false\">\n<td class=\"md:p-3 p-2 md:text-base text-sm [&amp;&gt;a]:text-primary [&amp;&gt;a]:underline dark:[&amp;&gt;a]:text-primaryDark [&amp;&gt;a]:font-bold\">2004<\/td>\n<td class=\"md:p-3 p-2 md:text-base text-sm [&amp;&gt;a]:text-primary [&amp;&gt;a]:underline dark:[&amp;&gt;a]:text-primaryDark [&amp;&gt;a]:font-bold\">Damiano Cunego<\/td>\n<td class=\"md:p-3 p-2 md:text-base text-sm [&amp;&gt;a]:text-primary [&amp;&gt;a]:underline dark:[&amp;&gt;a]:text-primaryDark [&amp;&gt;a]:font-bold\">sin ganador<\/td>\n<td class=\"md:p-3 p-2 md:text-base text-sm [&amp;&gt;a]:text-primary [&amp;&gt;a]:underline dark:[&amp;&gt;a]:text-primaryDark [&amp;&gt;a]:font-bold\">Roberto Heras<\/td>\n<\/tr>\n<tr class=\"border-t false\">\n<td class=\"md:p-3 p-2 md:text-base text-sm [&amp;&gt;a]:text-primary [&amp;&gt;a]:underline dark:[&amp;&gt;a]:text-primaryDark [&amp;&gt;a]:font-bold\">2005<\/td>\n<td class=\"md:p-3 p-2 md:text-base text-sm [&amp;&gt;a]:text-primary [&amp;&gt;a]:underline dark:[&amp;&gt;a]:text-primaryDark [&amp;&gt;a]:font-bold\">Paolo Savoldelli<\/td>\n<td class=\"md:p-3 p-2 md:text-base text-sm [&amp;&gt;a]:text-primary [&amp;&gt;a]:underline dark:[&amp;&gt;a]:text-primaryDark [&amp;&gt;a]:font-bold\">sin ganador<\/td>\n<td class=\"md:p-3 p-2 md:text-base text-sm [&amp;&gt;a]:text-primary [&amp;&gt;a]:underline dark:[&amp;&gt;a]:text-primaryDark [&amp;&gt;a]:font-bold\">Roberto Heras<\/td>\n<\/tr>\n<tr class=\"border-t false\">\n<td class=\"md:p-3 p-2 md:text-base text-sm [&amp;&gt;a]:text-primary [&amp;&gt;a]:underline dark:[&amp;&gt;a]:text-primaryDark [&amp;&gt;a]:font-bold\">2006<\/td>\n<td class=\"md:p-3 p-2 md:text-base text-sm [&amp;&gt;a]:text-primary [&amp;&gt;a]:underline dark:[&amp;&gt;a]:text-primaryDark [&amp;&gt;a]:font-bold\">Ivan Basso<\/td>\n<td class=\"md:p-3 p-2 md:text-base text-sm [&amp;&gt;a]:text-primary [&amp;&gt;a]:underline dark:[&amp;&gt;a]:text-primaryDark [&amp;&gt;a]:font-bold\">\u00d3scar Pereiro<\/td>\n<td class=\"md:p-3 p-2 md:text-base text-sm [&amp;&gt;a]:text-primary [&amp;&gt;a]:underline dark:[&amp;&gt;a]:text-primaryDark [&amp;&gt;a]:font-bold\">Alexander Vinokourov<\/td>\n<\/tr>\n<tr class=\"border-t false\">\n<td class=\"md:p-3 p-2 md:text-base text-sm [&amp;&gt;a]:text-primary [&amp;&gt;a]:underline dark:[&amp;&gt;a]:text-primaryDark [&amp;&gt;a]:font-bold\">2007<\/td>\n<td class=\"md:p-3 p-2 md:text-base text-sm [&amp;&gt;a]:text-primary [&amp;&gt;a]:underline dark:[&amp;&gt;a]:text-primaryDark [&amp;&gt;a]:font-bold\">Danilo Di Luca<\/td>\n<td class=\"md:p-3 p-2 md:text-base text-sm [&amp;&gt;a]:text-primary [&amp;&gt;a]:underline dark:[&amp;&gt;a]:text-primaryDark [&amp;&gt;a]:font-bold\">Alberto Contador<\/td>\n<td class=\"md:p-3 p-2 md:text-base text-sm [&amp;&gt;a]:text-primary [&amp;&gt;a]:underline dark:[&amp;&gt;a]:text-primaryDark [&amp;&gt;a]:font-bold\">Denis Menchov<\/td>\n<\/tr>\n<tr class=\"border-t false\">\n<td class=\"md:p-3 p-2 md:text-base text-sm [&amp;&gt;a]:text-primary [&amp;&gt;a]:underline dark:[&amp;&gt;a]:text-primaryDark [&amp;&gt;a]:font-bold\">2008<\/td>\n<td class=\"md:p-3 p-2 md:text-base text-sm [&amp;&gt;a]:text-primary [&amp;&gt;a]:underline dark:[&amp;&gt;a]:text-primaryDark [&amp;&gt;a]:font-bold\">Alberto Contador<\/td>\n<td class=\"md:p-3 p-2 md:text-base text-sm [&amp;&gt;a]:text-primary [&amp;&gt;a]:underline dark:[&amp;&gt;a]:text-primaryDark [&amp;&gt;a]:font-bold\">Carlos Sastre<\/td>\n<td class=\"md:p-3 p-2 md:text-base text-sm [&amp;&gt;a]:text-primary [&amp;&gt;a]:underline dark:[&amp;&gt;a]:text-primaryDark [&amp;&gt;a]:font-bold\">Alberto Contador<\/td>\n<\/tr>\n<tr class=\"border-t false\">\n<td class=\"md:p-3 p-2 md:text-base text-sm [&amp;&gt;a]:text-primary [&amp;&gt;a]:underline dark:[&amp;&gt;a]:text-primaryDark [&amp;&gt;a]:font-bold\">2009<\/td>\n<td class=\"md:p-3 p-2 md:text-base text-sm [&amp;&gt;a]:text-primary [&amp;&gt;a]:underline dark:[&amp;&gt;a]:text-primaryDark [&amp;&gt;a]:font-bold\">Denis Menchov<\/td>\n<td class=\"md:p-3 p-2 md:text-base text-sm [&amp;&gt;a]:text-primary [&amp;&gt;a]:underline dark:[&amp;&gt;a]:text-primaryDark [&amp;&gt;a]:font-bold\">Alberto Contador<\/td>\n<td class=\"md:p-3 p-2 md:text-base text-sm [&amp;&gt;a]:text-primary [&amp;&gt;a]:underline dark:[&amp;&gt;a]:text-primaryDark [&amp;&gt;a]:font-bold\">Alejandro Valverde<\/td>\n<\/tr>\n<tr class=\"border-t false\">\n<td class=\"md:p-3 p-2 md:text-base text-sm [&amp;&gt;a]:text-primary [&amp;&gt;a]:underline dark:[&amp;&gt;a]:text-primaryDark [&amp;&gt;a]:font-bold\">2010<\/td>\n<td class=\"md:p-3 p-2 md:text-base text-sm [&amp;&gt;a]:text-primary [&amp;&gt;a]:underline dark:[&amp;&gt;a]:text-primaryDark [&amp;&gt;a]:font-bold\">Ivan Basso<\/td>\n<td class=\"md:p-3 p-2 md:text-base text-sm [&amp;&gt;a]:text-primary [&amp;&gt;a]:underline dark:[&amp;&gt;a]:text-primaryDark [&amp;&gt;a]:font-bold\">Andy Schleck<\/td>\n<td class=\"md:p-3 p-2 md:text-base text-sm [&amp;&gt;a]:text-primary [&amp;&gt;a]:underline dark:[&amp;&gt;a]:text-primaryDark [&amp;&gt;a]:font-bold\">Vincenzo Nibali<\/td>\n<\/tr>\n<tr class=\"border-t false\">\n<td class=\"md:p-3 p-2 md:text-base text-sm [&amp;&gt;a]:text-primary [&amp;&gt;a]:underline dark:[&amp;&gt;a]:text-primaryDark [&amp;&gt;a]:font-bold\">2011<\/td>\n<td class=\"md:p-3 p-2 md:text-base text-sm [&amp;&gt;a]:text-primary [&amp;&gt;a]:underline dark:[&amp;&gt;a]:text-primaryDark [&amp;&gt;a]:font-bold\">Michele Scarponi<\/td>\n<td class=\"md:p-3 p-2 md:text-base text-sm [&amp;&gt;a]:text-primary [&amp;&gt;a]:underline dark:[&amp;&gt;a]:text-primaryDark [&amp;&gt;a]:font-bold\">Cadel Evans<\/td>\n<td class=\"md:p-3 p-2 md:text-base text-sm [&amp;&gt;a]:text-primary [&amp;&gt;a]:underline dark:[&amp;&gt;a]:text-primaryDark [&amp;&gt;a]:font-bold\">Chris Froome<\/td>\n<\/tr>\n<tr class=\"border-t false\">\n<td class=\"md:p-3 p-2 md:text-base text-sm [&amp;&gt;a]:text-primary [&amp;&gt;a]:underline dark:[&amp;&gt;a]:text-primaryDark [&amp;&gt;a]:font-bold\">2012<\/td>\n<td class=\"md:p-3 p-2 md:text-base text-sm [&amp;&gt;a]:text-primary [&amp;&gt;a]:underline dark:[&amp;&gt;a]:text-primaryDark [&amp;&gt;a]:font-bold\">Ryder Hesjedal<\/td>\n<td class=\"md:p-3 p-2 md:text-base text-sm [&amp;&gt;a]:text-primary [&amp;&gt;a]:underline dark:[&amp;&gt;a]:text-primaryDark [&amp;&gt;a]:font-bold\">Bradley Wiggins<\/td>\n<td class=\"md:p-3 p-2 md:text-base text-sm [&amp;&gt;a]:text-primary [&amp;&gt;a]:underline dark:[&amp;&gt;a]:text-primaryDark [&amp;&gt;a]:font-bold\">Alberto Contador<\/td>\n<\/tr>\n<tr class=\"border-t false\">\n<td class=\"md:p-3 p-2 md:text-base text-sm [&amp;&gt;a]:text-primary [&amp;&gt;a]:underline dark:[&amp;&gt;a]:text-primaryDark [&amp;&gt;a]:font-bold\">2013<\/td>\n<td class=\"md:p-3 p-2 md:text-base text-sm [&amp;&gt;a]:text-primary [&amp;&gt;a]:underline dark:[&amp;&gt;a]:text-primaryDark [&amp;&gt;a]:font-bold\">Vincenzo Nibali<\/td>\n<td class=\"md:p-3 p-2 md:text-base text-sm [&amp;&gt;a]:text-primary [&amp;&gt;a]:underline dark:[&amp;&gt;a]:text-primaryDark [&amp;&gt;a]:font-bold\">Chris Froome<\/td>\n<td class=\"md:p-3 p-2 md:text-base text-sm [&amp;&gt;a]:text-primary [&amp;&gt;a]:underline dark:[&amp;&gt;a]:text-primaryDark [&amp;&gt;a]:font-bold\">Chris Horner<\/td>\n<\/tr>\n<tr class=\"border-t false\">\n<td class=\"md:p-3 p-2 md:text-base text-sm [&amp;&gt;a]:text-primary [&amp;&gt;a]:underline dark:[&amp;&gt;a]:text-primaryDark [&amp;&gt;a]:font-bold\">2014<\/td>\n<td class=\"md:p-3 p-2 md:text-base text-sm [&amp;&gt;a]:text-primary [&amp;&gt;a]:underline dark:[&amp;&gt;a]:text-primaryDark [&amp;&gt;a]:font-bold\">Nairo Quintana<\/td>\n<td class=\"md:p-3 p-2 md:text-base text-sm [&amp;&gt;a]:text-primary [&amp;&gt;a]:underline dark:[&amp;&gt;a]:text-primaryDark [&amp;&gt;a]:font-bold\">Vincenzo Nibali<\/td>\n<td class=\"md:p-3 p-2 md:text-base text-sm [&amp;&gt;a]:text-primary [&amp;&gt;a]:underline dark:[&amp;&gt;a]:text-primaryDark [&amp;&gt;a]:font-bold\">Alberto Contador<\/td>\n<\/tr>\n<tr class=\"border-t false\">\n<td class=\"md:p-3 p-2 md:text-base text-sm [&amp;&gt;a]:text-primary [&amp;&gt;a]:underline dark:[&amp;&gt;a]:text-primaryDark [&amp;&gt;a]:font-bold\">2015<\/td>\n<td class=\"md:p-3 p-2 md:text-base text-sm [&amp;&gt;a]:text-primary [&amp;&gt;a]:underline dark:[&amp;&gt;a]:text-primaryDark [&amp;&gt;a]:font-bold\">Alberto Contador<\/td>\n<td class=\"md:p-3 p-2 md:text-base text-sm [&amp;&gt;a]:text-primary [&amp;&gt;a]:underline dark:[&amp;&gt;a]:text-primaryDark [&amp;&gt;a]:font-bold\">Chris Froome<\/td>\n<td class=\"md:p-3 p-2 md:text-base text-sm [&amp;&gt;a]:text-primary [&amp;&gt;a]:underline dark:[&amp;&gt;a]:text-primaryDark [&amp;&gt;a]:font-bold\">Fabio Aru<\/td>\n<\/tr>\n<tr class=\"border-t false\">\n<td class=\"md:p-3 p-2 md:text-base text-sm [&amp;&gt;a]:text-primary [&amp;&gt;a]:underline dark:[&amp;&gt;a]:text-primaryDark [&amp;&gt;a]:font-bold\">2016<\/td>\n<td class=\"md:p-3 p-2 md:text-base text-sm [&amp;&gt;a]:text-primary [&amp;&gt;a]:underline dark:[&amp;&gt;a]:text-primaryDark [&amp;&gt;a]:font-bold\">Vincenzo Nibali<\/td>\n<td class=\"md:p-3 p-2 md:text-base text-sm [&amp;&gt;a]:text-primary [&amp;&gt;a]:underline dark:[&amp;&gt;a]:text-primaryDark [&amp;&gt;a]:font-bold\">Chris Froome<\/td>\n<td class=\"md:p-3 p-2 md:text-base text-sm [&amp;&gt;a]:text-primary [&amp;&gt;a]:underline dark:[&amp;&gt;a]:text-primaryDark [&amp;&gt;a]:font-bold\">Nairo Quintana<\/td>\n<\/tr>\n<tr class=\"border-t false\">\n<td class=\"md:p-3 p-2 md:text-base text-sm [&amp;&gt;a]:text-primary [&amp;&gt;a]:underline dark:[&amp;&gt;a]:text-primaryDark [&amp;&gt;a]:font-bold\">2017<\/td>\n<td class=\"md:p-3 p-2 md:text-base text-sm [&amp;&gt;a]:text-primary [&amp;&gt;a]:underline dark:[&amp;&gt;a]:text-primaryDark [&amp;&gt;a]:font-bold\">Tom Dumoulin<\/td>\n<td class=\"md:p-3 p-2 md:text-base text-sm [&amp;&gt;a]:text-primary [&amp;&gt;a]:underline dark:[&amp;&gt;a]:text-primaryDark [&amp;&gt;a]:font-bold\">Chris Froome<\/td>\n<td class=\"md:p-3 p-2 md:text-base text-sm [&amp;&gt;a]:text-primary [&amp;&gt;a]:underline dark:[&amp;&gt;a]:text-primaryDark [&amp;&gt;a]:font-bold\">Chris Froome<\/td>\n<\/tr>\n<tr class=\"border-t false\">\n<td class=\"md:p-3 p-2 md:text-base text-sm [&amp;&gt;a]:text-primary [&amp;&gt;a]:underline dark:[&amp;&gt;a]:text-primaryDark [&amp;&gt;a]:font-bold\">2018<\/td>\n<td class=\"md:p-3 p-2 md:text-base text-sm [&amp;&gt;a]:text-primary [&amp;&gt;a]:underline dark:[&amp;&gt;a]:text-primaryDark [&amp;&gt;a]:font-bold\">Chris Froome<\/td>\n<td class=\"md:p-3 p-2 md:text-base text-sm [&amp;&gt;a]:text-primary [&amp;&gt;a]:underline dark:[&amp;&gt;a]:text-primaryDark [&amp;&gt;a]:font-bold\">Geraint Thomas<\/td>\n<td class=\"md:p-3 p-2 md:text-base text-sm [&amp;&gt;a]:text-primary [&amp;&gt;a]:underline dark:[&amp;&gt;a]:text-primaryDark [&amp;&gt;a]:font-bold\">Simon Yates<\/td>\n<\/tr>\n<tr class=\"border-t false\">\n<td class=\"md:p-3 p-2 md:text-base text-sm [&amp;&gt;a]:text-primary [&amp;&gt;a]:underline dark:[&amp;&gt;a]:text-primaryDark [&amp;&gt;a]:font-bold\">2019<\/td>\n<td class=\"md:p-3 p-2 md:text-base text-sm [&amp;&gt;a]:text-primary [&amp;&gt;a]:underline dark:[&amp;&gt;a]:text-primaryDark [&amp;&gt;a]:font-bold\">Richard Carapaz<\/td>\n<td class=\"md:p-3 p-2 md:text-base text-sm [&amp;&gt;a]:text-primary [&amp;&gt;a]:underline dark:[&amp;&gt;a]:text-primaryDark [&amp;&gt;a]:font-bold\">Egan Bernal<\/td>\n<td class=\"md:p-3 p-2 md:text-base text-sm [&amp;&gt;a]:text-primary [&amp;&gt;a]:underline dark:[&amp;&gt;a]:text-primaryDark [&amp;&gt;a]:font-bold\">Primo\u017e Rogli\u010d<\/td>\n<\/tr>\n<tr class=\"border-t false\">\n<td class=\"md:p-3 p-2 md:text-base text-sm [&amp;&gt;a]:text-primary [&amp;&gt;a]:underline dark:[&amp;&gt;a]:text-primaryDark [&amp;&gt;a]:font-bold\">2020<\/td>\n<td class=\"md:p-3 p-2 md:text-base text-sm [&amp;&gt;a]:text-primary [&amp;&gt;a]:underline dark:[&amp;&gt;a]:text-primaryDark [&amp;&gt;a]:font-bold\">Tao Geoghegan Hart<\/td>\n<td class=\"md:p-3 p-2 md:text-base text-sm [&amp;&gt;a]:text-primary [&amp;&gt;a]:underline dark:[&amp;&gt;a]:text-primaryDark [&amp;&gt;a]:font-bold\">Tadej Poga\u010dar<\/td>\n<td class=\"md:p-3 p-2 md:text-base text-sm [&amp;&gt;a]:text-primary [&amp;&gt;a]:underline dark:[&amp;&gt;a]:text-primaryDark [&amp;&gt;a]:font-bold\">Primo\u017e Rogli\u010d<\/td>\n<\/tr>\n<tr class=\"border-t false\">\n<td class=\"md:p-3 p-2 md:text-base text-sm [&amp;&gt;a]:text-primary [&amp;&gt;a]:underline dark:[&amp;&gt;a]:text-primaryDark [&amp;&gt;a]:font-bold\">2021<\/td>\n<td class=\"md:p-3 p-2 md:text-base text-sm [&amp;&gt;a]:text-primary [&amp;&gt;a]:underline dark:[&amp;&gt;a]:text-primaryDark [&amp;&gt;a]:font-bold\">Egan Bernal<\/td>\n<td class=\"md:p-3 p-2 md:text-base text-sm [&amp;&gt;a]:text-primary [&amp;&gt;a]:underline dark:[&amp;&gt;a]:text-primaryDark [&amp;&gt;a]:font-bold\">Tadej Poga\u010dar<\/td>\n<td class=\"md:p-3 p-2 md:text-base text-sm [&amp;&gt;a]:text-primary [&amp;&gt;a]:underline dark:[&amp;&gt;a]:text-primaryDark [&amp;&gt;a]:font-bold\">Primo\u017e Rogli\u010d<\/td>\n<\/tr>\n<tr class=\"border-t false\">\n<td class=\"md:p-3 p-2 md:text-base text-sm [&amp;&gt;a]:text-primary [&amp;&gt;a]:underline dark:[&amp;&gt;a]:text-primaryDark [&amp;&gt;a]:font-bold\">2022<\/td>\n<td class=\"md:p-3 p-2 md:text-base text-sm [&amp;&gt;a]:text-primary [&amp;&gt;a]:underline dark:[&amp;&gt;a]:text-primaryDark [&amp;&gt;a]:font-bold\">Jai Hindley<\/td>\n<td class=\"md:p-3 p-2 md:text-base text-sm [&amp;&gt;a]:text-primary [&amp;&gt;a]:underline dark:[&amp;&gt;a]:text-primaryDark [&amp;&gt;a]:font-bold\">Jonas Vingegaard<\/td>\n<td class=\"md:p-3 p-2 md:text-base text-sm [&amp;&gt;a]:text-primary [&amp;&gt;a]:underline dark:[&amp;&gt;a]:text-primaryDark [&amp;&gt;a]:font-bold\">Remco Evenepoel<\/td>\n<\/tr>\n<tr class=\"border-t false\">\n<td class=\"md:p-3 p-2 md:text-base text-sm [&amp;&gt;a]:text-primary [&amp;&gt;a]:underline dark:[&amp;&gt;a]:text-primaryDark [&amp;&gt;a]:font-bold\">2023<\/td>\n<td class=\"md:p-3 p-2 md:text-base text-sm [&amp;&gt;a]:text-primary [&amp;&gt;a]:underline dark:[&amp;&gt;a]:text-primaryDark [&amp;&gt;a]:font-bold\">Primo\u017e Rogli\u010d<\/td>\n<td class=\"md:p-3 p-2 md:text-base text-sm [&amp;&gt;a]:text-primary [&amp;&gt;a]:underline dark:[&amp;&gt;a]:text-primaryDark [&amp;&gt;a]:font-bold\">Jonas Vingegaard<\/td>\n<td class=\"md:p-3 p-2 md:text-base text-sm [&amp;&gt;a]:text-primary [&amp;&gt;a]:underline dark:[&amp;&gt;a]:text-primaryDark [&amp;&gt;a]:font-bold\">Sepp Kuss<\/td>\n<\/tr>\n<tr class=\"border-t false\">\n<td class=\"md:p-3 p-2 md:text-base text-sm [&amp;&gt;a]:text-primary [&amp;&gt;a]:underline dark:[&amp;&gt;a]:text-primaryDark [&amp;&gt;a]:font-bold\">2024<\/td>\n<td class=\"md:p-3 p-2 md:text-base text-sm [&amp;&gt;a]:text-primary [&amp;&gt;a]:underline dark:[&amp;&gt;a]:text-primaryDark [&amp;&gt;a]:font-bold\">Tadej Poga\u010dar<\/td>\n<td class=\"md:p-3 p-2 md:text-base text-sm [&amp;&gt;a]:text-primary [&amp;&gt;a]:underline dark:[&amp;&gt;a]:text-primaryDark [&amp;&gt;a]:font-bold\">Tadej Poga\u010dar<\/td>\n<td class=\"md:p-3 p-2 md:text-base text-sm [&amp;&gt;a]:text-primary [&amp;&gt;a]:underline dark:[&amp;&gt;a]:text-primaryDark [&amp;&gt;a]:font-bold\">Primo\u017e Rogli\u010d<\/td>\n<\/tr>\n<tr class=\"border-t false\">\n<td class=\"md:p-3 p-2 md:text-base text-sm [&amp;&gt;a]:text-primary [&amp;&gt;a]:underline dark:[&amp;&gt;a]:text-primaryDark [&amp;&gt;a]:font-bold\">2025<\/td>\n<td class=\"md:p-3 p-2 md:text-base text-sm [&amp;&gt;a]:text-primary [&amp;&gt;a]:underline dark:[&amp;&gt;a]:text-primaryDark [&amp;&gt;a]:font-bold\">Simon Yates<\/td>\n<td class=\"md:p-3 p-2 md:text-base text-sm [&amp;&gt;a]:text-primary [&amp;&gt;a]:underline dark:[&amp;&gt;a]:text-primaryDark [&amp;&gt;a]:font-bold\">Tadej Poga\u010dar<\/td>\n<td class=\"md:p-3 p-2 md:text-base text-sm [&amp;&gt;a]:text-primary [&amp;&gt;a]:underline dark:[&amp;&gt;a]:text-primaryDark [&amp;&gt;a]:font-bold\">Jonas Vingegaard<\/td>\n<\/tr>\n","protected":false},"excerpt":{"rendered":"Estamos en plena pretemporada y, como es l\u00f3gico, los equipos a\u00fan no han dado oficialmente sus alineaciones para&hellip;\n","protected":false},"author":2,"featured_media":278953,"comment_status":"","ping_status":"","sticky":false,"template":"","format":"standard","meta":{"footnotes":""},"categories":[273],"tags":[1705,313,312,168,25,24,11163,2945,12058,23,167,463,462,5411],"class_list":{"0":"post-278952","1":"post","2":"type-post","3":"status-publish","4":"format-standard","5":"has-post-thumbnail","7":"category-ciclismo","8":"tag-analisis","9":"tag-ciclismo","10":"tag-cycling","11":"tag-deportes","12":"tag-es","13":"tag-espana","14":"tag-giro-de-italia","15":"tag-jonas-vingegaard","16":"tag-primoz-roglic","17":"tag-spain","18":"tag-sports","19":"tag-tadej-pogacar","20":"tag-tour-de-francia","21":"tag-vuelta-a-espana"},"share_on_mastodon":{"url":"https:\/\/pubeurope.com\/@es\/115688185888140894","error":""},"_links":{"self":[{"href":"https:\/\/www.europesays.com\/es\/wp-json\/wp\/v2\/posts\/278952","targetHints":{"allow":["GET"]}}],"collection":[{"href":"https:\/\/www.europesays.com\/es\/wp-json\/wp\/v2\/posts"}],"about":[{"href":"https:\/\/www.europesays.com\/es\/wp-json\/wp\/v2\/types\/post"}],"author":[{"embeddable":true,"href":"https:\/\/www.europesays.com\/es\/wp-json\/wp\/v2\/users\/2"}],"replies":[{"embeddable":true,"href":"https:\/\/www.europesays.com\/es\/wp-json\/wp\/v2\/comments?post=278952"}],"version-history":[{"count":0,"href":"https:\/\/www.europesays.com\/es\/wp-json\/wp\/v2\/posts\/278952\/revisions"}],"wp:featuredmedia":[{"embeddable":true,"href":"https:\/\/www.europesays.com\/es\/wp-json\/wp\/v2\/media\/278953"}],"wp:attachment":[{"href":"https:\/\/www.europesays.com\/es\/wp-json\/wp\/v2\/media?parent=278952"}],"wp:term":[{"taxonomy":"category","embeddable":true,"href":"https:\/\/www.europesays.com\/es\/wp-json\/wp\/v2\/categories?post=278952"},{"taxonomy":"post_tag","embeddable":true,"href":"https:\/\/www.europesays.com\/es\/wp-json\/wp\/v2\/tags?post=278952"}],"curies":[{"name":"wp","href":"https:\/\/api.w.org\/{rel}","templated":true}]}}