{"id":278954,"date":"2025-12-09T06:27:08","date_gmt":"2025-12-09T06:27:08","guid":{"rendered":"https:\/\/www.europesays.com\/es\/278954\/"},"modified":"2025-12-09T06:27:08","modified_gmt":"2025-12-09T06:27:08","slug":"el-baloncestista-ferrolano-pablo-mera-sigue-imparable-la-voz-de-galicia","status":"publish","type":"post","link":"https:\/\/www.europesays.com\/es\/278954\/","title":{"rendered":"El baloncestista ferrolano Pablo Mera sigue imparable &#8211; La Voz de Galicia"},"content":{"rendered":"<ol>\n<li><a href=\"https:\/\/news.google.com\/rss\/articles\/CBMiswFBVV95cUxNQkEyeHRHZnVOMFZGcXF6bVhnMi1WVXV6ZDNGeWRpZ09CR0tJMXJkMmlVaGtYTXBHU3AwajhuTU5CU0pva0ZKSDVPc01pYTRHZEp6cW5XcUdNWWJFSkFISUNqcVBoMDhnek1yQ2w5NGRUWGVLVkstM2lOVkNhTTY1NFZPM3BvbHI1QUgyNTF5MHl4TzdLdk9LaDMxclBvUWtSc2JTR2h5UUNuclg0Ni1feGRFd9IBzwFBVV95cUxQOXFWaDBscFpiRlRSWkJKVHFWc1BkODdZWWh5d3lWUnVCVks0UE9TVnRLR0pYM0lPcDZBanljaGlaLXhzcTZCel9adGozeXQyRTZzelNxb19FcmdQalppT3llcFhfSEMzb1I3bmlCM3F0T1RXYXJwNUFTR1FhaXViRjRqUXg0T2JhX3FJRGkwNkxLSUdEY2xuUWFvaURaZlU5bHBYVkx4U0l6VHh3cnY5bVFKR3VNTHlVWjhfN0d3allMR1YyVHFMTGthWkRjY3M?oc=5\" target=\"_blank\" rel=\"nofollow noopener\">El baloncestista ferrolano Pablo Mera sigue imparable<\/a>&nbsp;&nbsp;La Voz de Galicia<\/li>\n<li><a href=\"https:\/\/news.google.com\/rss\/articles\/CBMiuwFBVV95cUxQZUdmaklac3Rhb0tCNXRBYWdPb2RmWnFCeW9ScW9MZExuZHVLa1RjcExsM2tzUnlNdGZDZkdud2Q4MXNYWVE1RGFJLTNjRGtXTTJ4eGxyRlNoamczRTRfb19rNGtUbm9VLW5DaTN2QzRjczlCYncxbTB4UWJtWlVIVHNYaG5MYk1YRFNfZW1qa0VUZjlkbXdsUjhrbTYxNkhuUk43UXFDcm5MLUxaVUpKaVl5NmlQYnRQbm9V?oc=5\" target=\"_blank\" rel=\"nofollow noopener\">\u00cdscar vuelve a convertirse en el epicentro del baloncesto de formaci\u00f3n europeo<\/a>&nbsp;&nbsp;Federaci\u00f3n Espa\u00f1ola de Baloncesto<\/li>\n<li><a href=\"https:\/\/news.google.com\/rss\/articles\/CBMi1wFBVV95cUxNYXBZRnV4bDZ2dHZMdHQ1Y2hrRHpFRmdJbzVzNEwxYzM2aldkTlVhcTNZVUw4blFFUUozWVg4RHQtdUVEYnhkUHVBVkd3VnNNQ0ZwOWNzSU1BUDZzWV9GMzc4c0xvZnp4X0VQNjJZVmNZVUNMM1hySGp3czNSUWlBRFIzRVAxMk9qQU41YnNtTlIzTXRITFZVNktNbUxkalIxTkk3VnlFeXRNc21VVWxjOU1nSDY4aTNldUJOTDk3RFZSa2JhemRkTHFfYjZBSEt1ODJ1RTdXOA?oc=5\" target=\"_blank\" rel=\"nofollow noopener\">Espa\u00f1a se lleva el Torneo Internacional Villa de \u00cdscar<\/a>&nbsp;&nbsp;El D\u00eda de Valladolid<\/li>\n<li><a href=\"https:\/\/news.google.com\/rss\/articles\/CBMisgFBVV95cUxPNVF1cHktNW1hRTZERWJYMk50ZVM2YmRSS3Q2eC1CSFhNT1NnRk9xS1p0R21uM3lYY3FaZHV1aFc0cTF1NVZWeWt1VEZGUlNQSUZJU01zcFFKWnFxaXQtYjZvaUFQc3lNbGc4Uy1XRGhVQWd1MDBpR29mdkNYeWZjbGx4cXdPZlBmZ3NSdEEzcEhqOHRSamoyS3pJTktUWFZlUmhKLVRVWDRnVEhlejZqb1l30gG3AUFVX3lxTE9CSU1JMEJoT2pkaFdKU3dfNnNQZTZUMFZWN0tzNHZYUTdtS09aWEZWUk9Sd3B6dW1vcEJkWFI0bnFnakR6S1FEX2ZNbTJ0OHhPZ1I1bC03T1RJMjlDTHZkVDdNY01xLUZHcXptWGZJMzFIRGJqZThBbG9ub0REN3U4c2pucXZuUGg1d1VjTUd5dERSSVQ1UWdQX1FYQVBsNzJfcjhZampRczJyYmdaSERmZTFldmJTZw?oc=5\" target=\"_blank\" rel=\"nofollow noopener\">Espa\u00f1a reina en \u00cdscar y Castilla y Le\u00f3n no pasa del sexto puesto<\/a>&nbsp;&nbsp;Diario de Valladolid<\/li>\n<li><a href=\"https:\/\/news.google.com\/rss\/articles\/CBMi0gFBVV95cUxQWHktbTJ4d2FxOUdCVVM0MHdPSHJCX25pUzVMaWVISm9SOGxuNm0wYV9TOVBHajVIbkdQQ2dTMG94QXZkN1BDSXd1R0RyQzZmNnVLR0kwMXN1NkVhRmtZc0sxUnVXanB2RTVmbUIwUTgzbUt0ZGtaVEJJamRLWm44MTVWN09idXlIaWx5VVNDaU53ekMyWGdvWF9lMWo3Y3ZhMF9yS29ZcHdCNFZybFdCMmRCUVZmUHNUOUJHZGVqejFEQmFpUDVScUxMbVZISVhXakE?oc=5\" target=\"_blank\" rel=\"nofollow noopener\">\u00cdscar vuelve a convertirse en escaparate para los jugadores de la generaci\u00f3n U16<\/a>&nbsp;&nbsp;El Norte de Castilla<\/li>\n<\/ol>\n","protected":false},"excerpt":{"rendered":"El baloncestista ferrolano Pablo Mera sigue imparable&nbsp;&nbsp;La Voz de Galicia \u00cdscar vuelve a convertirse en el epicentro del&hellip;\n","protected":false},"author":2,"featured_media":278955,"comment_status":"","ping_status":"","sticky":false,"template":"","format":"standard","meta":{"footnotes":""},"categories":[269],"tags":[299,298,168,25,24,7859,3048,23,167],"class_list":{"0":"post-278954","1":"post","2":"type-post","3":"status-publish","4":"format-standard","5":"has-post-thumbnail","7":"category-baloncesto","8":"tag-baloncesto","9":"tag-basketball","10":"tag-deportes","11":"tag-es","12":"tag-espana","13":"tag-ferrol-ciudad","14":"tag-real-madrid","15":"tag-spain","16":"tag-sports"},"share_on_mastodon":{"url":"https:\/\/pubeurope.com\/@es\/115688193722034590","error":""},"_links":{"self":[{"href":"https:\/\/www.europesays.com\/es\/wp-json\/wp\/v2\/posts\/278954","targetHints":{"allow":["GET"]}}],"collection":[{"href":"https:\/\/www.europesays.com\/es\/wp-json\/wp\/v2\/posts"}],"about":[{"href":"https:\/\/www.europesays.com\/es\/wp-json\/wp\/v2\/types\/post"}],"author":[{"embeddable":true,"href":"https:\/\/www.europesays.com\/es\/wp-json\/wp\/v2\/users\/2"}],"replies":[{"embeddable":true,"href":"https:\/\/www.europesays.com\/es\/wp-json\/wp\/v2\/comments?post=278954"}],"version-history":[{"count":0,"href":"https:\/\/www.europesays.com\/es\/wp-json\/wp\/v2\/posts\/278954\/revisions"}],"wp:featuredmedia":[{"embeddable":true,"href":"https:\/\/www.europesays.com\/es\/wp-json\/wp\/v2\/media\/278955"}],"wp:attachment":[{"href":"https:\/\/www.europesays.com\/es\/wp-json\/wp\/v2\/media?parent=278954"}],"wp:term":[{"taxonomy":"category","embeddable":true,"href":"https:\/\/www.europesays.com\/es\/wp-json\/wp\/v2\/categories?post=278954"},{"taxonomy":"post_tag","embeddable":true,"href":"https:\/\/www.europesays.com\/es\/wp-json\/wp\/v2\/tags?post=278954"}],"curies":[{"name":"wp","href":"https:\/\/api.w.org\/{rel}","templated":true}]}}