{"id":278956,"date":"2025-12-09T06:28:09","date_gmt":"2025-12-09T06:28:09","guid":{"rendered":"https:\/\/www.europesays.com\/es\/278956\/"},"modified":"2025-12-09T06:28:09","modified_gmt":"2025-12-09T06:28:09","slug":"el-barca-siempre-ha-jugado-un-futbol-fantastico","status":"publish","type":"post","link":"https:\/\/www.europesays.com\/es\/278956\/","title":{"rendered":"El Bar\u00e7a siempre ha jugado un f\u00fatbol fant\u00e1stico"},"content":{"rendered":"<p data-gtm-element-container=\"modulo-texto-link\" class=\"paragraph\">El <strong>FC Barcelona<\/strong> se enfrenta este martes al <strong>Eintracht de Frankfurt<\/strong> (21.00 horas \/ Movistar Liga de Campeones) en un partido de Champions donde delante tendr\u00e1 a jugadores de la talla mundial de <strong>Mario G\u00f6tze<\/strong>. Fue precisamente el alem\u00e1n el encargado de atender a los medios en la rueda de prensa previa oficial, y preguntado por el Bar\u00e7a se\u00f1al\u00f3 que \u00abel Bar\u00e7a siempre fue un equipo importante en mi infancia porque siempre ha jugado un f\u00fatbol fant\u00e1stico y eso queda en el recuerdo. Es un club muy bueno, juegan un f\u00fatbol fant\u00e1stico y es un f\u00fatbol que te gusta mirar\u00bb.<\/p>\n<p data-gtm-element-container=\"modulo-texto-link\" class=\"paragraph\">De cara al duelo contra los azulgrana, <strong>G\u00f6tze <\/strong>se\u00f1al\u00f3 que \u00abuna vez vine al Camp Nou y fue muy bien, pero hace muchos a\u00f1os. Como de costumbre, ser\u00e1 un partido dif\u00edcil. Tenemos que estar al 100%, trabajar mucho y sufrir mucho. Tenemos ganas de este partido, ser\u00e1 una ocasi\u00f3n \u00fanica\u00bb.<\/p>\n<p>    Lee tambi\u00e9n<\/p>\n<p data-gtm-element-container=\"modulo-texto-link\" class=\"paragraph\">Preguntado por su relaci\u00f3n con <strong>Flick<\/strong>, <strong>G\u00f6tze <\/strong>dijo que \u00abhace tiempo que conozco a <strong>Hansi<\/strong>, tambi\u00e9n de la selecci\u00f3n. Hemos acumulado experiencias juntos, le aprecio mucho y tambi\u00e9n la forma en la que juega, un f\u00fatbol muy ofensivo, y por tanto tenemos un gran reto. Lo aprecio mucho y en el pasado trabaj\u00e9 con \u00e9l y celebro si tiene \u00e9xitos, pero para nosotros es un partido muy importante y haremos todo para que no tenga \u00e9xito. En 2022 me enter\u00e9 del partido del <strong>Eintracht <\/strong>aqu\u00ed. Todos desde Alemania le d\u00e1bamos apoyo al <strong>Eintracht<\/strong>, pero hace a\u00f1os que pas\u00f3 y me cuesta comparar partidos y situaciones. Cada partido es nuevo y comienza de cero. Dif\u00edcilmente puedes sacar conclusiones del pasado; fue una experiencia \u00fanica y queremos vivir nuestra experiencia\u00bb.<\/p>\n","protected":false},"excerpt":{"rendered":"El FC Barcelona se enfrenta este martes al Eintracht de Frankfurt (21.00 horas \/ Movistar Liga de Campeones)&hellip;\n","protected":false},"author":2,"featured_media":278957,"comment_status":"","ping_status":"","sticky":false,"template":"","format":"standard","meta":{"footnotes":""},"categories":[268],"tags":[168,25,24,280,282,281,23,167],"class_list":{"0":"post-278956","1":"post","2":"type-post","3":"status-publish","4":"format-standard","5":"has-post-thumbnail","7":"category-futbol","8":"tag-deportes","9":"tag-es","10":"tag-espana","11":"tag-football","12":"tag-futbol","13":"tag-soccer","14":"tag-spain","15":"tag-sports"},"share_on_mastodon":{"url":"https:\/\/pubeurope.com\/@es\/115688197716460321","error":""},"_links":{"self":[{"href":"https:\/\/www.europesays.com\/es\/wp-json\/wp\/v2\/posts\/278956","targetHints":{"allow":["GET"]}}],"collection":[{"href":"https:\/\/www.europesays.com\/es\/wp-json\/wp\/v2\/posts"}],"about":[{"href":"https:\/\/www.europesays.com\/es\/wp-json\/wp\/v2\/types\/post"}],"author":[{"embeddable":true,"href":"https:\/\/www.europesays.com\/es\/wp-json\/wp\/v2\/users\/2"}],"replies":[{"embeddable":true,"href":"https:\/\/www.europesays.com\/es\/wp-json\/wp\/v2\/comments?post=278956"}],"version-history":[{"count":0,"href":"https:\/\/www.europesays.com\/es\/wp-json\/wp\/v2\/posts\/278956\/revisions"}],"wp:featuredmedia":[{"embeddable":true,"href":"https:\/\/www.europesays.com\/es\/wp-json\/wp\/v2\/media\/278957"}],"wp:attachment":[{"href":"https:\/\/www.europesays.com\/es\/wp-json\/wp\/v2\/media?parent=278956"}],"wp:term":[{"taxonomy":"category","embeddable":true,"href":"https:\/\/www.europesays.com\/es\/wp-json\/wp\/v2\/categories?post=278956"},{"taxonomy":"post_tag","embeddable":true,"href":"https:\/\/www.europesays.com\/es\/wp-json\/wp\/v2\/tags?post=278956"}],"curies":[{"name":"wp","href":"https:\/\/api.w.org\/{rel}","templated":true}]}}