{"id":278983,"date":"2025-12-09T06:48:10","date_gmt":"2025-12-09T06:48:10","guid":{"rendered":"https:\/\/www.europesays.com\/es\/278983\/"},"modified":"2025-12-09T06:48:10","modified_gmt":"2025-12-09T06:48:10","slug":"ruth-moll-y-su-doce-de-doce-en-la-copa-espana","status":"publish","type":"post","link":"https:\/\/www.europesays.com\/es\/278983\/","title":{"rendered":"Ruth Moll y su \u2018doce de doce\u2019 en la Copa Espa\u00f1a"},"content":{"rendered":"<p><strong>\u00abColor\u00edn colorado, la Copa de Espa\u00f1a se ha terminado. Doce carreras, doce triunfos en mi categor\u00eda\u00bb.<\/strong> As\u00ed de satisfecha se mostraba la veterana ciclista de Ciutadella y residente en Asturias, <a href=\"https:\/\/www.menorca.info\/etiqueta\/Ruth+Moll.html?utm_source=Inline-tag&amp;utm_medium=internal\" rel=\"nofollow noopener\" target=\"_blank\">Ruth Moll<\/a>, quien <strong>ha vivido un final de a\u00f1o 2025 para enmarcar<\/strong>, proclam\u00e1ndose por vez primera campeona del mundo W50 en Varese (Italia) y ahora, estos pasados d\u00edas,<strong> cerrando la Copa de Espa\u00f1a sin fisuras<\/strong>, en un evento perfecto para la menorquina en su categor\u00eda de 50 a\u00f1os.<\/p>\n<p>La Copa de Espa\u00f1a de Ciclocross 2025 echaba el cierre este pasado domingo con el III Trofeo Ciclocross Rafa Valls \u2013 Fira Tots Sants de Cocentaina. Ruth Moll <strong>lograba completar un fin de semana perfecto con dos victorias, alz\u00e1ndose con la general de la Copa de Espa\u00f1a de Ciclocross<\/strong>, tras un dominio absoluto de la insular, que no ha tenido rival en m\u00e1ster 50 y ha protagonizado un a\u00f1o brillante.<\/p>\n","protected":false},"excerpt":{"rendered":"\u00abColor\u00edn colorado, la Copa de Espa\u00f1a se ha terminado. Doce carreras, doce triunfos en mi categor\u00eda\u00bb. As\u00ed de&hellip;\n","protected":false},"author":2,"featured_media":278984,"comment_status":"","ping_status":"","sticky":false,"template":"","format":"standard","meta":{"footnotes":""},"categories":[273],"tags":[313,312,168,25,24,50839,23,167],"class_list":{"0":"post-278983","1":"post","2":"type-post","3":"status-publish","4":"format-standard","5":"has-post-thumbnail","7":"category-ciclismo","8":"tag-ciclismo","9":"tag-cycling","10":"tag-deportes","11":"tag-es","12":"tag-espana","13":"tag-ruth-moll","14":"tag-spain","15":"tag-sports"},"share_on_mastodon":{"url":"https:\/\/pubeurope.com\/@es\/115688276180753754","error":""},"_links":{"self":[{"href":"https:\/\/www.europesays.com\/es\/wp-json\/wp\/v2\/posts\/278983","targetHints":{"allow":["GET"]}}],"collection":[{"href":"https:\/\/www.europesays.com\/es\/wp-json\/wp\/v2\/posts"}],"about":[{"href":"https:\/\/www.europesays.com\/es\/wp-json\/wp\/v2\/types\/post"}],"author":[{"embeddable":true,"href":"https:\/\/www.europesays.com\/es\/wp-json\/wp\/v2\/users\/2"}],"replies":[{"embeddable":true,"href":"https:\/\/www.europesays.com\/es\/wp-json\/wp\/v2\/comments?post=278983"}],"version-history":[{"count":0,"href":"https:\/\/www.europesays.com\/es\/wp-json\/wp\/v2\/posts\/278983\/revisions"}],"wp:featuredmedia":[{"embeddable":true,"href":"https:\/\/www.europesays.com\/es\/wp-json\/wp\/v2\/media\/278984"}],"wp:attachment":[{"href":"https:\/\/www.europesays.com\/es\/wp-json\/wp\/v2\/media?parent=278983"}],"wp:term":[{"taxonomy":"category","embeddable":true,"href":"https:\/\/www.europesays.com\/es\/wp-json\/wp\/v2\/categories?post=278983"},{"taxonomy":"post_tag","embeddable":true,"href":"https:\/\/www.europesays.com\/es\/wp-json\/wp\/v2\/tags?post=278983"}],"curies":[{"name":"wp","href":"https:\/\/api.w.org\/{rel}","templated":true}]}}