{"id":278991,"date":"2025-12-09T06:53:12","date_gmt":"2025-12-09T06:53:12","guid":{"rendered":"https:\/\/www.europesays.com\/es\/278991\/"},"modified":"2025-12-09T06:53:12","modified_gmt":"2025-12-09T06:53:12","slug":"asi-han-sido-sus-espectaculares-primeros-anos","status":"publish","type":"post","link":"https:\/\/www.europesays.com\/es\/278991\/","title":{"rendered":"as\u00ed han sido sus espectaculares primeros a\u00f1os"},"content":{"rendered":"\n<p> La <strong>Fundaci\u00f3n Marta Ortega P\u00e9rez (Fundaci\u00f3n MOP)<\/strong>, constituida en 2022, es una instituci\u00f3n cultural asentada en Coru\u00f1a que articula su proyecto en torno a <strong>tres ejes <\/strong>\u2014<strong>la ciudad, la fotograf\u00eda y la moda<\/strong>\u2014 mediante exposiciones de primer nivel y actividades paralelas. Trabaja desde el <strong>Centro MOP<\/strong>, un antiguo espacio industrial del <strong>Muelle de Bater\u00eda<\/strong> rehabilitado por la arquitecta <strong>Elsa Urquijo,<\/strong> e incorpora tambi\u00e9n una <strong>librer\u00eda especializada; <\/strong>con entrada gratuita, su modelo se apoya en programas educativos y en la reinversi\u00f3n de los ingresos del merchandising, que han impulsado iniciativas como <strong>Future Stories<\/strong> para respaldar a j\u00f3venes creadores. <\/p>\n<p> Al frente est\u00e1 <strong>Marta Ortega P\u00e9rez<\/strong>, fundadora y presidenta de la Fundaci\u00f3n, y tambi\u00e9n presidenta no ejecutiva de Inditex. Con una trayectoria desarrollada \u00edntegramente en el grupo desde 2007, su papel en MOP se dibuja como un h\u00edbrido entre su<strong> inter\u00e9s por la difusi\u00f3n del arte <\/strong>\u2014con especial atenci\u00f3n a la fotograf\u00eda\u2014 y, a la vez, como una <strong>cruzada personal para resituar Coru\u00f1a y Galicia <\/strong>en el circuito de las <strong>grandes exposiciones internacionales.<\/strong> <\/p>\n<p>                              Marta Ortega P\u00e9rez, fundadora y presidenta de la Fundaci\u00f3n MOP. (Cortes\u00eda)             <\/p>\n<p> Antes incluso de la constituci\u00f3n formal de MOP, el proyecto tuvo un <strong>banco de pruebas. <\/strong>La llegada a Coru\u00f1a, en diciembre de 2021, de la muestra <strong>&#8216;Untold Stories&#8217;<\/strong> del fot\u00f3grafo <strong>Peter Lindbergh <\/strong>funcion\u00f3 como <strong>ejercicio previo<\/strong> que anticipaba ya el formato y<strong> la ambici\u00f3n<\/strong> de lo que despu\u00e9s ser\u00eda la Fundaci\u00f3n. La exposici\u00f3n, dise\u00f1ada por el propio fot\u00f3grafo, reun\u00eda m\u00e1s de <strong>160 im\u00e1genes<\/strong> tomadas entre los primeros 80 y 2019 y trazaba un arco por cuatro d\u00e9cadas de carrera, entre <strong>moda, cine y cultura popular. <\/strong>Adem\u00e1s, pon\u00eda en marcha desde el principio dos ideas que luego se consolidar\u00edan: el v\u00ednculo con el espacio portuario rehabilitado y un <strong>programa educativo <\/strong>que conectaba la obra del autor con las aulas gallegas. <\/p>\n<p>               Linda Evangelista, Michaela Bercu &amp; Kirsten Owen, Pont-\u00e0-Mousson, 1988 \u00a9 Peter Lindbergh. (Fundaci\u00f3n MOP)             <\/p>\n<p> En 2022, el foco pas\u00f3 a <strong>Steven Meisel<\/strong> con <strong>&#8216;1993 A Year in Photographs&#8217;<\/strong> (noviembre de 2022), planteada como la primera gran exposici\u00f3n mundial dedicada a su trabajo y centrada en un a\u00f1o clave de explosi\u00f3n creativa. El relato se apoyaba en un corpus amplio (m\u00e1s de <strong>100 im\u00e1genes)<\/strong> y en la idea de Meisel como autor capaz de <strong>alternar lo cl\u00e1sico y lo subversivo, <\/strong>con un recorrido que mezclaba portadas, <strong>editoriales, campa\u00f1as y retratos.<\/strong> <\/p>\n<p>               Isabella Blow, Paris, 1993 \u00a9 Steven Meisel. (Fundaci\u00f3n MOP)             <\/p>\n<p> La tercera gran muestra se dedic\u00f3 a <strong>Helmut Newton<\/strong> con <strong>&#8216;Fact &amp; Fiction&#8217; <\/strong>(noviembre de 2023), en colaboraci\u00f3n con la <strong>Fundaci\u00f3n Helmut Newton <\/strong>y comisariada por <strong>Philippe Garner, Matthias Harder<\/strong> y <strong>Tim Jefferies.<\/strong> Aqu\u00ed el \u00e9nfasis reca\u00eda en su <strong>lenguaje visual audaz<\/strong> \u2014incluidos los c\u00e9lebres \u201cgrandes desnudos\u201d\u2014 y en su influencia sostenida, pero tambi\u00e9n en los materiales que abr\u00edan la puerta a su faceta m\u00e1s personal: v\u00eddeos, documentos, objetos, y fotograf\u00edas menos conocidas vinculadas a los lugares que marcaron su obra. <\/p>\n<p>               Monica Bellucci, Monte Carlo, 2001 \u00a9 Helmut Newton Foundation. (Fundaci\u00f3n MOP)             <\/p>\n<p> En 2024, la Fundaci\u00f3n present\u00f3 <strong>&#8216;Irving Penn: Centennial&#8217; <\/strong>(noviembre de 2024), organizada por <strong>The Metropolitan Museum of Art<\/strong> en colaboraci\u00f3n con la <strong>Fundaci\u00f3n Irving Penn <\/strong>y comisariada por <strong>Jeff L. Rosenheim.<\/strong> La exposici\u00f3n propon\u00eda una visi\u00f3n panor\u00e1mica de Penn \u2014de finales de los a\u00f1os 30 a comienzos del siglo XXI\u2014 con m\u00e1s de <strong>160 fotograf\u00edas y piezas <\/strong>de estudio, abarcando<strong> moda, bodegones, desnudos, flores y retratos, <\/strong>y subrayaba la vertiente divulgativa con la edici\u00f3n en exclusiva del cat\u00e1logo en espa\u00f1ol. <\/p>\n<p>               Black and White Fashion with Handbag (Jean Patchett), New York, 1950 \u00a9 Irving Penn. (Fundaci\u00f3n MOP)             <\/p>\n<p> Ya en este 2025, el programa se abri\u00f3 hacia nuevas lecturas de la fotograf\u00eda de moda con <strong>David Bailey<\/strong> y <strong>&#8216;Changing Fashion&#8217;<\/strong> (junio de 2025), primera gran retrospectiva del brit\u00e1nico en Espa\u00f1a, comisariada por <strong>Tim Marlow<\/strong> y el estudio del fot\u00f3grafo. Con m\u00e1s de <strong>140 im\u00e1genes<\/strong> de los 60 y 70, la muestra insist\u00eda en Bailey como figura clave para entender una \u00e9poca \u2014<strong>la revoluci\u00f3n cultural londinense<\/strong>\u2014 y sumaba recursos para ampliar la experiencia (cortometraje, publicaci\u00f3n gratuita y objetos), manteniendo la l\u00f3gica de acceso libre y apoyo a Future Stories. <\/p>\n<p>                   Jean Shrimpton, 1965 \u00a9 David Bailey. (Fundaci\u00f3n MOP)             <\/p>\n<p> Ese recorrido culmina, por ahora, con <strong>Annie Leibovitz<\/strong> y<strong> &#8216;Wonderland&#8217; <\/strong>(noviembre de 2025), concebida como <strong>su primera gran exposici\u00f3n de fotograf\u00eda de moda. <\/strong>La muestra repasa su trayectoria, desde los retratos m\u00e1s \u00edntimos de sus inicios para la revista <strong>&#8216;Rolling Stone&#8217; <\/strong>\u2014m\u00fasicos y grandes iconos culturales\u2014 hasta una amplia selecci\u00f3n de <strong>im\u00e1genes de moda, muchas nunca vistas <\/strong>en salas, y se completa con una pel\u00edcula y una publicaci\u00f3n producidas para la ocasi\u00f3n. <\/p>\n<p>               Natalia Vodianova en &#8216;Alice in Wonderland&#8217; \u00a9 Annie Leibovitz. (Fundaci\u00f3n MOP)             <\/p>\n<p> Cuatro a\u00f1os despu\u00e9s, la Fundaci\u00f3n MOP ha convertido un <strong>antiguo espacio industrial <\/strong>del puerto en un <strong>punto de encuentro cultural altamente apetecible: <\/strong>grandes nombres, acceso libre y un relato coherente entre fotograf\u00eda y moda. <strong>Su reto, <\/strong>a partir de aqu\u00ed,<strong> es sostener esa ambici\u00f3n sin perder el anclaje local <\/strong>\u2014educaci\u00f3n, j\u00f3venes creadores y Coru\u00f1a\u2014 <strong>que le da sentido.<\/strong> <\/p>\n<p> La <strong>Fundaci\u00f3n Marta Ortega P\u00e9rez (Fundaci\u00f3n MOP)<\/strong>, constituida en 2022, es una instituci\u00f3n cultural asentada en Coru\u00f1a que articula su proyecto en torno a <strong>tres ejes <\/strong>\u2014<strong>la ciudad, la fotograf\u00eda y la moda<\/strong>\u2014 mediante exposiciones de primer nivel y actividades paralelas. Trabaja desde el <strong>Centro MOP<\/strong>, un antiguo espacio industrial del <strong>Muelle de Bater\u00eda<\/strong> rehabilitado por la arquitecta <strong>Elsa Urquijo,<\/strong> e incorpora tambi\u00e9n una <strong>librer\u00eda especializada; <\/strong>con entrada gratuita, su modelo se apoya en programas educativos y en la reinversi\u00f3n de los ingresos del merchandising, que han impulsado iniciativas como <strong>Future Stories<\/strong> para respaldar a j\u00f3venes creadores. <\/p>\n","protected":false},"excerpt":{"rendered":"La Fundaci\u00f3n Marta Ortega P\u00e9rez (Fundaci\u00f3n MOP), constituida en 2022, es una instituci\u00f3n cultural asentada en Coru\u00f1a que&hellip;\n","protected":false},"author":2,"featured_media":278992,"comment_status":"","ping_status":"","sticky":false,"template":"","format":"standard","meta":{"footnotes":""},"categories":[173],"tags":[229,233,231,230,232,234,146,147,25,24,23],"class_list":{"0":"post-278991","1":"post","2":"type-post","3":"status-publish","4":"format-standard","5":"has-post-thumbnail","7":"category-arte-y-diseno","8":"tag-arte","9":"tag-arte-y-diseno","10":"tag-arts","11":"tag-arts-and-design","12":"tag-design","13":"tag-diseno","14":"tag-entertainment","15":"tag-entretenimiento","16":"tag-es","17":"tag-espana","18":"tag-spain"},"share_on_mastodon":{"url":"https:\/\/pubeurope.com\/@es\/115688295826704060","error":""},"_links":{"self":[{"href":"https:\/\/www.europesays.com\/es\/wp-json\/wp\/v2\/posts\/278991","targetHints":{"allow":["GET"]}}],"collection":[{"href":"https:\/\/www.europesays.com\/es\/wp-json\/wp\/v2\/posts"}],"about":[{"href":"https:\/\/www.europesays.com\/es\/wp-json\/wp\/v2\/types\/post"}],"author":[{"embeddable":true,"href":"https:\/\/www.europesays.com\/es\/wp-json\/wp\/v2\/users\/2"}],"replies":[{"embeddable":true,"href":"https:\/\/www.europesays.com\/es\/wp-json\/wp\/v2\/comments?post=278991"}],"version-history":[{"count":0,"href":"https:\/\/www.europesays.com\/es\/wp-json\/wp\/v2\/posts\/278991\/revisions"}],"wp:featuredmedia":[{"embeddable":true,"href":"https:\/\/www.europesays.com\/es\/wp-json\/wp\/v2\/media\/278992"}],"wp:attachment":[{"href":"https:\/\/www.europesays.com\/es\/wp-json\/wp\/v2\/media?parent=278991"}],"wp:term":[{"taxonomy":"category","embeddable":true,"href":"https:\/\/www.europesays.com\/es\/wp-json\/wp\/v2\/categories?post=278991"},{"taxonomy":"post_tag","embeddable":true,"href":"https:\/\/www.europesays.com\/es\/wp-json\/wp\/v2\/tags?post=278991"}],"curies":[{"name":"wp","href":"https:\/\/api.w.org\/{rel}","templated":true}]}}