{"id":278999,"date":"2025-12-09T06:59:10","date_gmt":"2025-12-09T06:59:10","guid":{"rendered":"https:\/\/www.europesays.com\/es\/278999\/"},"modified":"2025-12-09T06:59:10","modified_gmt":"2025-12-09T06:59:10","slug":"cientificos-descubren-como-reprogramar-el-sistema-inmunologico-con-electricidad","status":"publish","type":"post","link":"https:\/\/www.europesays.com\/es\/278999\/","title":{"rendered":"Cient\u00edficos descubren c\u00f3mo &#8216;reprogramar&#8217; el sistema inmunol\u00f3gico con electricidad"},"content":{"rendered":"<p><img id=\"fotoPrincipalNoticia\" src=\"https:\/\/www.europesays.com\/es\/wp-content\/uploads\/2025\/12\/fotonoticia_20251209073449_690.jpg\" loading=\"eager\" decoding=\"async\" style=\"view-transition-name: fechor_20251209073449;\" border=\"0\" alt=\"Archivo - Cabeza humana con cables enredados, electroshock, depresi\u00f3n\" fetchpriority=\"high\" title=\"Cient\u00edficos descubren c\u00f3mo 'reprogramar' el sistema inmunol\u00f3gico con electricidad\" width=\"690\" height=\"388\" itemprop=\"image\"\/><\/p>\n<p>Archivo &#8211; Cabeza humana con cables enredados, electroshock, depresi\u00f3n &#8211; PIRANKA\/ISTOCK &#8211; Archivo<\/p>\n<p>\u00a0\u00a0\u00a0MADRID, 9 Dic. (EUROPA PRESS) &#8211; <\/p>\n<p>   <strong>Imagina poder acelerar la curaci\u00f3n del cuerpo con solo un impulso el\u00e9ctrico<\/strong>. Lo que hasta ahora parec\u00eda ciencia ficci\u00f3n empieza a tomar forma en los laboratorios: los gl\u00f3bulos blancos encargados de protegernos podr\u00edan ser guiados para reparar tejidos m\u00e1s r\u00e1pido y de manera m\u00e1s eficiente.<\/p>\n<p> Este descubrimiento abre una puerta a tratamientos innovadores que podr\u00edan cambiar c\u00f3mo enfrentamos heridas y enfermedades inflamatorias. La clave est\u00e1 en comprender y modificar la respuesta natural del cuerpo, potenciando su capacidad de autocuraci\u00f3n de formas que antes eran inimaginables.<\/p>\n<p><strong>REPROGRAMAR EL SISTEMA INMUNOL\u00d3GICO CON ELECTRICIDAD<\/strong><\/p>\n<p>\u00a0\u00a0\u00a0Cient\u00edficos del Trinity College de Dubl\u00edn (Irlanda) han descubierto que estimular el\u00e9ctricamente a los \u00abmacr\u00f3fagos\u00bb (uno de los actores clave del sistema inmunol\u00f3gico) puede \u00abreprogramarlos\u00bb de tal manera que reduzca la inflamaci\u00f3n y fomente una curaci\u00f3n m\u00e1s r\u00e1pida y efectiva en enfermedades y lesiones.<\/p>\n<p>\u00a0\u00a0\u00a0 Este avance descubre una nueva opci\u00f3n terap\u00e9utica potencialmente poderosa, y a\u00fan se est\u00e1n realizando m\u00e1s trabajos para delinear sus detalles. Concretamente, en el trabajo publicado en la revista internacional &#8216;Cell Reports Physical Science&#8217;, <strong>el equipo de Trinity trabaj\u00f3 con macr\u00f3fagos humanos aislados de muestras de sangre de donantes sanos<\/strong>, proporcionadas por la Junta Irlandesa de Transfusi\u00f3n de Sangre del Hospital St. James. Estimularon estas c\u00e9lulas mediante un biorreactor personalizado para aplicar corrientes el\u00e9ctricas y midieron su evoluci\u00f3n.<\/p>\n<p><strong>MACR\u00d3FAGOS: LOS GUARDIANES QUE PUEDEN SANAR M\u00c1S R\u00c1PIDO<\/strong><\/p>\n<p>\u00a0\u00a0\u00a0Cabe contextualizar que los macr\u00f3fagos son un tipo de gl\u00f3bulo blanco con varias funciones importantes en nuestro sistema inmunitario.<strong> Patrullan el cuerpo,<\/strong> buscando bacterias y virus, eliminando c\u00e9lulas muertas y da\u00f1adas y estimulando otras c\u00e9lulas inmunitarias, poni\u00e9ndolas en marcha cuando y donde se necesitan.<\/p>\n<p>\u00a0\u00a0\u00a0Sin embargo, sus acciones tambi\u00e9n pueden provocar inflamaci\u00f3n local en el organismo, que a veces puede descontrolarse y volverse problem\u00e1tica, causando m\u00e1s da\u00f1o que reparaci\u00f3n. Esto est\u00e1 presente en muchas enfermedades diferentes, lo que resalta la necesidad de regular los macr\u00f3fagos para mejorar la evoluci\u00f3n de los pacientes.<\/p>\n<p>\u00a0\u00a0\u00a0En el nuevo estudio, los cient\u00edficos descubrieron que esta estimulaci\u00f3n <strong>provoc\u00f3 un cambio de los macr\u00f3fagos a un estado antiinflamatorio que favorece una reparaci\u00f3n tisular m\u00e1s r\u00e1pida;<\/strong> una disminuci\u00f3n de la actividad de los marcadores inflamatorios (se\u00f1alizaci\u00f3n); un aumento de la expresi\u00f3n de genes que promueven la formaci\u00f3n de nuevos vasos sangu\u00edneos (asociado con la reparaci\u00f3n tisular a medida que se forman nuevos tejidos); y un aumento del reclutamiento de c\u00e9lulas madre en las heridas (tambi\u00e9n asociado con la reparaci\u00f3n tisular).<\/p>\n<p><strong>EL FUTURO DE LA REPARACI\u00d3N TISULAR PASA POR LA ESTIMULACI\u00d3N EL\u00c9CTRICA<\/strong><\/p>\n<p>\u00a0\u00a0\u00a0\u00abSabemos desde hace mucho tiempo que el sistema inmunol\u00f3gico es vital para reparar los da\u00f1os en nuestro cuerpo y que los macr\u00f3fagos juegan un papel central en la lucha contra las infecciones y la gu\u00eda de la reparaci\u00f3n de los tejidos\u00bb, comenta la doctora Sinead O&#8217;Rourke, investigadora en la Facultad de Bioqu\u00edmica e Inmunolog\u00eda de Trinity y primera autora del art\u00edculo de investigaci\u00f3n.<\/p>\n<p>\u00a0\u00a0\u00a0 Como resultado, muchos cient\u00edficos est\u00e1n explorando maneras de reprogramar los macr\u00f3fagos para promover una curaci\u00f3n m\u00e1s r\u00e1pida y eficaz en enfermedades y limitar los efectos secundarios indeseados que acompa\u00f1an a una inflamaci\u00f3n excesivamente agresiva. Y si bien existe una creciente evidencia de que la estimulaci\u00f3n el\u00e9ctrica puede ayudar a controlar el comportamiento de diferentes c\u00e9lulas durante la cicatrizaci\u00f3n de heridas, antes de este trabajo se sab\u00eda muy poco sobre c\u00f3mo afecta a los macr\u00f3fagos humanos.<\/p>\n<p>\u00a0\u00a0\u00a0De esta forma, este estudio no solo demuestra por primera vez que la estimulaci\u00f3n el\u00e9ctrica puede modificar los macr\u00f3fagos humanos para suprimir la inflamaci\u00f3n, sino que tambi\u00e9n ha demostrado una mayor capacidad de los macr\u00f3fagos para reparar tejidos, lo que respalda la estimulaci\u00f3n el\u00e9ctrica como una nueva y emocionante terapia para potenciar los procesos de reparaci\u00f3n del propio organismo en una amplia gama de lesiones y enfermedades.<\/p>\n<p>\u00a0\u00a0\u00a0Los autores concluyen que entre los pasos futuros se encuentran la exploraci\u00f3n de reg\u00edmenes m\u00e1s avanzados de estimulaci\u00f3n el\u00e9ctrica para generar efectos m\u00e1s precisos y prolongados en las c\u00e9lulas inflamatorias, as\u00ed como la exploraci\u00f3n de nuevos materiales y modalidades de aplicaci\u00f3n de campos el\u00e9ctricos. Este concepto ha producido resultados convincentes in vitro y tiene un enorme potencial en una amplia gama de enfermedades inflamatorias.<\/p>\n","protected":false},"excerpt":{"rendered":"Archivo &#8211; Cabeza humana con cables enredados, electroshock, depresi\u00f3n &#8211; PIRANKA\/ISTOCK &#8211; Archivo \u00a0\u00a0\u00a0MADRID, 9 Dic. (EUROPA PRESS)&hellip;\n","protected":false},"author":2,"featured_media":279000,"comment_status":"","ping_status":"","sticky":false,"template":"","format":"standard","meta":{"footnotes":""},"categories":[92],"tags":[25,24,165,166,23],"class_list":{"0":"post-278999","1":"post","2":"type-post","3":"status-publish","4":"format-standard","5":"has-post-thumbnail","7":"category-salud","8":"tag-es","9":"tag-espana","10":"tag-health","11":"tag-salud","12":"tag-spain"},"share_on_mastodon":{"url":"https:\/\/pubeurope.com\/@es\/115688319582247646","error":""},"_links":{"self":[{"href":"https:\/\/www.europesays.com\/es\/wp-json\/wp\/v2\/posts\/278999","targetHints":{"allow":["GET"]}}],"collection":[{"href":"https:\/\/www.europesays.com\/es\/wp-json\/wp\/v2\/posts"}],"about":[{"href":"https:\/\/www.europesays.com\/es\/wp-json\/wp\/v2\/types\/post"}],"author":[{"embeddable":true,"href":"https:\/\/www.europesays.com\/es\/wp-json\/wp\/v2\/users\/2"}],"replies":[{"embeddable":true,"href":"https:\/\/www.europesays.com\/es\/wp-json\/wp\/v2\/comments?post=278999"}],"version-history":[{"count":0,"href":"https:\/\/www.europesays.com\/es\/wp-json\/wp\/v2\/posts\/278999\/revisions"}],"wp:featuredmedia":[{"embeddable":true,"href":"https:\/\/www.europesays.com\/es\/wp-json\/wp\/v2\/media\/279000"}],"wp:attachment":[{"href":"https:\/\/www.europesays.com\/es\/wp-json\/wp\/v2\/media?parent=278999"}],"wp:term":[{"taxonomy":"category","embeddable":true,"href":"https:\/\/www.europesays.com\/es\/wp-json\/wp\/v2\/categories?post=278999"},{"taxonomy":"post_tag","embeddable":true,"href":"https:\/\/www.europesays.com\/es\/wp-json\/wp\/v2\/tags?post=278999"}],"curies":[{"name":"wp","href":"https:\/\/api.w.org\/{rel}","templated":true}]}}