{"id":279003,"date":"2025-12-09T07:02:09","date_gmt":"2025-12-09T07:02:09","guid":{"rendered":"https:\/\/www.europesays.com\/es\/279003\/"},"modified":"2025-12-09T07:02:09","modified_gmt":"2025-12-09T07:02:09","slug":"la-fed-anuncia-su-decision-mas-esperada-del-ano","status":"publish","type":"post","link":"https:\/\/www.europesays.com\/es\/279003\/","title":{"rendered":"la FED anuncia su decisi\u00f3n m\u00e1s esperada del a\u00f1o"},"content":{"rendered":"<p>    <img fetchpriority=\"high\" decoding=\"async\" src=\"data:image\/gif;base64,R0lGODlhAQABAIAAAAAAAP\/\/\/ywAAAAAAQABAAACAUwAOw==\" alt=\"Entre la inflaci\u00f3n y la econom\u00eda: la FED anuncia su decisi\u00f3n m\u00e1s esperada del a\u00f1o\" loading=\"eager\" height=\"360\" width=\"640\" class=\"yf-1gfnohs loader\"\/> Entre la inflaci\u00f3n y la econom\u00eda: la FED anuncia su decisi\u00f3n m\u00e1s esperada del a\u00f1o      <\/p>\n<p class=\"yf-1090901\"><b>Wall Street<\/b> tendr\u00e1 este martes y mi\u00e9rcoles en la mira a la <b>\u00faltima reuni\u00f3n de la Reserva Federal (FED)<\/b> para este 2025 augurando un <b>nuevo recorte de tipos de inter\u00e9s de 25 puntos<\/b> debido a los <b>\u00faltimos datos econ\u00f3micos<\/b> de la semana pasada.<\/p>\n<p class=\"yf-1090901\">Como es costumbre, la decisi\u00f3n ser\u00e1 comunicada a las 14hs (ET) y la posterior rueda de prensa prevista para las 14.30hs.<\/p>\n<p class=\"yf-1090901\">Seg\u00fan datos de <b>Yahoo Finance<\/b>, los expertos esperan un recorte con un <b>nuevo objetivo en los 3.50 % al 3.75%<\/b>, seg\u00fan datos de la <b>CME<\/b>.<\/p>\n<p>    <img decoding=\"async\" src=\"data:image\/gif;base64,R0lGODlhAQABAIAAAAAAAP\/\/\/ywAAAAAAQABAAACAUwAOw==\" alt=\"Entre la inflaci\u00f3n y la econom\u00eda: la FED anuncia su decisi\u00f3n m\u00e1s esperada del a\u00f1o\" loading=\"lazy\" height=\"375\" width=\"646\" class=\"yf-1gfnohs loader\"\/> Entre la inflaci\u00f3n y la econom\u00eda: la FED anuncia su decisi\u00f3n m\u00e1s esperada del a\u00f1o      <\/p>\n<p class=\"yf-1090901\">Los expertos se\u00f1alan que los <b>datos de ADP y la firma Challenger<\/b>, <strong>Gray &amp; Christmas,<\/strong> muestran p\u00e9rdidas de empleos inesperadas y un aumento de los despidos. Sin olvidar <b>Gasto de Consumo Personal (PCE)<\/b>, el cual ha mostrado una moderaci\u00f3n de la inflaci\u00f3n en septiembre.<\/p>\n<p class=\"yf-1090901\">Un dato a tener en cuenta de la conferencia ser\u00e1 el <b>Resumen de Proyecciones Econ\u00f3micas<\/b> final del a\u00f1o, m\u00e1s conocido como <b>\u00abdiagrama de puntos\u00bb,<\/b> que describir\u00e1 c\u00f3mo los responsables de la fijaci\u00f3n de tasas prev\u00e9n el desarrollo de la econom\u00eda estadounidense para el pr\u00f3ximo a\u00f1o (y los a\u00f1os siguientes).<\/p>\n<p class=\"yf-1090901\">Tambi\u00e9n habr\u00e1 un <b>cambio en los miembros con derecho a voto<\/b> de la pol\u00edtica de tipos. Se espera que los presidentes de las Feds de Cleveland, Minneapolis, Dallas y Filadelfia rotar\u00e1n, reemplazando a sus hom\u00f3logos de Boston, Chicago, St. Louis y Kansas City.<\/p>\n<p class=\"yf-1090901\">Aunque el cambio m\u00e1s relevante ser\u00e1 la <b>salida del actual presidente de la FED, Jerome Powell<\/b>. El <b>principal asesor econ\u00f3mico de Trump, Kevin Hassett<\/b>, se considera ampliamente como el favorito, incluso a pesar del creciente nerviosismo de los inversores en bonos ante su posible nombramiento.<\/p>\n<p class=\"yf-1090901\">Seg\u00fan datos de <b>Bloombeg en Yahoo Finance<\/b>, la <b>actual subida del rendimiento de los bonos del Tesoro de EE.UU.<\/b> mientras los <strong>tipos de inter\u00e9s de la FED bajan<\/strong> no se ve\u00eda desde 1990 ha dividido las opiniones de los expertos entre quienes se muestran <b>optimistas<\/b> buscando una se\u00f1al de confianza para evitar una recesi\u00f3n, los <b>neutrales <\/b>que esperan un retorno a las normas de antes del 2008 y los <b>llamados vigilantes de los bonos<\/b> quienes estar\u00edan perdiendo la confianza de que el gobierno estadounidense frene la creciente deuda nacional.<\/p>\n<p class=\"yf-1090901\">Los expertos no creen que unos recortes de tipos r\u00e1pidos ayuden a bajar los rendimientos de los bonos como espera Donald Trump. Lo cual podr\u00eda llevar a cabo con un nuevo presidente af\u00edn a sus pol\u00edticas.<\/p>\n<p>    <img decoding=\"async\" src=\"data:image\/gif;base64,R0lGODlhAQABAIAAAAAAAP\/\/\/ywAAAAAAQABAAACAUwAOw==\" alt=\"Entre la inflaci\u00f3n y la econom\u00eda: la FED anuncia su decisi\u00f3n m\u00e1s esperada del a\u00f1o\" loading=\"lazy\" height=\"406\" width=\"683\" class=\"yf-1gfnohs loader\"\/> Entre la inflaci\u00f3n y la econom\u00eda: la FED anuncia su decisi\u00f3n m\u00e1s esperada del a\u00f1o       <\/p>\n<p class=\"yf-1090901\">Los <b>rendimientos a 10 a\u00f1os<\/b> han subido casi medio punto porcentual, hasta el <b>4.1%,<\/b> desde que la FED comenz\u00f3 a flexibilizar su pol\u00edtica monetaria, y los <b>rendimientos a 30 a\u00f1os<\/b> han subido m\u00e1s <b>de 0.8 puntos porcentuales<\/b>.<\/p>\n<p class=\"yf-1090901\">\u201cTrump 2.0 se centra en reducir los rendimientos a largo plazo\u201d, dijo <b>Steven Barrow, jefe de estrategia G10 del Standard Bank en Londres<\/b>. \u201cPoner una figura pol\u00edtica en la FED no reducir\u00e1 los rendimientos de los bonos\u201d.<\/p>\n<p class=\"yf-1090901\"><b>Jay Barry, director de estrategia global de tipos de inter\u00e9s en JPMorgan Chase &amp; Co.,<\/b> ve dos factores detr\u00e1s. La magnitud de las subidas de tipos de inter\u00e9s de la FED durante el repunte inflacionario pospand\u00e9mico fue tan pronunciada que los mercados comenzaron a descontar el cambio de postura \u00a0mucho antes de que comenzara, y los rendimientos a 10 a\u00f1os alcanzaron su punto m\u00e1ximo a finales de 2023. Esto amortigu\u00f3 el impacto una vez iniciado.<\/p>\n<p class=\"yf-1090901\">\u201cAdem\u00e1s, al recortar dr\u00e1sticamente las tasas de inter\u00e9s incluso cuando la inflaci\u00f3n se mantiene elevada\u201d, afirm\u00f3 Barry, \u201cla FED est\u00e1 reduciendo el riesgo de recesi\u00f3n, lo que limita el margen de ca\u00edda de los rendimientos\u201d.<\/p>\n<p class=\"yf-1090901\">\u201cLa Fed busca sostener esta expansi\u00f3n, no detenerla\u201d, a\u00f1adi\u00f3 Barry. \u201cPor eso las tasas no han bajado dr\u00e1sticamente\u201d.<\/p>\n<p class=\"yf-1090901\">Otra interpretaci\u00f3n benigna llamada <b>prima por plazo<\/b> ha llamado a los expertos. La misma consiste en un rendimiento adicional para que los inversores mantengan los bonos a largo plazo. Esta prima ha aumentado casi un punto porcentual desde que comenz\u00f3 el ciclo de recortes de tasas, seg\u00fan las estimaciones de la FED de Nueva York.<\/p>\n<p>  <img decoding=\"async\" src=\"data:image\/gif;base64,R0lGODlhAQABAIAAAAAAAP\/\/\/ywAAAAAAQABAAACAUwAOw==\" alt=\"Entre la inflaci\u00f3n y la econom\u00eda: la FED anuncia su decisi\u00f3n m\u00e1s esperada del a\u00f1o\" loading=\"lazy\" height=\"493\" width=\"690\" class=\"yf-1gfnohs loader\"\/> Entre la inflaci\u00f3n y la econom\u00eda: la FED anuncia su decisi\u00f3n m\u00e1s esperada del a\u00f1o    <\/p>\n<p class=\"yf-1090901\">Para <b>Jim Bianco, presidente de Bianco Research<\/b>, esto indica que los operadores de bonos est\u00e1n preocupados por la posibilidad de que la FED est\u00e9 recortando las tasas incluso cuando la inflaci\u00f3n se mantiene obstinadamente por encima de su objetivo del 2% y la econom\u00eda sigue desafiando los temores de una recesi\u00f3n.<\/p>\n<p class=\"yf-1090901\">\u201cEl mercado est\u00e1 realmente preocupado por la pol\u00edtica\u201d, afirm\u00f3 Bianco. \u201cLa preocupaci\u00f3n es que la FED ha ido demasiado lejos\u201d.<\/p>\n<p class=\"yf-1090901\">\u201cSi la FED contin\u00faa recortando las tasas, las tasas hipotecarias se disparar\u00e1n\u201d, a\u00f1adi\u00f3 Bianco.<\/p>\n<p class=\"yf-1090901\"><b>Ed Harrison, estratega de Bloomberg Markets Live<\/b> ha se\u00f1alado que \u201csi los recortes de tasas aumentan la probabilidad de un mayor crecimiento, no se traducir\u00e1n en menores rendimientos. Terminaremos con rendimientos m\u00e1s altos. En muchos sentidos, esto se debe a que estamos volviendo a un r\u00e9gimen normal de tasas de inter\u00e9s, donde una rentabilidad real del 2% y un objetivo de inflaci\u00f3n del 2% establecido por la FED producen un m\u00ednimo del 4% para los rendimientos a largo plazo. Si a esto le sumamos un mayor crecimiento, las cifras aumentan a partir de ah\u00ed\u201d.<\/p>\n","protected":false},"excerpt":{"rendered":"Entre la inflaci\u00f3n y la econom\u00eda: la FED anuncia su decisi\u00f3n m\u00e1s esperada del a\u00f1o Wall Street tendr\u00e1&hellip;\n","protected":false},"author":2,"featured_media":279004,"comment_status":"","ping_status":"","sticky":false,"template":"","format":"standard","meta":{"footnotes":""},"categories":[80],"tags":[82,67786,95,94,25,24,939,67785,6273,23,6407],"class_list":{"0":"post-279003","1":"post","2":"type-post","3":"status-publish","4":"format-standard","5":"has-post-thumbnail","7":"category-economia","8":"tag-business","9":"tag-desarrollo-de-la-economia","10":"tag-economia","11":"tag-economy","12":"tag-es","13":"tag-espana","14":"tag-fed","15":"tag-la-economia","16":"tag-rueda-de-prensa","17":"tag-spain","18":"tag-tipos-de-interes"},"share_on_mastodon":{"url":"https:\/\/pubeurope.com\/@es\/115688331356852100","error":""},"_links":{"self":[{"href":"https:\/\/www.europesays.com\/es\/wp-json\/wp\/v2\/posts\/279003","targetHints":{"allow":["GET"]}}],"collection":[{"href":"https:\/\/www.europesays.com\/es\/wp-json\/wp\/v2\/posts"}],"about":[{"href":"https:\/\/www.europesays.com\/es\/wp-json\/wp\/v2\/types\/post"}],"author":[{"embeddable":true,"href":"https:\/\/www.europesays.com\/es\/wp-json\/wp\/v2\/users\/2"}],"replies":[{"embeddable":true,"href":"https:\/\/www.europesays.com\/es\/wp-json\/wp\/v2\/comments?post=279003"}],"version-history":[{"count":0,"href":"https:\/\/www.europesays.com\/es\/wp-json\/wp\/v2\/posts\/279003\/revisions"}],"wp:featuredmedia":[{"embeddable":true,"href":"https:\/\/www.europesays.com\/es\/wp-json\/wp\/v2\/media\/279004"}],"wp:attachment":[{"href":"https:\/\/www.europesays.com\/es\/wp-json\/wp\/v2\/media?parent=279003"}],"wp:term":[{"taxonomy":"category","embeddable":true,"href":"https:\/\/www.europesays.com\/es\/wp-json\/wp\/v2\/categories?post=279003"},{"taxonomy":"post_tag","embeddable":true,"href":"https:\/\/www.europesays.com\/es\/wp-json\/wp\/v2\/tags?post=279003"}],"curies":[{"name":"wp","href":"https:\/\/api.w.org\/{rel}","templated":true}]}}