{"id":279009,"date":"2025-12-09T07:05:09","date_gmt":"2025-12-09T07:05:09","guid":{"rendered":"https:\/\/www.europesays.com\/es\/279009\/"},"modified":"2025-12-09T07:05:09","modified_gmt":"2025-12-09T07:05:09","slug":"de-mosca-burguesita-a-aguila-de-la-oposicion","status":"publish","type":"post","link":"https:\/\/www.europesays.com\/es\/279009\/","title":{"rendered":"de \u00abmosca burguesita\u00bb a \u00e1guila de la oposici\u00f3n"},"content":{"rendered":"<p>La denominaci\u00f3n del premio, de la Paz, har\u00eda pensar que los galardonados despiertan consenso, pero no siempre es as\u00ed. Los hay que suscitan muchas cr\u00edticas e indignaci\u00f3n, como fue el caso de <strong>Henry Kissinger<\/strong> en 1973; otros despiertan un consenso inicial y luego decepcionan hasta el punto de pedir que se lo retiren, como la birmana <strong>Aung San Suu Kyi<\/strong> en 1991; los hay prematuros, muy prematuros, como fue el caso de <strong>Barack Obama<\/strong> reci\u00e9n llegado a la casa Blanca en 2009. <\/p>\n<p>El Nobel de la Paz a <strong>Mar\u00eda Corina Machado<\/strong> podr\u00eda entrar en el perfil de l\u00edder opositora perseguida como Aung San Suu Kyi, si no fuera porque<strong> no despierta el consenso inicial <\/strong>que despert\u00f3 la entonces<strong> l\u00edder de la oposici\u00f3n birmana<\/strong> en arresto domiciliario, y hoy exmandataria que ha consentido la persecuci\u00f3n de la minor\u00eda rohinya. <\/p>\n<p>De ingeniera a l\u00edder de la oposici\u00f3n<\/p>\n<p>Mar\u00eda Corina Machado naci\u00f3 en Caracas en 1967 en una familia acomodada, es la mayor de las cuatro hijas de la extenista y psic\u00f3loga<strong> Corina Parisca P\u00e9rez <\/strong>y del empresario del acero <strong>Enrique Machado Zuloaga<\/strong>, vinculado a la empresa Sidetur, expropiada en 2012 por el gobierno de <strong>Hugo Ch\u00e1vez<\/strong>. Estudi\u00f3 en un internado cat\u00f3lico para ni\u00f1as, ingenier\u00eda en la Universidad Cat\u00f3lica Andr\u00e9s Bello y, m\u00e1s tarde, en la Universidad de <strong>Yale, en los Estados Unidos, se form\u00f3 en liderazgo pol\u00edtico. <\/strong><\/p>\n<p>Machado empez\u00f3 trabajando en distintas empresas hasta que al poco del triunfo de Hugo Ch\u00e1vez, <strong>en 2002, empez\u00f3 su actividad pol\u00edtica<\/strong> de oposici\u00f3n, y apoy\u00f3 el fracasado golpe de Estado contra Ch\u00e1vez. Tuvo una representatividad anecd\u00f3tica y radical durante dos d\u00e9cadas hasta que lleg\u00f3 2023. <\/p>\n<p>Ch\u00e1vez, con el mismo desparpajo que llam\u00f3 a <strong>George W. Bush<\/strong> <a href=\"https:\/\/www.rtve.es\/play\/videos\/programa\/chavez-llama-diablo-george-bush-onu\/1697562\/\" rel=\"nofollow noopener\" target=\"_blank\">\u00abel diablo\u00bb que dejaba rastro de azufre<\/a> en la tribuna de la Asamblea General de la ONU, describi\u00f3 a Machado como <strong>\u00abburguesita de fina estampa\u00bb<\/strong>, y la ningune\u00f3 en 2012 en una confrontaci\u00f3n al no querer responderle con un \u00ab<strong>gane primero las primarias porque usted est\u00e1 fuera ranking para debatir conmigo.<\/strong> <strong>\u00c1guila no caza mosca\u00bb<\/strong>.  <\/p>\n<p>\u00abBurguesita\u00bb, por sus or\u00edgenes y clase social, y \u00abla fina estampa\u00bb por su f\u00edsico y a su cuidada imagen, pulcra y con un equilibrio entre lo muy cuidado y lo informal. La imagen t\u00edpica que viene a la mente es ella en pantalones vaqueros, una camisa o camiseta blanca y la melena morena suelta. Muy a menudo, con los colores de la bandera venezolana o un crucifijo colgado del cuello. <\/p>\n<p>En un pa\u00eds polarizado con enormes desigualdades sociales, clasismo y racismo, Mar\u00eda Corina Machado era para el chavismo, y es para el madurismo, <strong>un prototipo perfecto al que atacar,<\/strong> con el argumentario en defensa de las clases m\u00e1s desfavorecidas y la soberan\u00eda nacional frente al imperialismo de los Estados Unidos.<\/p>\n<p>El cambio: 2023, y las elecciones de 2024<\/p>\n<p>2023 fue el a\u00f1o del gran cambio para Mar\u00eda Corina Machado: se present\u00f3 a las primarias de la oposici\u00f3n, tal como le hab\u00eda sugerido Ch\u00e1vez once a\u00f1os antes, y arras\u00f3, <strong>obtuvo m\u00e1s del 90% de los votos <\/strong>de casi dos millones de venezolanos esparcidos por 28 pa\u00edses. Machado logr\u00f3 lo que parec\u00eda imposible: <strong>aglutinar toda la oposici\u00f3n al r\u00e9gimen en un \u00fanico movimiento entorno a ella<\/strong>. <\/p>\n<p>Iba a presentarse a las elecciones de 2024, pero la inhabilitaron y entonces se busc\u00f3 un candidato alternativo, <a href=\"https:\/\/www.rtve.es\/noticias\/20240513\/maria-corina-a-edmundo-candidato-opositor-inesperado-elecciones-venezuela\/16102074.shtml\" rel=\"nofollow noopener\" target=\"_blank\">Edmundo Gonz\u00e1lez Urrutia<\/a>,  a quien todo el mundo vio como pantalla de Machado. <\/p>\n<p>Nicol\u00e1s Maduro se autoproclam\u00f3 vencedor en unos <a href=\"https:\/\/www.rtve.es\/noticias\/20250728\/maduro-celebra-primer-ano-tercer-mandato-frente-venezuela-tras-polemicas-elecciones-pasado-julio\/16679291.shtml\" rel=\"nofollow noopener\" target=\"_blank\">comicios sospechosos de fraude<\/a> y sin presentar las actas electorales. Los Estados Unidos <strong>no reconocen<\/strong> la victoria de Maduro y <strong>consideran a Edmundo Gonz\u00e1lez ganador<\/strong>, lo mismo han hecho el <strong>Parlamento Europeo y el Congreso espa\u00f1ol,<\/strong> a iniciativa de la derecha, el PP. Los gobiernos europeos, sin embargo, <strong>no han dado ese paso. <\/strong>Antes que el Nobel de la Paz fue el <strong><a href=\"https:\/\/www.europarl.europa.eu\/topics\/es\/article\/20240913STO23909\/los-lideres-de-la-oposicion-de-venezuela-galardonados-con-el-premio-sajarov\" rel=\"nofollow noopener\" target=\"_blank\">Premio S\u00e1jarov,<\/a><\/strong><a href=\"https:\/\/www.europarl.europa.eu\/topics\/es\/article\/20240913STO23909\/los-lideres-de-la-oposicion-de-venezuela-galardonados-con-el-premio-sajarov\" rel=\"nofollow noopener\" target=\"_blank\"> <\/a>que es el equivalente que otorga el Parlamento de la UE y que el a\u00f1o pasado recay\u00f3 en Edmundo Gonz\u00e1lez y Mar\u00eda Corina Machado. <\/p>\n<p>Una de las consecuencias de aquel fraude electoral ha sido que Gonz\u00e1lez Urrutia <strong>se exili\u00f3 en Madrid<\/strong> y Machado pas\u00f3 a la <strong>clandestinidad, <\/strong>alejada de su marido y sus tres hijos y desde donde ha seguido dando entrevistas y difundiendo mensajes en video. <a href=\"https:\/\/www.instagram.com\/mariacorinamachado\/\" rel=\"nofollow noopener\" target=\"_blank\">Su cuenta en Istagram<\/a> tiene <strong>8,7 millones de seguidores.   <\/strong><\/p>\n<p>El Comit\u00e9 Noruego del Nobel otorg\u00f3 el premio de la Paz en octubre <strong>bajo la presi\u00f3n pol\u00edtica y medi\u00e1tica del presidente de los Estados Unidos<\/strong>, <strong>Donald Trump<\/strong>, cuyo ego y celos no conocen l\u00edmites lo que lo lleva a considerarse merecedor de ese galard\u00f3n. Esa presi\u00f3n hizo que algunos, no todos, interpretaran el Nobel a la l\u00edder venezolana como un reconocimiento de consuelo a Trump: no se lo damos a \u00e9l, pero s\u00ed a alguien af\u00edn.  <\/p>\n<p>Mar\u00eda Corina Machado y la Casa Blanca<\/p>\n<p>La sinton\u00eda de Mar\u00eda Corina Machado con los Estados Unidos, y especialmente con los presidentes republicanos, es, a la vez, <strong>su punto fuerte diplom\u00e1tico y su tal\u00f3n de Aquiles <\/strong>para sus cr\u00edticos y la izquierda en general. Muy pol\u00e9mica fue su vivista a la Casa Blanca con <strong>George W. Bush <\/strong>de presidente en mayo de 2005, mientras en Venezuela mandaba <strong>Hugo Ch\u00e1vez<\/strong> y Machado no ten\u00eda a\u00fan el relieve pol\u00edtico de ahora.<\/p>\n<p>Tan pol\u00e9mico como aquello fueron sus declaraciones a la <a href=\"https:\/\/www.bbc.com\/mundo\/noticias-america-latina-48142847\" rel=\"nofollow noopener\" target=\"_blank\">BBC en mayo de 2019<\/a>, durante la primera presidencia de <strong>Donald Trump,<\/strong> en las que afirmaba que \u00abun r\u00e9gimen criminal solo saldr\u00e1 del poder ante <strong>la amenaza cre\u00edble inminente y severa del uso de la fuerza (&#8230;) <\/strong>lo que nosotros estamos pidi\u00e9ndole al mundo es el ejercicio de un principio aceptado en las Naciones Unidas, que es el de la responsabilidad de proteger\u00bb. <\/p>\n<p>Seis a\u00f1os despu\u00e9s el Comit\u00e9 del Nobel de la Paz argumenta su decisi\u00f3n resaltando la lucha <strong>pac\u00edfica<\/strong> de Machado: \u00abPor su incansable labor en la promoci\u00f3n de los derechos democr\u00e1ticos del pueblo de Venezuela, y por <strong>su lucha para lograr una transici\u00f3n justa y pac\u00edfica de la dictadura a la democracia\u00bb. <\/strong><\/p>\n<p>En sus propias palabras<\/p>\n<p>El 5 de noviembre pasado, Mar\u00eda Corina Machado particip\u00f3 por videoconferencia en el America Business Forum que tuvo lugar en Miami (EE.UU.), donde se la trat\u00f3 como futura presidenta una vez que el gobierno de Maduro haya ca\u00eddo. Ella agradeci\u00f3 la ofensiva militar del Gobierno Trump contra las supuestas narcholanchas, una estrategia que ha matado ya a m\u00e1s de 80 supuestos narcotraficantes. \u00abMaduro no es un jefe de Estado leg\u00edtimo. Es el l\u00edder de una estructura <strong>narcoterrorista<\/strong> [la misma terminolog\u00eda del Ejecutivo de Trump] y ha declarado la guerra contra el pueblo venezolano y las democracias de la regi\u00f3n \u2014dijo Machado\u2014 <strong>Maduro empez\u00f3 esta guerra y el presidente Trump est\u00e1 acabando con ella<\/strong>. Es absolutamente correcto\u00bb.<\/p>\n<p>Como se dirig\u00eda a un foro con empresarios estadounidenses, y exiliados venezolanos, Machado subray\u00f3 las oportunidades de negocio que habr\u00e1 en el poschavismo-madurismo: \u00abVenezuela est\u00e1 volviendo r\u00e1pidamente. Transformaremos Venezuela <strong>de centro criminal de las Am\u00e9ricas a centro energ\u00e9tico y tecnol\u00f3gico<\/strong>\u00ab. <\/p>\n<p>M\u00e1s expl\u00edcita fue unos d\u00edas antes en el podcast de <strong>Donald Trump Junior<\/strong>, el primog\u00e9nito del presidente:  \u00ab\u00a1Olv\u00eddense de Arabia Saud\u00ed, <strong>nosotros tenemos m\u00e1s petr\u00f3leo<\/strong>! Un potencial infinito, y nosotros abriremos el mercado, vamos a echar al Gobierno [de Maduro], privatizaremos el sector petrolero, toda nuestra industria. <strong>Venezuela tiene muchos recursos naturales<\/strong>, petr\u00f3leo, gas, minerales, tierra, y tal como dijiste, una localizaci\u00f3n estrat\u00e9gica, a pocas horas de los Estados Unidos, haremos lo correcto. Las empresas estadounidenses tienen una posici\u00f3n superestrat\u00e9gica para invertir. <strong>Venezuela ser\u00e1 una gran oportunidad para que las empresas estadounidenses inviertan y ganen mucho dinero\u00bb.<\/strong> <\/p>\n<p>Venezuela tiene la reserva de petr\u00f3leo m\u00e1s importante del mundo.<\/p>\n<p>En diciembre del a\u00f1o pasado, en la clandestinidad ya tras la victoria no reconocida, y en v\u00edsperas del cambio en la Casa Blanca, Machado subrayaba en una entrevista <a href=\"https:\/\/www.rtve.es\/play\/videos\/fin-de-semana-24h\/entrevista-corina-machado\/16389285\/\" rel=\"nofollow noopener\" target=\"_blank\">al Canal 24horas de RTVE <\/a>c\u00f3mo ya antes de tomar el poder, <strong>la victoria de Donald Trump estaba influyendo en Venezuela<\/strong>: \u00abEl r\u00e9gimen de Maduro est\u00e1 muy preocupado con raz\u00f3n. <strong>Marco Rubio<\/strong> [secretario de Estado], <strong>Christopher Landau<\/strong> [vicesecretario de Estado], <strong>Michael Waltz<\/strong> [breve asesor de Seguridad Nacional y ahora Embajador ante la ONU], <strong>Mauricio Claver-Carone <\/strong>[enviado especial para Am\u00e9rica Latina] son todas persones que conocen a fondo la situaci\u00f3n de Am\u00e9rica Latina, <strong>las amenazas que Am\u00e9rica Latina representa para la seguridad nacional de los Estados Unidos<\/strong>, y son grandes aliados de nuestra lucha.<strong> De la causa de Venezuela, de Cuba, de Nicaragua\u00bb.<\/strong><\/p>\n<p>Y ped\u00eda m\u00e1s apoyo de Espa\u00f1a y Europa a la oposici\u00f3n que ella lidera: \u00abCon esta transici\u00f3n ganamos todos. <strong>Esto ya no tiene vuelta atr\u00e1s<\/strong>. El futuro de la democracia y la libertad en nuestra regi\u00f3n <strong>hoy se est\u00e1 decidiendo en Venezuela.<\/strong> Esto va mucho m\u00e1s all\u00e1 de nuestras fronteras porque se ha aliado con las peores tiran\u00edas del mundo: con Ir\u00e1n, con Rusia, Cuba, Siria, para desestabilizar toda la regi\u00f3n [&#8230;] Esta es una oportunidad que se presenta una vez en muchos a\u00f1os, y lo hemos logrado, <strong>el r\u00e9gimen est\u00e1 m\u00e1s d\u00e9bil que nunca y nosotros tenemos m\u00e1s fuerza que nunca<\/strong>\u00ab. <\/p>\n<p>Hero\u00edna o golpista<\/p>\n<p>Seg\u00fan a qui\u00e9n se escuche, las dos versiones de esta premio Nobel de la Paz pueden ser hero\u00edna o golpista. Para los opositores al Gobierno de Nicol\u00e1s Maduro y a las m\u00e1s de dos d\u00e9cadas de chavismo en Venezuela, es <strong>la l\u00edder que ha conseguido aunar un movimiento alternativo<\/strong> que estaba fracturado por distintos formas de entender esa oposici\u00f3n. <\/p>\n<p>Mar\u00eda Corina Machado, no lo ha ocultado nunca, <strong>es del ala m\u00e1s radical.<\/strong> Por eso sus cr\u00edticos no dudan en calificarla de extrema derecha y golpista. <\/p>\n<p>TeleSur, la televisi\u00f3n del r\u00e9gimen, dio as\u00ed la noticia del Nobel: \u00abEste viernes 10 de octubre y gracias al impulso del secretario de Estado estadounidense, Marco Rubio, <strong>el Comit\u00e9 Noruego del Nobel otorg\u00f3 el Premio Nobel de la Paz a la opositora venezolana de extrema derecha Mar\u00eda Corina Machado. <\/strong>La ultraderechista venezolana que intent\u00f3 sin \u00e9xito llegar al poder por v\u00edas no institucionales, recibi\u00f3 el Premio Nobel de la Paz, tras una trayectoria marcada por sus acciones golpistas, gestas desestabilizadoras y llamados a intervenci\u00f3n militar\u00bb.<\/p>\n<p>Trece a\u00f1os despu\u00e9s de aquel enfrentamiento con Hugo Ch\u00e1vez, el expresidente est\u00e1 muerto y Mar\u00eda Corina Machado dej\u00f3 hace tiempo de ser una mosca a quien se puede despreciar, hoy es <strong>el \u00e1guila de la oposici\u00f3n en Venezuela<\/strong>. Y premio nobel de la Paz.  <\/p>\n<p>\t\t\t\t\t\t<script async src=\"\/\/www.instagram.com\/embed.js\"><\/script><\/p>\n","protected":false},"excerpt":{"rendered":"La denominaci\u00f3n del premio, de la Paz, har\u00eda pensar que los galardonados despiertan consenso, pero no siempre es&hellip;\n","protected":false},"author":2,"featured_media":279010,"comment_status":"","ping_status":"","sticky":false,"template":"","format":"standard","meta":{"footnotes":""},"categories":[5],"tags":[17,18,25,24,13,14,11,19,20,9,10,15,16,23,12,21,22],"class_list":{"0":"post-279009","1":"post","2":"type-post","3":"status-publish","4":"format-standard","5":"has-post-thumbnail","7":"category-titulares","8":"tag-breaking-news","9":"tag-breakingnews","10":"tag-es","11":"tag-espana","12":"tag-featured-news","13":"tag-featurednews","14":"tag-headlines","15":"tag-latest-news","16":"tag-latestnews","17":"tag-news","18":"tag-noticias","19":"tag-noticias-destacadas","20":"tag-noticiasdestacadas","21":"tag-spain","22":"tag-titulares","23":"tag-ultimas-noticias","24":"tag-ultimasnoticias"},"share_on_mastodon":{"url":"https:\/\/pubeurope.com\/@es\/115688343019576755","error":""},"_links":{"self":[{"href":"https:\/\/www.europesays.com\/es\/wp-json\/wp\/v2\/posts\/279009","targetHints":{"allow":["GET"]}}],"collection":[{"href":"https:\/\/www.europesays.com\/es\/wp-json\/wp\/v2\/posts"}],"about":[{"href":"https:\/\/www.europesays.com\/es\/wp-json\/wp\/v2\/types\/post"}],"author":[{"embeddable":true,"href":"https:\/\/www.europesays.com\/es\/wp-json\/wp\/v2\/users\/2"}],"replies":[{"embeddable":true,"href":"https:\/\/www.europesays.com\/es\/wp-json\/wp\/v2\/comments?post=279009"}],"version-history":[{"count":0,"href":"https:\/\/www.europesays.com\/es\/wp-json\/wp\/v2\/posts\/279009\/revisions"}],"wp:featuredmedia":[{"embeddable":true,"href":"https:\/\/www.europesays.com\/es\/wp-json\/wp\/v2\/media\/279010"}],"wp:attachment":[{"href":"https:\/\/www.europesays.com\/es\/wp-json\/wp\/v2\/media?parent=279009"}],"wp:term":[{"taxonomy":"category","embeddable":true,"href":"https:\/\/www.europesays.com\/es\/wp-json\/wp\/v2\/categories?post=279009"},{"taxonomy":"post_tag","embeddable":true,"href":"https:\/\/www.europesays.com\/es\/wp-json\/wp\/v2\/tags?post=279009"}],"curies":[{"name":"wp","href":"https:\/\/api.w.org\/{rel}","templated":true}]}}