{"id":279020,"date":"2025-12-09T07:16:19","date_gmt":"2025-12-09T07:16:19","guid":{"rendered":"https:\/\/www.europesays.com\/es\/279020\/"},"modified":"2025-12-09T07:16:19","modified_gmt":"2025-12-09T07:16:19","slug":"ueya-y-uprs-los-grafiteros-mas-activos-de-valladolid-regresan-para-embadurnar-los-tuneles-de-las-vias","status":"publish","type":"post","link":"https:\/\/www.europesays.com\/es\/279020\/","title":{"rendered":"&#8216;\u00dceya&#8217; y &#8216;UPRS&#8217;, los grafiteros m\u00e1s activos de Valladolid, regresan para embadurnar los t\u00faneles de las v\u00edas"},"content":{"rendered":"<p>Sus iniciales, &#8216;UPRS&#8217; y &#8216;\u00dceya&#8217;, cubren desde hace dos lustros cientos de paredes y elementos del mobiliario p\u00fablico de cada rinc\u00f3n de la capital. Pero  &#8230; muchas de sus &#8216;obras&#8217; han ido perdiendo el color fruto de un par\u00f3n de su actividad en los \u00faltimos a\u00f1os forzada por la acumulaci\u00f3n de multas impuestas a los autores (dos en el primer caso y uno solo en el &#8216;\u00dceya&#8217;) a ra\u00edz de la creaci\u00f3n, en 2019, de una unidad espec\u00edfica en la Polic\u00eda Local dedicada a perseguir a los grafiteros. Y ellos tambi\u00e9n cayeron, en infinidad de ocasiones, entre 2021 y 2022. Pero han vuelto.<\/p>\n<p class=\"v-p\">Los hiperactivos grafiteros han retomado su actividad en este 2025 en un claro desaf\u00edo a los agentes que llevan a\u00f1os siguiendo su rastro y documentando su &#8216;trabajo&#8217;. Su vuelta a las andadas lo atestiguan los muros, pilares y papeleras de los nuevos pasos peatonales bajo las v\u00edas de Panaderos (abierto en agosto de 2023) y de Padre Claret (inaugurado en agosto de 2024). <\/p>\n<p class=\"v-p\">Sus paredes inmaculadas lucen en las \u00faltimas semanas las enormes y coloridas iniciales de &#8216;UPRS&#8217;, en su caso pintadas exclusivamente sobre los muros que bordean las v\u00edas entre la avenida de Segovia (Delicias) y la calle Estaci\u00f3n, propiedad de Adif. Una de ellas, en su caso un garabato m\u00e1s ininteligible, est\u00e1 acompa\u00f1ada de un emotivo mensaje del autor en el que destaca que son &#8216;las v\u00edas que me vieron crecer&#8217; junto a <a href=\"https:\/\/www.elnortedecastilla.es\/valladolid\/grafitis-cubren-mural-20200930133908-nt.html\" data-voc-vtm-id=\"in-text-traffic\" title=\"la r\u00fabrica &#039;UPRS&#039;\" data-mrf-link=\"www.elnortedecastilla.es\" rel=\"nofollow noopener\" target=\"_blank\">la r\u00fabrica &#8216;UPRS&#8217;<\/a> y la fecha del grafiti: 2025. Son pintadas, en su mayor\u00eda, realizadas por la cara interior de los renovados muros del lecho ferroviario.<\/p>\n<p>\nLos operarios municipales limpian m\u00e1s de siete pintadas al d\u00eda de espacios p\u00fablicos con un coste por intervenci\u00f3n que supera los cien euros\n<\/p>\n<p class=\"v-p\">Eso en cuanto a &#8216;UPRS&#8217;, un colectivo formado por, al menos cinco artistas, aunque solo dos de ellos, de 30 y 36 a\u00f1os, fueron finalmente identificados en agosto de 2021 y multados <a href=\"https:\/\/www.elnortedecastilla.es\/valladolid\/multados-3002-euros-20221102110003-nt.html\" data-voc-vtm-id=\"in-text-traffic\" title=\"con 1.501 euros cada uno\" data-mrf-link=\"www.elnortedecastilla.es\" rel=\"nofollow noopener\" target=\"_blank\">con 1.501 euros cada uno<\/a> (la multa fue ratificada dos a\u00f1os despu\u00e9s) por dibujar un grafiti que mostraba a un cerdo con gorra de polic\u00eda en <a href=\"https:\/\/www.elnortedecastilla.es\/valladolid\/grafitero-activo-valladolid-20210808123037-nt.html\" data-voc-vtm-id=\"in-text-traffic\" title=\"el entonces reci\u00e9n inaugurado &#039;skate park&#039; de La Rosaleda\" data-mrf-link=\"www.elnortedecastilla.es\" rel=\"nofollow noopener\" target=\"_blank\">el entonces reci\u00e9n inaugurado &#8216;skate park&#8217; de La Rosaleda<\/a>. Aquel encontronazo con los agentes a\u00fan colea en los tribunales despu\u00e9s de que el experto en caligraf\u00eda y grafitis de la unidad especializada del 092, en colaboraci\u00f3n con otros informes del Cuerpo Nacional de Polic\u00eda, les atribuyera la autor\u00eda de decenas de pintadas por toda la ciudad y da\u00f1os por valor de 200.000 euros.<\/p>\n<p class=\"v-p\">La causa contra los dos integrantes <a href=\"https:\/\/www.elnortedecastilla.es\/valladolid\/alcalde-desvela-profesor-20221104171814-nt.html\" data-voc-vtm-id=\"in-text-traffic\" title=\"identificados de &#039;UPRS&#039;\" data-mrf-link=\"www.elnortedecastilla.es\" rel=\"nofollow noopener\" target=\"_blank\">identificados de &#8216;UPRS&#8217;<\/a> se abri\u00f3 en noviembre de 2022 y a\u00fan est\u00e1 pendiente de la celebraci\u00f3n del posible juicio por un delito de da\u00f1os contra ambos a expensas de un \u00faltimo recurso interpuesto ante la Audiencia Provincial. De su resoluci\u00f3n depender\u00e1 que los sospechosos acaben en el banquillo.<\/p>\n<p class=\"v-p\">La sanci\u00f3n de 3.002 euros a los grafiteros y la apertura del proceso judicial en paralelo pareci\u00f3 frenar sus pintadas en los \u00faltimos dos a\u00f1os. Hasta ahora. &#8216;UPRS&#8217; ha vuelto.<\/p>\n<p>Pintadas de &#8216;\u00dceya&#8217; y &#8216;UPRS&#8217; en torno al paso peatonal que une Panaderos y Estaci\u00f3n con la avenida de Segovia.<\/p>\n<p>J. S.<\/p>\n<p><img decoding=\"async\" loading=\"lazy\" src=\"https:\/\/www.europesays.com\/es\/wp-content\/uploads\/2025\/12\/pinta19-kJKI--1200x841@El Norte.jpg\" class=\"v-mdl__img-z\" width=\"1200\" height=\"841\" alt=\"Imagen principal - Pintadas de '\u00dceya' y 'UPRS' en torno al paso peatonal que une Panaderos y Estaci\u00f3n con la avenida de Segovia. \"\/><\/p>\n<p><img decoding=\"async\" loading=\"lazy\" src=\"https:\/\/www.europesays.com\/es\/wp-content\/uploads\/2025\/12\/pinta7-kJKI--1200x851@El Norte.jpg\" class=\"v-mdl__img-z\" width=\"1200\" height=\"851\" alt=\"Imagen secundaria 1 - Pintadas de '\u00dceya' y 'UPRS' en torno al paso peatonal que une Panaderos y Estaci\u00f3n con la avenida de Segovia. \"\/><\/p>\n<p><img decoding=\"async\" loading=\"lazy\" src=\"https:\/\/www.europesays.com\/es\/wp-content\/uploads\/2025\/12\/pinta13-kJKI--711x841@El Norte.jpg\" class=\"v-mdl__img-z\" width=\"711\" height=\"841\" alt=\"Imagen secundaria 2 - Pintadas de '\u00dceya' y 'UPRS' en torno al paso peatonal que une Panaderos y Estaci\u00f3n con la avenida de Segovia. \"\/><\/p>\n<p class=\"v-p\">Y no es el \u00fanico. Otro veterano del grafiti, m\u00e1s activo si cabe a\u00fan, como es &#8216;\u00dceya&#8217; tambi\u00e9n ha vuelto a diseminar sus iniciales, un tanto modificadas en comparaci\u00f3n con sus primeros dibujos (la silueta de una mano que puede verse por centenares por toda la ciudad), en el mismo escenario que &#8216;UPRS&#8217;, como son los dos pasos de Panaderos y Padre Claret. Eso a pesar de que ambos cuentan con c\u00e1maras de videovigilancia. Y quiz\u00e1s por este motivo las r\u00fabrica del grafitero, un talludito artista que supera ahora los cuarenta a\u00f1os, con m\u00e1s de diez en activo, son menos elaboradas y se limitan a su pseud\u00f3nimo: &#8216;\u00dceya&#8217;: con la &#8216;U&#8217; formada por una carita sonriente,; la &#8216;E&#8217; con el s\u00edmbolo del euro; una &#8216;Y&#8217; configurada por una &#8216;v&#8217; u un puntito por debajo; y una &#8216;A&#8217; rodeada por un c\u00edrculo que emula el s\u00edmbolo de anarqu\u00eda. Eso cuando su r\u00fabrica no se limita simplemente a la carita de la &#8216;U&#8217;.<\/p>\n<p class=\"v-p\">En su caso, el autor habitual de las &#8216;\u00fceyas&#8217; -l\u00e9ase huellas- ha sido identificado en \u00abinfinidad de ocasiones\u00bb y acumula decenas de multas, por cuant\u00edas de varios miles de euros, muchas en Valladolid, su ciudad natal, y otras en Barcelona, Madrid o Santander. Y todas ellas, o la inmensa mayor\u00eda, est\u00e1n sin pagar. El par\u00f3n de su actividad en los \u00faltimos a\u00f1os, seg\u00fan confirman fuentes policiales, obedece a que se mud\u00f3 a Barcelona. Pero de vez en cuando vuelve de visita. Y vuelve a dejar sus &#8216;\u00fceyas&#8217;. En los \u00faltimos meses, a lo largo del presente a\u00f1o, al igual que &#8216;UPRS&#8217;, su principal blanco han sido las papeleras, los pilares y los muros de los dos \u00faltimos pasos peatonales bajo las v\u00edas que unen Delicias con el centro (Panaderos y <a href=\"https:\/\/www.elnortedecastilla.es\/valladolid\/grafitis-ensucian-paso-padre-claret-dias-despues-20240823150348-nt.html\" data-voc-vtm-id=\"in-text-traffic\" title=\"Padre Claret\" data-mrf-link=\"www.elnortedecastilla.es\" rel=\"nofollow noopener\" target=\"_blank\">Padre Claret<\/a>).<\/p>\n<p class=\"v-p\">Y precisamente en este entorno ferroviario fue sorprendido, y propuesto de nuevo para sanci\u00f3n (750 euros), el grafitero cuando estampaba su r\u00fabrica en la calle Ferrocarril. \u00bfPor qu\u00e9 no paga las multas que acumula por decenas? Las fuentes consultadas explican que, aunque no se trata de un indigente, carece de un domicilio fijo y en el que figura en Valladolid, donde residen sus padres, se rechazan las notificaciones. Los agentes, no obstante, est\u00e1n archivando y documentando todas las multas, cuyos importes oscilan entre los 750 y los 1.500 euros, de cara a interponer una denuncia por la v\u00eda penal en la l\u00ednea de lo ocurrido con &#8216;UPRS&#8217;. <\/p>\n<p>P\u00efntadas en torno al paso peatonal de Padre Claret.<\/p>\n<p>J. S.<\/p>\n<p><img decoding=\"async\" loading=\"lazy\" src=\"https:\/\/www.europesays.com\/es\/wp-content\/uploads\/2025\/12\/claret5-kJKI--1200x841@El Norte.jpg\" class=\"v-mdl__img-z\" width=\"1200\" height=\"841\" alt=\"Imagen principal - P\u00efntadas en torno al paso peatonal de Padre Claret.\"\/><\/p>\n<p><img decoding=\"async\" loading=\"lazy\" src=\"https:\/\/www.europesays.com\/es\/wp-content\/uploads\/2025\/12\/claret11-kJKI--1200x851@El Norte.jpg\" class=\"v-mdl__img-z\" width=\"1200\" height=\"851\" alt=\"Imagen secundaria 1 - P\u00efntadas en torno al paso peatonal de Padre Claret.\"\/><\/p>\n<p><img decoding=\"async\" loading=\"lazy\" src=\"https:\/\/www.europesays.com\/es\/wp-content\/uploads\/2025\/12\/claret10-kJKI--711x841@El Norte.jpg\" class=\"v-mdl__img-z\" width=\"711\" height=\"841\" alt=\"Imagen secundaria 2 - P\u00efntadas en torno al paso peatonal de Padre Claret.\"\/><\/p>\n<p class=\"v-p\">De las visitas a su ciudad del grafitero dan fe los citados t\u00faneles de las v\u00edas. All\u00ed sus iniciales, junto a las de otros &#8216;artistas&#8217; menos prol\u00edficos, se cuentan por decenas. Son, eso s\u00ed, garabatos r\u00e1pidos realizados con aerosoles de pintura negra. Las pintadas de &#8216;UPRS&#8217; son, en cambio, mucho m\u00e1s elaboradas y lucen distintos colores con iniciales de un tama\u00f1o m\u00e1s que considerable sobre los nuevos muros del lecho ferroviario. Sus coloridos &#8216;trabajos&#8217; destacan ahora sobre otros anteriores, dibujados por grafiteros m\u00e1s veteranos a\u00f1os, en los muros m\u00e1s antiguos de la v\u00eda (hacia la calle del mismo nombre).<\/p>\n<p class=\"v-p\">La obras de estos dos grafiteros se suman a las miles estampadas por el en torno a medio centenar largo de artistas del espray habituales de la capital. La limpieza de sus garabatos supusieron una factura para las arcas municipales que rond\u00f3 en 2024 los 275.000 euros en concepto de limpieza. Y eso que tanto la actividad de los &#8216;artistas&#8217;, o v\u00e1ndalos, como los considera la ordenanza municipal de protecci\u00f3n del medio urbano -las pintadas se consideran habitualmente una infracci\u00f3n grave castigada con entre 750 y 1.500 euros-, ha descendido en los \u00faltimos a\u00f1os fruto de la acci\u00f3n policial.<\/p>\n<p>Una factura anual de 275.000 euros<\/p>\n<p class=\"v-p\">Los <a href=\"https:\/\/www.elnortedecastilla.es\/valladolid\/limpieza-cambia-protocolo-20221104121607-nt.html\" data-voc-vtm-id=\"in-text-traffic\" title=\"operarios del Servicio de Limpieza\" data-mrf-link=\"www.elnortedecastilla.es\" rel=\"nofollow noopener\" target=\"_blank\">operarios del Servicio de Limpieza<\/a>, no obstante, eliminaron el a\u00f1o pasado 2.633 grafitis, a raz\u00f3n de m\u00e1s de siete al d\u00eda, con un coste que supera los cien euros por intervenci\u00f3n, en la media del \u00faltimo lustro, que se sit\u00faa en las 2.595 por ejercicio (12.979 limpiaron entre <a href=\"https:\/\/www.elnortedecastilla.es\/valladolid\/factura-grafitis-valladolid-20230105122129-nt.html\" data-voc-vtm-id=\"in-text-traffic\" title=\"2020 y 2024\" data-mrf-link=\"www.elnortedecastilla.es\" rel=\"nofollow noopener\" target=\"_blank\">2020 y 2024<\/a>). Atr\u00e1s, hasta 2019, coincidiendo con la guerra abierta contra los grafitis que supuso la creaci\u00f3n de la unidad especializada de la Polic\u00eda Local, quedan a\u00f1os en los que se superaban con creces las tres mil intervenciones e, incluso, llegaron a rozarse las cinco mil.<\/p>\n<p><a href=\"http:\/\/www.elnortedecastilla.es\/valladolid\/peligroso-silo-avenida-gijon-vuelve-mostrar-tripas-20250729063933-nt.html#vtm_modulosEngag=mod-rel:valladolid:noticia:1:cmp:2-not\" class=\"v-a-link\" title=\"El peligroso silo de la avenida de Gij\u00f3n vuelve a mostrar sus tripas: \u00abEs como el juego del gato y el rat\u00f3n\u00bb\" rel=\"nofollow noopener\" target=\"_blank\"><br \/>\n<img decoding=\"async\" loading=\"lazy\" class=\"v-a-img\" src=\"https:\/\/www.europesays.com\/es\/wp-content\/uploads\/2025\/12\/sil9-kmGG--366x256@El Norte.jpg\" alt=\"El peligroso silo de la avenida de Gij\u00f3n vuelve a mostrar sus tripas: \u00abEs como el juego del gato y el rat\u00f3n\u00bb\"\/><br \/>\n<\/a><\/p>\n<p><a href=\"http:\/\/www.elnortedecastilla.es\/valladolid\/cara-avenida-gijon-acoge-escombrera-ilegal-20250408064135-nt.html#vtm_modulosEngag=mod-rel:valladolid:noticia:2:cmp:2-not\" class=\"v-a-link\" title=\"La &#039;cara b&#039; de la avenida de Gij\u00f3n acoge una escombrera ilegal\" rel=\"nofollow noopener\" target=\"_blank\"><br \/>\n<img decoding=\"async\" loading=\"lazy\" class=\"v-a-img\" src=\"https:\/\/www.europesays.com\/es\/wp-content\/uploads\/2025\/12\/1765264579_766_esco6-kmtB--366x256@El Norte.jpg\" alt=\"La 'cara b' de la avenida de Gij\u00f3n acoge una escombrera ilegal\"\/><br \/>\n<\/a><\/p>\n<p class=\"v-p\">Pero a\u00fan as\u00ed son muchas y su limpieza, tal y como reconoce el subdirector del servicio, Jos\u00e9 Mar\u00eda Concell\u00f3n, son \u00abmuy costosas\u00bb tanto en tiempo como en dinero. El \u00e1rea municipal cuenta para ello con dos equipos especializados &#8216;armados&#8217; con hidrolimpiadoras (unas &#8216;karcher&#8217;) de agua fr\u00eda y caliente a presi\u00f3n con arena de s\u00edlice, detergentes, decapantes, cemento y pintura. Pero, seg\u00fan aclara el concejal responsable del ramo, Alberto Cuadrado, \u00absolo se interviene en <a href=\"https:\/\/www.elnortedecastilla.es\/valladolid\/grafitis-afean-tuneles-20191226201259-nt.html\" data-voc-vtm-id=\"in-text-traffic\" title=\"lugares p\u00fablicos\" data-mrf-link=\"www.elnortedecastilla.es\" rel=\"nofollow noopener\" target=\"_blank\">lugares p\u00fablicos<\/a> y puntualmente en edificios privados cuando hay pintadas ofensivas o se dan circunstancias especiales\u00bb. <\/p>\n<p class=\"v-p\">El resto de grafitis deben ser limpiados a costa de las comunidades de vecinos o propietarios de los locales afectados. Eso, sumado a que los grafiteros utilizan cada vez m\u00e1s \u00abpinturas especiales -importadas de Alemania y que venden algunas tiendas especializadas (en pintura en general) de la ciudad- que duran a\u00f1os a la intemperie\u00bb, hace que los grafitis permanezcan pr\u00e1cticamente inalterables en cientos de paredes de la capital.<\/p>\n<p class=\"v-p\">Es el caso de las enormes iniciales, entre otras, que &#8216;UPRS&#8217; estamp\u00f3 sobre murales decorativos pintados en otros t\u00faneles de la ciudad, como el de Labradores, o en parques como el dedicado a Tom\u00e1s Rodr\u00edguez Bola\u00f1os en un lejano 2020. Y de las miles de &#8216;\u00fceyas&#8217;, en forma de siluetas de manos, dibujadas en paralelo a un tama\u00f1o m\u00e1s moderado por el grafitero que luce ese nombre. Y los dos han vuelto.<\/p>\n","protected":false},"excerpt":{"rendered":"Sus iniciales, &#8216;UPRS&#8217; y &#8216;\u00dceya&#8217;, cubren desde hace dos lustros cientos de paredes y elementos del mobiliario p\u00fablico&hellip;\n","protected":false},"author":2,"featured_media":279021,"comment_status":"","ping_status":"","sticky":false,"template":"","format":"standard","meta":{"footnotes":""},"categories":[173],"tags":[3353,229,233,231,230,232,234,67791,146,147,25,24,59560,12676,23,28656,67789,67790,1607,8762],"class_list":{"0":"post-279020","1":"post","2":"type-post","3":"status-publish","4":"format-standard","5":"has-post-thumbnail","7":"category-arte-y-diseno","8":"tag-activos","9":"tag-arte","10":"tag-arte-y-diseno","11":"tag-arts","12":"tag-arts-and-design","13":"tag-design","14":"tag-diseno","15":"tag-embadurnar","16":"tag-entertainment","17":"tag-entretenimiento","18":"tag-es","19":"tag-espana","20":"tag-grafiteros","21":"tag-regresan","22":"tag-spain","23":"tag-tuneles","24":"tag-ueya","25":"tag-uprs","26":"tag-valladolid","27":"tag-vias"},"share_on_mastodon":{"url":"https:\/\/pubeurope.com\/@es\/115688386782510960","error":""},"_links":{"self":[{"href":"https:\/\/www.europesays.com\/es\/wp-json\/wp\/v2\/posts\/279020","targetHints":{"allow":["GET"]}}],"collection":[{"href":"https:\/\/www.europesays.com\/es\/wp-json\/wp\/v2\/posts"}],"about":[{"href":"https:\/\/www.europesays.com\/es\/wp-json\/wp\/v2\/types\/post"}],"author":[{"embeddable":true,"href":"https:\/\/www.europesays.com\/es\/wp-json\/wp\/v2\/users\/2"}],"replies":[{"embeddable":true,"href":"https:\/\/www.europesays.com\/es\/wp-json\/wp\/v2\/comments?post=279020"}],"version-history":[{"count":0,"href":"https:\/\/www.europesays.com\/es\/wp-json\/wp\/v2\/posts\/279020\/revisions"}],"wp:featuredmedia":[{"embeddable":true,"href":"https:\/\/www.europesays.com\/es\/wp-json\/wp\/v2\/media\/279021"}],"wp:attachment":[{"href":"https:\/\/www.europesays.com\/es\/wp-json\/wp\/v2\/media?parent=279020"}],"wp:term":[{"taxonomy":"category","embeddable":true,"href":"https:\/\/www.europesays.com\/es\/wp-json\/wp\/v2\/categories?post=279020"},{"taxonomy":"post_tag","embeddable":true,"href":"https:\/\/www.europesays.com\/es\/wp-json\/wp\/v2\/tags?post=279020"}],"curies":[{"name":"wp","href":"https:\/\/api.w.org\/{rel}","templated":true}]}}