{"id":279034,"date":"2025-12-09T07:25:08","date_gmt":"2025-12-09T07:25:08","guid":{"rendered":"https:\/\/www.europesays.com\/es\/279034\/"},"modified":"2025-12-09T07:25:08","modified_gmt":"2025-12-09T07:25:08","slug":"el-precio-de-la-luz-asciende-un-142-hasta-los-6317-euros-servimedia","status":"publish","type":"post","link":"https:\/\/www.europesays.com\/es\/279034\/","title":{"rendered":"El precio de la luz asciende un 14,2% hasta los 63,17 euros &#8211; Servimedia"},"content":{"rendered":"<ol>\n<li><a href=\"https:\/\/news.google.com\/rss\/articles\/CBMikgFBVV95cUxNRVVsbmtVOXhlLXNsT1ZNUnV4UGF0RzNXdXdUWUo4SFlSM2xNTV9fbDBKd3pNZWdGQ2VFLW9hN2dZUGxsbzlpb1Y3S1NVVDFkX2RXX1cxLS12ejctNTRFalJiSUFiV0NCT1JYTm9HRmliQ0ZxWWI2WEZrSmVXS0EzeHgzUXhCbVgxZzNReG5vLTR2QQ?oc=5\" target=\"_blank\" rel=\"nofollow noopener\">El precio de la luz asciende un 14,2% hasta los 63,17 euros<\/a>&nbsp;&nbsp;Servimedia<\/li>\n<li><a href=\"https:\/\/news.google.com\/rss\/articles\/CBMid0FVX3lxTE1jUkVsWWhMUE1DY3p6UGZYQ0pDcjktMzU0MHNqT19jUHkwMG5JVkJOZy1ET0xjYzIxMUk2Y2tPNS13RE1CR3NFR2JXWVN3Q3JjemJmNzdBdE9jallfTkNXRlgyWEFSZ3R5cXhLTkpLSWkydUJ1RGU40gF3QVVfeXFMTXU5dHdGc2V0TGpsbDFXNGRxOS1rR3VZUkhJcnZxM01yQ1NpRkhpM1BBOER5YWV0cmM0SHRneDhGcHlGdVltcVZZOUR0UGd2WXFzQUprWDNjSnVRd1BqMlZOVFU2a19TRmZhMUdVTVNHT2swWXpjM3c?oc=5\" target=\"_blank\" rel=\"nofollow noopener\">Precio de la luz hoy, martes 9 de diciembre, por horas: \u00bfa qu\u00e9 hora es m\u00e1s barata?<\/a>&nbsp;&nbsp;El Mundo<\/li>\n<li><a href=\"https:\/\/news.google.com\/rss\/articles\/CBMi0wFBVV95cUxPM2dGUDNRaTktSnBtRU1vaDlDbUVRQktHY1FNaHp1a0FJY1k1YjdtOHozMmNZWXM5cHU3eGFzTm0wcndrYnNjTFVLQnFWRUZkMHgyR3V1VXo4cEswaUdLSG1wMFFCQk1zM3lqbzRDYnBCTTU1NV9fOGNDT2c3RG9ZU29qZkdwUmpYV1dYYWZZazFGb2VmVlAtSHN1NWphemJ1ZGFVZ19SUlJKV3YxQkxWY2dCNHJ3VlZqTl9MbGtJSnJOX3J4SXVrV0hMazkzWl92WGpN0gHgAUFVX3lxTFBtTEdrV2tqSXpaelZiRlNsSS1lWnpKZ3R4akFmcWtIQlBfV29SZVdMWkZkNUV1LVhUd1dkSm1JZ1l4eHlTa1dwYTZmODgwbk1vR2VSblhFYkdDWmNTcnNRaHQzOTZ2ZW9rUlduNnVEZTB1S3NnaXcxNTdaWHFLNmVJNnY2YlA4cmdlUVBfNlJyUjdOemRuN2ptX1V2ZlAtMUZWT1ljRFhDb3Vwb2l6eUE1NVp0SWE2TFNVQWhaa2FiUjhLVU9BckxCeEhjeDVaQ3NlWkxrNkpPY0k3X0k4TnVo?oc=5\" target=\"_blank\" rel=\"nofollow noopener\">Precio de la luz hoy martes 9 de diciembre por franjas y tramos: \u00bfCu\u00e1ndo es m\u00e1s barata?<\/a>&nbsp;&nbsp;mundodeportivo.com<\/li>\n<li><a href=\"https:\/\/news.google.com\/rss\/articles\/CBMiiAFBVV95cUxPZjdEUlJsbVFGTDkwc2xPRDNxRVBmMlFaN1o2YV90OEZuWThocTlha3pxMkRGNGdDTFhKWW1TbFUxTlZGbHBmS0U5QV8wd3RLRV9malhQYllyTXVFemhVN2Fyd3U2U3JucE9IeVh2akJ1aFJmZjVjRE5HbVlfWWQwQ3Q0QWx0dWN20gGjAUFVX3lxTE1wVXlSLTl2VTRncFhMTHdhcThFXzRGdmtoYkdBeVZKNHJuaTdLeTNYUHE1cDg3VG56XzRqdGg1bkFFUFZJMHl2OTAxWU9aT2FzNEowbEQ3OUxwR3J4X0lfbkVlSmFVak5lTFo5dXY2c1ZOcVdwTjloUVp4UFdCdVJaQmNSODBCYXpWT09qMm00U1FPNkM2OXJ5RkprNFF1UjE5U2s?oc=5\" target=\"_blank\" rel=\"nofollow noopener\">Precio de la luz 9 de diciembre: la tarifa m\u00e1s alta del d\u00eda subi\u00f3 35%<\/a>&nbsp;&nbsp;Infobae<\/li>\n<li><a href=\"https:\/\/news.google.com\/rss\/articles\/CBMiqwFBVV95cUxNQUtiOFlNeFE3Z1Zqdmd0cmViR2diOFRjNUpLdzJvRk00cGJkSmdqSWxCVERuNkVpdHprdUdxajh1ci1Rb1paYnA1REt0QXFKQW0zcjZ5Y0N0bk55R1RvR3QzOFJfTGlDQUozTDBFZHM2VVBla1lWZDh3Q29JRmdqM0RZX2lheGpIRUhCc3IxNTYwamtPYzE2b1Fybnl1d1l1bzB2b0ItVUUwZjQ?oc=5\" target=\"_blank\" rel=\"nofollow noopener\">El precio de la luz de este martes se dispara con varios tramos por encima de los 115 euros\/MWh: las horas m\u00e1s econ\u00f3micas para usar los electrodom\u00e9sticos<\/a>&nbsp;&nbsp;Las Provincias<\/li>\n<\/ol>\n","protected":false},"excerpt":{"rendered":"El precio de la luz asciende un 14,2% hasta los 63,17 euros&nbsp;&nbsp;Servimedia Precio de la luz hoy, martes&hellip;\n","protected":false},"author":2,"featured_media":103142,"comment_status":"","ping_status":"","sticky":false,"template":"","format":"standard","meta":{"footnotes":""},"categories":[80],"tags":[82,95,94,25,24,23],"class_list":{"0":"post-279034","1":"post","2":"type-post","3":"status-publish","4":"format-standard","5":"has-post-thumbnail","7":"category-economia","8":"tag-business","9":"tag-economia","10":"tag-economy","11":"tag-es","12":"tag-espana","13":"tag-spain"},"share_on_mastodon":{"url":"https:\/\/pubeurope.com\/@es\/115688421841417698","error":""},"_links":{"self":[{"href":"https:\/\/www.europesays.com\/es\/wp-json\/wp\/v2\/posts\/279034","targetHints":{"allow":["GET"]}}],"collection":[{"href":"https:\/\/www.europesays.com\/es\/wp-json\/wp\/v2\/posts"}],"about":[{"href":"https:\/\/www.europesays.com\/es\/wp-json\/wp\/v2\/types\/post"}],"author":[{"embeddable":true,"href":"https:\/\/www.europesays.com\/es\/wp-json\/wp\/v2\/users\/2"}],"replies":[{"embeddable":true,"href":"https:\/\/www.europesays.com\/es\/wp-json\/wp\/v2\/comments?post=279034"}],"version-history":[{"count":0,"href":"https:\/\/www.europesays.com\/es\/wp-json\/wp\/v2\/posts\/279034\/revisions"}],"wp:featuredmedia":[{"embeddable":true,"href":"https:\/\/www.europesays.com\/es\/wp-json\/wp\/v2\/media\/103142"}],"wp:attachment":[{"href":"https:\/\/www.europesays.com\/es\/wp-json\/wp\/v2\/media?parent=279034"}],"wp:term":[{"taxonomy":"category","embeddable":true,"href":"https:\/\/www.europesays.com\/es\/wp-json\/wp\/v2\/categories?post=279034"},{"taxonomy":"post_tag","embeddable":true,"href":"https:\/\/www.europesays.com\/es\/wp-json\/wp\/v2\/tags?post=279034"}],"curies":[{"name":"wp","href":"https:\/\/api.w.org\/{rel}","templated":true}]}}