{"id":279037,"date":"2025-12-09T07:27:11","date_gmt":"2025-12-09T07:27:11","guid":{"rendered":"https:\/\/www.europesays.com\/es\/279037\/"},"modified":"2025-12-09T07:27:11","modified_gmt":"2025-12-09T07:27:11","slug":"huelga-de-medicos-en-espana-4-dias-de-paros-y-servicios-minimos-reforzados","status":"publish","type":"post","link":"https:\/\/www.europesays.com\/es\/279037\/","title":{"rendered":"Huelga de m\u00e9dicos en Espa\u00f1a: 4 d\u00edas de paros y servicios m\u00ednimos reforzados"},"content":{"rendered":"<p>\n         Publicado<br \/>\n            09\/12\/2025 &#8211; 8:18 CET\n            <\/p>\n<p>Espa\u00f1a afronta desde este martes <a href=\"https:\/\/es.euronews.com\/2023\/01\/18\/espana-los-medicos-convocan-huelgas-indefinidas-para-protestar-contra-sus-condiciones-labo\" rel=\"nofollow noopener\" target=\"_blank\">una nueva huelga sanitaria<\/a> de alcance estatal, convocada por la Confederaci\u00f3n Espa\u00f1ola de Sindicatos M\u00e9dicos (CESM) y el Sindicato M\u00e9dico Andaluz (SMA), a la que se han sumado organizaciones de varias comunidades aut\u00f3nomas. <\/p>\n<p>El paro se prolongar\u00e1 durante <strong>cuatro d\u00edas consecutivos<\/strong>, del 9 al 12 de diciembre, en un momento marcado por el aumento de la presi\u00f3n asistencial, el repunte de la gripe y la saturaci\u00f3n de centros de salud y servicios de urgencias.<\/p>\n<p>El motivo principal de la protesta es el rechazo del colectivo al borrador del nuevo Estatuto Marco del personal del Sistema Nacional de Salud (SNS), que el Ministerio de Sanidad <strong>negocia desde hace casi tres a\u00f1os<\/strong> y que no satisface a los profesionales. Los sindicatos insisten en que el documento no recoge una mejora real de las condiciones laborales y reclaman un estatuto propio para los galenos, con un \u00e1mbito de negociaci\u00f3n diferenciado y garant\u00edas claras sobre la clasificaci\u00f3n profesional y la regulaci\u00f3n de las guardias.<\/p>\n<p>Los profesionales denuncian que las guardias no se reconocen como actividad extraordinaria, que no existe una retribuci\u00f3n adecuada y que siguen siendo utilizadas para cubrir plantillas insuficientes. Tambi\u00e9n critican que no se diferencie entre titulaciones MECES II y MECES III, lo que, argumentan, <strong>equipara niveles formativos muy distintos<\/strong>.<\/p>\n<p>Sanidad defiende que el borrador incorpora todas las demandas que pueden ser atendidas dentro de sus competencias y que <strong>el texto ofrece un marco com\u00fan<\/strong> para todo el SNS, respetuoso con las autonom\u00edas. Bloquear su aprobaci\u00f3n, afirma el Ministerio, supondr\u00eda perder una oportunidad de reforma pendiente desde hace dos d\u00e9cadas.<\/p>\n<p>Durante las jornadas de huelga, <strong>las comunidades han decretado servicios m\u00ednimos<\/strong> que garantizar\u00e1n <a href=\"https:\/\/es.euronews.com\/salud\/2025\/10\/06\/un-estudio-confirma-lo-evidente-la-ia-trabaja-peor-que-un-medico-en-urgencias\" rel=\"nofollow noopener\" target=\"_blank\">la actividad de urgencias<\/a>, unidades de cuidados intensivo y otras \u00e1reas cr\u00edticas, como radioterapia, quimioterapia y cirug\u00edas apremiantes. En atenci\u00f3n primaria se suspenden las consultas programadas y solo se atender\u00e1n urgencias, con plantillas reducidas.<\/p>\n","protected":false},"excerpt":{"rendered":"Publicado 09\/12\/2025 &#8211; 8:18 CET Espa\u00f1a afronta desde este martes una nueva huelga sanitaria de alcance estatal, convocada&hellip;\n","protected":false},"author":2,"featured_media":279038,"comment_status":"","ping_status":"","sticky":false,"template":"","format":"standard","meta":{"footnotes":""},"categories":[8],"tags":[17,18,25,24,13,14,11,13181,19,20,9,10,15,16,1811,23,12,21,22],"class_list":{"0":"post-279037","1":"post","2":"type-post","3":"status-publish","4":"format-standard","5":"has-post-thumbnail","7":"category-espana","8":"tag-breaking-news","9":"tag-breakingnews","10":"tag-es","11":"tag-espana","12":"tag-featured-news","13":"tag-featurednews","14":"tag-headlines","15":"tag-huelga","16":"tag-latest-news","17":"tag-latestnews","18":"tag-news","19":"tag-noticias","20":"tag-noticias-destacadas","21":"tag-noticiasdestacadas","22":"tag-sanidad","23":"tag-spain","24":"tag-titulares","25":"tag-ultimas-noticias","26":"tag-ultimasnoticias"},"share_on_mastodon":{"url":"https:\/\/pubeurope.com\/@es\/115688429541630199","error":""},"_links":{"self":[{"href":"https:\/\/www.europesays.com\/es\/wp-json\/wp\/v2\/posts\/279037","targetHints":{"allow":["GET"]}}],"collection":[{"href":"https:\/\/www.europesays.com\/es\/wp-json\/wp\/v2\/posts"}],"about":[{"href":"https:\/\/www.europesays.com\/es\/wp-json\/wp\/v2\/types\/post"}],"author":[{"embeddable":true,"href":"https:\/\/www.europesays.com\/es\/wp-json\/wp\/v2\/users\/2"}],"replies":[{"embeddable":true,"href":"https:\/\/www.europesays.com\/es\/wp-json\/wp\/v2\/comments?post=279037"}],"version-history":[{"count":0,"href":"https:\/\/www.europesays.com\/es\/wp-json\/wp\/v2\/posts\/279037\/revisions"}],"wp:featuredmedia":[{"embeddable":true,"href":"https:\/\/www.europesays.com\/es\/wp-json\/wp\/v2\/media\/279038"}],"wp:attachment":[{"href":"https:\/\/www.europesays.com\/es\/wp-json\/wp\/v2\/media?parent=279037"}],"wp:term":[{"taxonomy":"category","embeddable":true,"href":"https:\/\/www.europesays.com\/es\/wp-json\/wp\/v2\/categories?post=279037"},{"taxonomy":"post_tag","embeddable":true,"href":"https:\/\/www.europesays.com\/es\/wp-json\/wp\/v2\/tags?post=279037"}],"curies":[{"name":"wp","href":"https:\/\/api.w.org\/{rel}","templated":true}]}}