{"id":279039,"date":"2025-12-09T07:28:08","date_gmt":"2025-12-09T07:28:08","guid":{"rendered":"https:\/\/www.europesays.com\/es\/279039\/"},"modified":"2025-12-09T07:28:08","modified_gmt":"2025-12-09T07:28:08","slug":"ayuso-contra-feijoo-el-pais","status":"publish","type":"post","link":"https:\/\/www.europesays.com\/es\/279039\/","title":{"rendered":"Ayuso contra Feij\u00f3o &#8211; EL PA\u00cdS"},"content":{"rendered":"<ol>\n<li><a href=\"https:\/\/news.google.com\/rss\/articles\/CBMibkFVX3lxTE9sY0pqUzROc3NKa2JtMExOOVBxVVZYUXhiXzlYS1UxeFJhOGJ4Slp2TjU5Qm9wbnVGbXpYcXNBcFdraFZzRmdzUkljN0tJRDR3M1VfS18yUnFpb1NfLXFLbGNQU0Rram9SQ29pOUZR0gGCAUFVX3lxTE1wWm10d19Za3dyUlZjSXF6NnZuV3ZWU1doR053TDM0aTh3eXpUMzVncEFFNjNmbzFGQmZMLWpvOXdjRW03NFZvbVg1VVZuWElYQVNpVVIxWVZwb09VNFAxS1VCcEt3QTB0Ylg5QlVKUV9BbzBtd3ppYzQ5dGRmcy1mR3c?oc=5\" target=\"_blank\" rel=\"nofollow noopener\">Ayuso contra Feij\u00f3o<\/a>&nbsp;&nbsp;EL PA\u00cdS<\/li>\n<li><a href=\"https:\/\/news.google.com\/rss\/articles\/CBMi1wFBVV95cUxNOWVhSkk4VUJsSlBXRkpoMlBhQUR1b1FnSVhCNGEyTzV1aUxFR2VqTVFaQnFxQVE1ZzMzYmNJTElxQndHYnJMN2RyZ1puS0JfT01SWmU4aFp5YzVUUGR2dVBXU2JldU92OWxCTzlRbEdrRnFnSFpSZWpxTXlkSXdtNGs5Wm45UDBnM0I4bUVDT1JKaHluTG43SlJpTDZpYVlCdlFkZzNqX2dMLUY5Vlp3RTZYeHlhTkJFLVBHRnlsSktTaUxuNHpkT1VVYXFBY0NaMGFkMFhaWdIB6wFBVV95cUxPUzBjdHljYzdUbzdybTZsTThLMmhqREdOZE9hem1sNG56X2xvcEJpQjlMRDc4RGVBQURuZDM1ODNGWVQtUHVuMzloOE96Tll6VXh0RTNuaWlmQ0RYSm9ibTBqZWI1UXpyZHM2NF82d0dEMnktWmFubXptbzlOcnJLVlBsT3FPVUw1Y2xCTlpESm9vNHBydENhcmdZMFBGTlZGMnVGOFJHVU1aWXBCci1oXzFtT0IwWmVkSVZzVVByTmo5ejcxaWtvclR4TGk4X0ZXTG5WQURhVk5LX19hc2hOdHlZR0JReUpiMlhr?oc=5\" target=\"_blank\" rel=\"nofollow noopener\">Ayuso se consolida como l\u00edder favorita para los votantes de la derecha en toda Espa\u00f1a<\/a>&nbsp;&nbsp;Cadena SER<\/li>\n<li><a href=\"https:\/\/news.google.com\/rss\/articles\/CBMi1wFBVV95cUxNeUxSUFVfaUxHZmFuamp1N1JyaFhRZEpDU29uaWJHN01XU2NlSnlZUTc2MzFXcVhMZTVTdkMzQ2dnWkFoMXE1clVmdlpZSmdqXzlPcVJSNHJjd3lGcXJCQW1Ha0xWMl9pQVNzbnY2c1dTSDB6UVhBTVp4MTlXRXoxcHZSOGhZdmxUMXZuaFY2MHhLc3UzcXRoV2N1V2tmVlBXUXFkQk5RMHA2Rk95ZEw0SDJ2Zm5nZHVIemZzTEgyS0hqMk5JLUFSdXlrTkE2bmdfYnVmb2JSRQ?oc=5\" target=\"_blank\" rel=\"nofollow noopener\">Ayuso supera a Feij\u00f3o en la valoraci\u00f3n de los votantes del PP y Abascal entre la poblaci\u00f3n general<\/a>&nbsp;&nbsp;EL PA\u00cdS<\/li>\n<li><a href=\"https:\/\/news.google.com\/rss\/articles\/CBMiowFBVV95cUxQUEN0SGJOS1FBS0h4MC1wV2NWQkt4NTkzUDJTbWgyaWx4ZU81eVJ4d1VONXdEX3NWbDlra1VJWlk0eVpRWm9lV1FHX1ZSd1dfQzcwRFM1dklLNW5rM0FRQTVoa3M3VUlwMEE2bWRmVkE2Mzlqa3Nxc3JxbXZ1cGJWRFFpRjNTMmg5LWhyWWNTVlJrT1VYNEdUYUdTVkdnTjVsdU5n?oc=5\" target=\"_blank\" rel=\"nofollow noopener\">Giro a la derecha en unas portadas que se le atraviesan a Feij\u00f3o<\/a>&nbsp;&nbsp;El Nacional.cat<\/li>\n<\/ol>\n","protected":false},"excerpt":{"rendered":"Ayuso contra Feij\u00f3o&nbsp;&nbsp;EL PA\u00cdS Ayuso se consolida como l\u00edder favorita para los votantes de la derecha en toda&hellip;\n","protected":false},"author":2,"featured_media":248356,"comment_status":"","ping_status":"","sticky":false,"template":"","format":"standard","meta":{"footnotes":""},"categories":[5],"tags":[17,18,25,24,13,14,11,19,20,9,10,15,16,23,12,21,22],"class_list":{"0":"post-279039","1":"post","2":"type-post","3":"status-publish","4":"format-standard","5":"has-post-thumbnail","7":"category-titulares","8":"tag-breaking-news","9":"tag-breakingnews","10":"tag-es","11":"tag-espana","12":"tag-featured-news","13":"tag-featurednews","14":"tag-headlines","15":"tag-latest-news","16":"tag-latestnews","17":"tag-news","18":"tag-noticias","19":"tag-noticias-destacadas","20":"tag-noticiasdestacadas","21":"tag-spain","22":"tag-titulares","23":"tag-ultimas-noticias","24":"tag-ultimasnoticias"},"share_on_mastodon":{"url":"https:\/\/pubeurope.com\/@es\/115688433406982191","error":""},"_links":{"self":[{"href":"https:\/\/www.europesays.com\/es\/wp-json\/wp\/v2\/posts\/279039","targetHints":{"allow":["GET"]}}],"collection":[{"href":"https:\/\/www.europesays.com\/es\/wp-json\/wp\/v2\/posts"}],"about":[{"href":"https:\/\/www.europesays.com\/es\/wp-json\/wp\/v2\/types\/post"}],"author":[{"embeddable":true,"href":"https:\/\/www.europesays.com\/es\/wp-json\/wp\/v2\/users\/2"}],"replies":[{"embeddable":true,"href":"https:\/\/www.europesays.com\/es\/wp-json\/wp\/v2\/comments?post=279039"}],"version-history":[{"count":0,"href":"https:\/\/www.europesays.com\/es\/wp-json\/wp\/v2\/posts\/279039\/revisions"}],"wp:featuredmedia":[{"embeddable":true,"href":"https:\/\/www.europesays.com\/es\/wp-json\/wp\/v2\/media\/248356"}],"wp:attachment":[{"href":"https:\/\/www.europesays.com\/es\/wp-json\/wp\/v2\/media?parent=279039"}],"wp:term":[{"taxonomy":"category","embeddable":true,"href":"https:\/\/www.europesays.com\/es\/wp-json\/wp\/v2\/categories?post=279039"},{"taxonomy":"post_tag","embeddable":true,"href":"https:\/\/www.europesays.com\/es\/wp-json\/wp\/v2\/tags?post=279039"}],"curies":[{"name":"wp","href":"https:\/\/api.w.org\/{rel}","templated":true}]}}