{"id":27905,"date":"2025-08-05T19:57:07","date_gmt":"2025-08-05T19:57:07","guid":{"rendered":"https:\/\/www.europesays.com\/es\/27905\/"},"modified":"2025-08-05T19:57:07","modified_gmt":"2025-08-05T19:57:07","slug":"britney-spears-podria-volver-a-los-escenarios-en-2026-en-brasil-ocho-anos-despues-de-su-ultima-gira","status":"publish","type":"post","link":"https:\/\/www.europesays.com\/es\/27905\/","title":{"rendered":"Britney Spears podr\u00eda volver a los escenarios en 2026, en Brasil, ocho a\u00f1os despu\u00e9s de su \u00faltima gira"},"content":{"rendered":"<p class=\"c-paragraph\">Seg\u00fan el portal especializado\u00a0ABTLAB\u00a0\u2014uno de los m\u00e1s fiables dentro del universo musical en redes sociales\u2014,\u00a0<b>la artista Britney Spears ha sido invitada a formar parte del cartel de Rock in Rio 2026<\/b>, uno de los festivales m\u00e1s importantes del mundo.<\/p>\n<p class=\"c-paragraph\">De ser cierto, esta supondr\u00eda la reaparici\u00f3n de la controvertida cantante americana, que<b> lleva desde 2018 sin subirse a un escenario con una gira.<\/b><\/p>\n<p class=\"c-paragraph\">Aunque comenzaron las especulaciones sobre si Britney iba a actuar en la<b> playa de Copacabana,<\/b> como hizo el pasado a\u00f1o Lady Gaga, de manera gratuita, no parece que este sea el destino de la artista.\u00a0<\/p>\n<p class=\"c-paragraph\">Seg\u00fan este portal, otras artistas invitadas a participar en Rock in Rio en Brasil en 2006 son\u00a0<b>Ariana Grande y Cardi B <\/b>. Si bien a\u00fan no hay confirmaci\u00f3n oficial por parte de los representantes de Britney, esta invitaci\u00f3n al festival m\u00e1s importante de Latinoam\u00e9rica marca una se\u00f1al de que su regreso podr\u00eda llegar pronto.<\/p>\n<p class=\"c-paragraph\">La \u00faltima gira de Britney Spears fue el\u00a0Piece of Me Tour, que termin\u00f3 el 21 de octubre de 2018 en Austin, Texas.\u00a0Este show fue una extensi\u00f3n de su residencia en Las Vegas\u00a0\u00a0y tambi\u00e9n <b>promovi\u00f3 su \u00e1lbum\u00a0Glory.<\/b><\/p>\n<p class=\"c-paragraph\">Desde entonces, no ha vuelto a subirse a un escenario, ni siquiera tras la finalizaci\u00f3n de <b>la tutela legal por parte de su padre, en 2021<\/b>. En estos a\u00f1os se ha dedicado a disfrutar de su vida y a pasar m\u00e1s tiempo con sus hijos.<\/p>\n<p class=\"c-paragraph\"><b>\u00a0Su regreso en 2026 a un evento de la magnitud de\u00a0Rock in Rio<\/b> supondr\u00eda el fin de una pausa esc\u00e9nica de casi ocho a\u00f1os y uno de los regresos m\u00e1s esperados del pop contempor\u00e1neo.<\/p>\n","protected":false},"excerpt":{"rendered":"Seg\u00fan el portal especializado\u00a0ABTLAB\u00a0\u2014uno de los m\u00e1s fiables dentro del universo musical en redes sociales\u2014,\u00a0la artista Britney Spears&hellip;\n","protected":false},"author":2,"featured_media":27906,"comment_status":"","ping_status":"","sticky":false,"template":"","format":"standard","meta":{"footnotes":""},"categories":[170],"tags":[3076,15156,146,147,25,15158,24,184,185,23,15157,865],"class_list":{"0":"post-27905","1":"post","2":"type-post","3":"status-publish","4":"format-standard","5":"has-post-thumbnail","7":"category-musica","8":"tag-3076","9":"tag-britney","10":"tag-entertainment","11":"tag-entretenimiento","12":"tag-es","13":"tag-escenarios","14":"tag-espana","15":"tag-music","16":"tag-musica","17":"tag-spain","18":"tag-spears","19":"tag-volver"},"share_on_mastodon":{"url":"","error":""},"_links":{"self":[{"href":"https:\/\/www.europesays.com\/es\/wp-json\/wp\/v2\/posts\/27905","targetHints":{"allow":["GET"]}}],"collection":[{"href":"https:\/\/www.europesays.com\/es\/wp-json\/wp\/v2\/posts"}],"about":[{"href":"https:\/\/www.europesays.com\/es\/wp-json\/wp\/v2\/types\/post"}],"author":[{"embeddable":true,"href":"https:\/\/www.europesays.com\/es\/wp-json\/wp\/v2\/users\/2"}],"replies":[{"embeddable":true,"href":"https:\/\/www.europesays.com\/es\/wp-json\/wp\/v2\/comments?post=27905"}],"version-history":[{"count":0,"href":"https:\/\/www.europesays.com\/es\/wp-json\/wp\/v2\/posts\/27905\/revisions"}],"wp:featuredmedia":[{"embeddable":true,"href":"https:\/\/www.europesays.com\/es\/wp-json\/wp\/v2\/media\/27906"}],"wp:attachment":[{"href":"https:\/\/www.europesays.com\/es\/wp-json\/wp\/v2\/media?parent=27905"}],"wp:term":[{"taxonomy":"category","embeddable":true,"href":"https:\/\/www.europesays.com\/es\/wp-json\/wp\/v2\/categories?post=27905"},{"taxonomy":"post_tag","embeddable":true,"href":"https:\/\/www.europesays.com\/es\/wp-json\/wp\/v2\/tags?post=27905"}],"curies":[{"name":"wp","href":"https:\/\/api.w.org\/{rel}","templated":true}]}}