{"id":279091,"date":"2025-12-09T08:12:15","date_gmt":"2025-12-09T08:12:15","guid":{"rendered":"https:\/\/www.europesays.com\/es\/279091\/"},"modified":"2025-12-09T08:12:15","modified_gmt":"2025-12-09T08:12:15","slug":"de-la-clandestinidad-al-nobel-el-ano-oculto-de-maria-corina-machado","status":"publish","type":"post","link":"https:\/\/www.europesays.com\/es\/279091\/","title":{"rendered":"De la clandestinidad al Nobel: el a\u00f1o oculto de Mar\u00eda Corina Machado"},"content":{"rendered":"<p class=\"\">El paradero de Mar\u00eda Corina Machado es, desde agosto de 2024, uno de los grandes enigmas de la pol\u00edtica venezolana. La mayor\u00eda siempre la ha dado por clandestina dentro del pa\u00eds, inmersa en su estrategia para debilitar la hegemon\u00eda chavista. Su enorme arrastre popular convirti\u00f3 el tema en un tab\u00fa, y las autoridades alimentaron la confusi\u00f3n: el ministro del Interior, Diosdado Cabello, lleg\u00f3 a asegurar en varias ocasiones que ella hab\u00eda huido de Venezuela. En este contexto surgi\u00f3 la primera gran sorpresa. Cuando muchos la imaginaban hipervigilada, Machado anunci\u00f3 que viajar\u00eda a Oslo <a href=\"https:\/\/elpais.com\/america\/2025-12-06\/el-instituto-nobel-afirma-que-maria-corina-machado-estara-en-oslo-para-recoger-el-nobel-de-la-paz.html\" target=\"_self\" rel=\"nofollow noopener\" title=\"https:\/\/elpais.com\/america\/2025-12-06\/el-instituto-nobel-afirma-que-maria-corina-machado-estara-en-oslo-para-recoger-el-nobel-de-la-paz.html\">para recibir personalmente el Premio Nobel de la Paz,<\/a> acompa\u00f1ada de sus allegados y simpatizantes.<\/p>\n<p class=\"\">Machado pas\u00f3 a la clandestinidad tras las elecciones del verano pasado. Sin salir de Venezuela, sigui\u00f3 actuando desde la sombra para forzar una transici\u00f3n democr\u00e1tica. Reivindic\u00f3 <a href=\"https:\/\/elpais.com\/america\/2024-08-25\/el-giro-en-la-vida-del-candidato-edmundo-gonzalez-de-diplomatico-desconocido-a-vortice-de-la-crisis-de-venezuela.html\" target=\"_self\" rel=\"nofollow noopener\" title=\"https:\/\/elpais.com\/america\/2024-08-25\/el-giro-en-la-vida-del-candidato-edmundo-gonzalez-de-diplomatico-desconocido-a-vortice-de-la-crisis-de-venezuela.html\">el triunfo electoral de Edmundo Gonz\u00e1lez Urrutia<\/a>, llam\u00f3 a los ciudadanos a organizarse y protestar e inst\u00f3 a las Fuerzas Armadas a respetar la voluntad popular frente a las \u00f3rdenes del chavismo.<\/p>\n<p><img decoding=\"auto\" class=\"_re lazyload a_m-h\" height=\"276\"  width=\"414\"  src=\"https:\/\/www.europesays.com\/es\/wp-content\/uploads\/2025\/12\/UN6QVFN3AVCKRCKG7VOUA26QUM.JPG\" loading=\"lazy\"\/>Juan Manuel Santos y Mar\u00eda Corina Machado, en la el WIP, en Barcelona, el  20 de octubre.Kike Rincon<\/p>\n<p class=\"\">Las furiosas protestas populares que recorrieron toda Venezuela una vez anunciados los resultados de las elecciones del 28 de julio de 2024 sorprendieron al chavismo y tambi\u00e9n a la oposici\u00f3n. En medio del caos, nueve estatuas de Hugo Ch\u00e1vez fueron derribadas en distintos puntos del pa\u00eds. El 30 de julio, ya con la tensi\u00f3n al m\u00e1ximo, Machado y Edmundo Gonz\u00e1lez Urrutia se presentaron ante sus seguidores en Caracas. All\u00ed revelaron que sus equipos hab\u00edan escaneado el 80% de las actas que el Consejo Nacional Electoral se neg\u00f3 a mostrar y las publicaron en una web accesible a toda la ciudadan\u00eda. Seg\u00fan esos registros, Gonz\u00e1lez Urrutia habr\u00eda ganado ampliamente. <\/p>\n<p class=\"\">La publicaci\u00f3n de las actas y las acciones de profanaci\u00f3n de s\u00edmbolos chavistas desataron una respuesta feroz del r\u00e9gimen que no se hab\u00eda visto en los \u00faltimos 60 a\u00f1os. El fiscal general, Tarek William Saab, inform\u00f3 de que 1.062 personas fueron detenidas en solo dos d\u00edas, con un trato carcelario especialmente duro. Maduro anunci\u00f3 el reacondicionamiento de varios penales para recibir \u201cterroristas\u201d y denunci\u00f3 una conspiraci\u00f3n, organizada desde el exterior, para ignorar los resultados electorales y fomentar el caos. Y coloc\u00f3 a Machado en el centro de sus se\u00f1alamientos.<\/p>\n<p><img decoding=\"auto\" class=\"_re lazyload a_m-h\" height=\"276\"  width=\"414\"  src=\"https:\/\/www.europesays.com\/es\/wp-content\/uploads\/2025\/12\/FQMMQZLG5NGI7BESN3XJCAGFAE.jpg\" loading=\"lazy\"\/>Maria Corina Machado y Edmundo Gonzalez en una protesta contra Maduro, en Caracas, el 30 de julio de 2024.Matias Delacroix (AP)<\/p>\n<p class=\"\">El chavismo llam\u00f3 a sus partidarios a las calles y fue ahogando la indignaci\u00f3n popular con el uso de la fuerza p\u00fablica y el trabajo de la polic\u00eda pol\u00edtica. En agosto, Edmundo Gonz\u00e1lez Urrutia pidi\u00f3 asilo pol\u00edtico en Espa\u00f1a y, a partir de septiembre, las manifestaciones de la oposici\u00f3n fueron perdiendo fuelle. En cada llamado a la calle, la polic\u00eda se llevaba aleatoriamente nuevos manifestantes a la c\u00e1rcel. Machado insisti\u00f3 en mantener la movilizaci\u00f3n, y la di\u00e1spora organiz\u00f3 concentraciones masivas en el extranjero entre octubre y diciembre.<\/p>\n<p class=\"\">La situaci\u00f3n se volvi\u00f3 a\u00fan m\u00e1s cr\u00edtica en enero de 2025, <a href=\"https:\/\/elpais.com\/america\/2025-01-10\/maduro-se-proclama-presidente-de-venezuela-sin-mostrar-las-pruebas-de-su-triunfo.html\" target=\"_self\" rel=\"nofollow noopener\" title=\"https:\/\/elpais.com\/america\/2025-01-10\/maduro-se-proclama-presidente-de-venezuela-sin-mostrar-las-pruebas-de-su-triunfo.html\">cuando Nicol\u00e1s Maduro logr\u00f3 juramentarse de nuevo tras una oleada represiva.<\/a> Gonz\u00e1lez Urrutia, que hab\u00eda prometido regresar al pa\u00eds para asumir la presidencia, no pudo hacerlo. Machado justific\u00f3 su ausencia diciendo que su retorno ocurrir\u00eda \u201ccuando las condiciones pol\u00edticas lo determinen\u201d. A partir de entonces, la l\u00edder opositora comenz\u00f3 a informar sobre sus gestiones con Estados Unidos, enfocadas en convencer al Gobierno de Donald Trump de tomar medidas definitivas para abordar la crisis venezolana. <\/p>\n<p class=\"\">En febrero de 2025, Machado <a href=\"https:\/\/elpais.com\/america\/2025-02-04\/maria-corina-machado-asegura-que-converso-con-el-enviado-de-trump-durante-su-visita-a-caracas.html\" target=\"_self\" rel=\"nofollow noopener\" title=\"https:\/\/elpais.com\/america\/2025-02-04\/maria-corina-machado-asegura-que-converso-con-el-enviado-de-trump-durante-su-visita-a-caracas.html\">present\u00f3 a un nuevo aliado estrat\u00e9gico: Donald Trump Junior, de 47 a\u00f1os,<\/a> magnate e hijo del presidente estadounidense. En un momento en que la Casa Blanca adoptaba medidas hostiles hacia la di\u00e1spora venezolana, Machado insisti\u00f3 en su mensaje de confianza: \u201cTenemos en Washington al mejor aliado de nuestra libertad\u201d.<\/p>\n<p class=\"\">Trump ha declarado que Estados Unidos debe \u201cocuparse de Venezuela\u201d y ha anticipado que comenzar\u00e1n \u201cmuy pronto\u201d operaciones terrestres contra los carteles de droga, el argumento central con el que Washington presiona al chavismo. Junto al secretario de Estado, Marco Rubio, se ha convertido en una de las figuras claves para sostener la narrativa de Machado e impulsar a Trump hacia una postura m\u00e1s agresiva frente a Maduro.<\/p>\n<p><img decoding=\"auto\" class=\"_re lazyload a_m-h\" height=\"277\"  width=\"414\"  src=\"https:\/\/www.europesays.com\/es\/wp-content\/uploads\/2025\/12\/CLSAWFZRHVHVRKLBQBGQVFZRKQ.jpg\" loading=\"lazy\"\/>Maria Corina Machado en llamada virtual en el Business Forum, Miami, Florida, el 5 de noviembre.Eva Marie Uzcategui (Bloomberg)<\/p>\n<p class=\"\">Hacia mediados de 2025, mientras Machado insist\u00eda en que el r\u00e9gimen estaba debilitado y cerca de fracturarse, la realidad mostraba a un chavismo firme en el control pol\u00edtico y militar, pese a la crisis econ\u00f3mica y su falta de apoyo popular. Hasta ese momento, Trump hab\u00eda mostrado poco inter\u00e9s en alterar el tablero venezolano.<\/p>\n<p class=\"\">Sin embargo, las gestiones de Machado terminaron dando resultado. En la segunda semana de agosto, el presidente estadounidense comenz\u00f3 a referirse p\u00fablicamente al r\u00e9gimen de Maduro <a href=\"https:\/\/elpais.com\/america\/2025-11-24\/venezuela-califica-de-patrana-la-medida-de-estados-unidos-contra-el-inexistente-cartel-de-los-soles.html\" target=\"_self\" rel=\"nofollow noopener\" title=\"https:\/\/elpais.com\/america\/2025-11-24\/venezuela-califica-de-patrana-la-medida-de-estados-unidos-contra-el-inexistente-cartel-de-los-soles.html\">como una estructura vinculada al Tren de Aragua y al Cartel de los Soles.<\/a> El tono subi\u00f3 r\u00e1pidamente: fuerzas estadounidenses iniciaron operaciones contra embarcaciones que, seg\u00fan Washington, traficaban droga desde las costas venezolanas. El Gobierno de Maduro respondi\u00f3 desplegando toda su estructura pol\u00edtico-militar, incluido el alto mando de la Fuerza Armada Nacional Bolivariana (FANB.<\/p>\n<p class=\"\">Desde la clandestinidad, Machado ha difundido dos nuevas proclamas en las que invita a los venezolanos a imaginar una transici\u00f3n democr\u00e1tica. Y en cada mensaje, la l\u00edder opositora deja claro que asume la responsabilidad pol\u00edtica de la ofensiva impulsada desde Washington contra el gobierno de Maduro. Su narrativa, ahora reforzada por el reconocimiento internacional que implica el Premio Nobel de la Paz, busca instalar la idea de que Venezuela se encuentra ante una oportunidad hist\u00f3rica para romper con el chavismo.<\/p>\n","protected":false},"excerpt":{"rendered":"El paradero de Mar\u00eda Corina Machado es, desde agosto de 2024, uno de los grandes enigmas de la&hellip;\n","protected":false},"author":2,"featured_media":279092,"comment_status":"","ping_status":"","sticky":false,"template":"","format":"standard","meta":{"footnotes":""},"categories":[42],"tags":[17,18,1196,47619,72,352,629,13,14,11,61,62,63,64,19,20,1804,4371,9,1194,10,15,16,958,952,12,21,22,1192,65,66,67],"class_list":{"0":"post-279091","1":"post","2":"type-post","3":"status-publish","4":"format-standard","5":"has-post-thumbnail","7":"category-internacional","8":"tag-breaking-news","9":"tag-breakingnews","10":"tag-chavismo","11":"tag-conflictos-diplomaticos","12":"tag-conflictos-internacionales","13":"tag-donald-trump","14":"tag-estados-unidos","15":"tag-featured-news","16":"tag-featurednews","17":"tag-headlines","18":"tag-internacional","19":"tag-international","20":"tag-international-news","21":"tag-internationalnews","22":"tag-latest-news","23":"tag-latestnews","24":"tag-latinoamerica","25":"tag-maria-corina-machado","26":"tag-news","27":"tag-nicolas-maduro","28":"tag-noticias","29":"tag-noticias-destacadas","30":"tag-noticiasdestacadas","31":"tag-oposicion-politica","32":"tag-politica","33":"tag-titulares","34":"tag-ultimas-noticias","35":"tag-ultimasnoticias","36":"tag-venezuela","37":"tag-world","38":"tag-world-news","39":"tag-worldnews"},"share_on_mastodon":{"url":"","error":"Validation failed: Text character limit of 500 exceeded"},"_links":{"self":[{"href":"https:\/\/www.europesays.com\/es\/wp-json\/wp\/v2\/posts\/279091","targetHints":{"allow":["GET"]}}],"collection":[{"href":"https:\/\/www.europesays.com\/es\/wp-json\/wp\/v2\/posts"}],"about":[{"href":"https:\/\/www.europesays.com\/es\/wp-json\/wp\/v2\/types\/post"}],"author":[{"embeddable":true,"href":"https:\/\/www.europesays.com\/es\/wp-json\/wp\/v2\/users\/2"}],"replies":[{"embeddable":true,"href":"https:\/\/www.europesays.com\/es\/wp-json\/wp\/v2\/comments?post=279091"}],"version-history":[{"count":0,"href":"https:\/\/www.europesays.com\/es\/wp-json\/wp\/v2\/posts\/279091\/revisions"}],"wp:featuredmedia":[{"embeddable":true,"href":"https:\/\/www.europesays.com\/es\/wp-json\/wp\/v2\/media\/279092"}],"wp:attachment":[{"href":"https:\/\/www.europesays.com\/es\/wp-json\/wp\/v2\/media?parent=279091"}],"wp:term":[{"taxonomy":"category","embeddable":true,"href":"https:\/\/www.europesays.com\/es\/wp-json\/wp\/v2\/categories?post=279091"},{"taxonomy":"post_tag","embeddable":true,"href":"https:\/\/www.europesays.com\/es\/wp-json\/wp\/v2\/tags?post=279091"}],"curies":[{"name":"wp","href":"https:\/\/api.w.org\/{rel}","templated":true}]}}