{"id":279097,"date":"2025-12-09T08:22:17","date_gmt":"2025-12-09T08:22:17","guid":{"rendered":"https:\/\/www.europesays.com\/es\/279097\/"},"modified":"2025-12-09T08:22:17","modified_gmt":"2025-12-09T08:22:17","slug":"le-debo-la-vida-a-joan-penarroya-nunca-podre-agradecerle-todo","status":"publish","type":"post","link":"https:\/\/www.europesays.com\/es\/279097\/","title":{"rendered":"\u201cLe debo la vida a Joan Pe\u00f1arroya, nunca podr\u00e9 agradecerle todo\u201d"},"content":{"rendered":"<p class=\"ft-text\"><strong>Ra\u00fal Villar<\/strong> (Barcelona, 2007) vive su primera aventura lejos de la capital catalana. Con el baloncesto como motor de vida, el joven director de juego finaliz\u00f3 su vinculaci\u00f3n con el <a class=\"ft-link ft-link--decoration\" href=\"https:\/\/www.sport.es\/es\/barca\/baloncesto\/\" rel=\"nofollow noopener\" target=\"_blank\"><strong>Bar\u00e7a<\/strong><\/a> el pasado verano para dar el siguiente paso en su carrera, y cruzar el Atl\u00e1ntico para desembarcar en el baloncesto universitario estadounidense.<\/p>\n<p class=\"ft-text\">Villar forma parte de ese amplio<strong> \u00e9xodo de jugadores espa\u00f1oles<\/strong> que deciden seguir su carrera en Am\u00e9rica. La NCAA cada vez ofrece mejores condiciones para sus deportistas, y ante la escasez de oportunidades en la \u00e9lite, mucho del talento nacional prefiere encaminar sus pasos hacia dicha competici\u00f3n. Un camino que puede ser tan solo de ida, como perfiles como el de<strong> Kasparas Jakucionis<\/strong> (n\u00famero 20 del pasado draft), pero tambi\u00e9n de vuelta, algo que obliga a los equipos europeos a no perder de vista lo que all\u00ed ocurre.<\/p>\n<p class=\"ft-text\">Villar atendi\u00f3 a SPORT hace unas semanas para explicar como ha sido su inicio en <strong>Charlotte, <\/strong>y unos primeros d\u00edas algo ca\u00f3ticos por ese cambio vital tan grande. Adem\u00e1s, el joven base repas\u00f3 su trayectoria en un Bar\u00e7a al que lleg\u00f3 en categor\u00eda mini, y cuya progresi\u00f3n fue evolucionando hasta llegar al primer equipo, en el que <strong>Joan Pe\u00f1arroya<\/strong> tuvo un papel importante apostando por \u00e9l ante la plaga de lesiones que vivieron la \u00faltima campa\u00f1a.<\/p>\n<p class=\"ft-text\"><strong>\u00bfC\u00f3mo te trata la vida, Ra\u00fal?<\/strong><\/p>\n<p class=\"ft-text\">La verdad que no me puedo quejar. Es todo un cambio muy grande y, claro, al principio estoy un poco descolocado, sobre todo por el nivel de ingl\u00e9s, todo en general. Pero no me puedo quejar, estoy contento con los amigos que he hecho aqu\u00ed. Bien.<\/p>\n<p class=\"ft-text\"><strong>\u00bfCu\u00e1ndo te instalaste all\u00ed?<\/strong><\/p>\n<p class=\"ft-text\">Llegu\u00e9 aqu\u00ed, creo que fue el segundo d\u00eda de clase, el 18 de agosto. Ya llevo tiempo, ya estoy acostumbrado a esto. Pero bueno, s\u00ed que es verdad que el primer mes, las primeras semanas, llegas aqu\u00ed de nuevo, como no conoces nada y, bueno, tiene que pasar un tiempo para empezar a saber d\u00f3nde est\u00e1s, pero bueno, ya bien.<\/p>\n<p class=\"ft-text\"><strong>\u00bfC\u00f3mo est\u00e1 siendo la adaptaci\u00f3n a tu nueva vida?<\/strong><\/p>\n<p class=\"ft-text\">El d\u00eda a d\u00eda del a\u00f1o pasado era un poco raro porque empec\u00e9 con un equipo, acab\u00e9 con otro, entre medias iba variando. Pero s\u00ed, todo cambia, hasta los horarios, aqu\u00ed lo avanzan todo mucho. Cuando llegu\u00e9 me pon\u00eda a entrenar a las siete de la ma\u00f1ana y dec\u00eda: \u201c\u00bfQu\u00e9 es esto?\u201d (r\u00ede). A esas horas no soy persona. Pero bueno, es un cambio muy grande. S\u00ed, es verdad que el basket al final te ayuda porque son dos o tres horas que sabes lo que haces y llevas toda la vida haci\u00e9ndolo.<\/p>\n<p><img decoding=\"async\" src=\"https:\/\/www.europesays.com\/es\/wp-content\/uploads\/2025\/12\/4c0e0044-6db3-4b3c-b21b-4f0c9c186cc6_alta-libre-aspect-ratio_default_0.jpg\" width=\"1200\" height=\"675\" alt=\"Raul Villar, entre Moneke y Howard\" class=\"ft-helper-img-rd\" loading=\"lazy\"\/><\/p>\n<p class=\"ft-helper-fontColor-quaternary ft-helper-fontSize-body-S ft-helper-spacer-t-xxs\">Raul Villar, entre Moneke y Howard  \/ EFE<\/p>\n<p>La nueva rutina en Charlotte<\/p>\n<p class=\"ft-text\"><strong>\u00bfCu\u00e1l es tu horario en un d\u00eda cualquiera?<\/strong><\/p>\n<p class=\"ft-text\">Ahora, la verdad que no me puedo quejar porque ya me estoy levantando sobre las ocho. En verano hac\u00edamos entreno de cardio y nos levant\u00e1bamos pronto, a las siete ten\u00edamos que estar en el campo. Desayuno, voy a clase dos horitas y entre medias de la ma\u00f1ana s\u00ed que es verdad que por grupo vamos al gym. Y bueno, hacemos 45 minutos &#8211; una hora. Y luego algunos tenemos otra vez clase o los que no, se pueden quedar a tirar un poco. Y luego ya a las dos es el entreno grupal que, bueno, depende de lo que quiera hacer el entrenador. A veces acabamos a las cinco, a veces a las cuatro o a las seis, no s\u00e9. Pero&#8230; Y luego ya nada, cenan a las seis y se van a dormir pronto, el d\u00eda acaba despu\u00e9s del entreno y tampoco hago mucho m\u00e1s.<\/p>\n<p class=\"ft-text\"><strong>\u00bfC\u00f3mo recuerdas el primer d\u00eda, tanto de baloncesto como de universidad?<\/strong><\/p>\n<p class=\"ft-text\">Recuerdo que estaba muy cansado, porque claro, vienes de que te levantas, no s\u00e9 si a las 5 de la ma\u00f1ana de Espa\u00f1a y, claro, haces un vuelo de 9-10 horas, llegas aqu\u00ed y al retrasar a 6 horas siguen aqu\u00ed activos. Estaba reventado y, bueno, yo cuando llegu\u00e9 tengo que decir que mi nivel ahora de ingl\u00e9s no es bueno, porque no es bueno, pero me defiendo. Pero cuando vine pues era bastante flojillo. Y bueno, recuerdo el primer d\u00eda: me presentamos con compa\u00f1eros y todo bien, pero llego al comedor y digo: \u201c\u00bfD\u00f3nde me he metido?\u201d Al d\u00eda siguiente mis compa\u00f1eros me dicen: \u201cVente con nosotros ma\u00f1ana, a las seis y media salimos\u201d. Digo: \u201c\u00bfC\u00f3mo a las seis y media?\u201d Llego a las siete al pabell\u00f3n y est\u00e1n todos ya corriendo. Y bueno, la verdad que te impacta al principio y es eso, dices: \u201c\u00bfD\u00f3nde me he metido?\u201d Pero al final es acostumbrarse; cuando llevas dos o tres semanas ya dices&#8230; es lo que toca, no hay m\u00e1s.<\/p>\n<p class=\"ft-text\"><strong>\u00bfQu\u00e9 diferencias est\u00e1s encontrando con el baloncesto formativo que ven\u00edas jugando en Espa\u00f1a?<\/strong><\/p>\n<p class=\"ft-text\">Mi \u00faltimo a\u00f1o en el Bar\u00e7a fue con los mayores y el nivel f\u00edsico cambia. Pero claro, si comparamos la edad en Espa\u00f1a y la edad aqu\u00ed, lo que m\u00e1s destacar\u00eda es el nivel f\u00edsico de todo el mundo. O sea, aqu\u00ed es que est\u00e1n todos hechos unas bestias que luego, claro, llegas y te das cuenta por qu\u00e9, porque est\u00e1n en el gym bastante tiempo, hacen cosas muy concretas, se ve que en verano tambi\u00e9n est\u00e1n todo el d\u00eda haciendo gym. S\u00ed que es verdad que tambi\u00e9n va un poco todo m\u00e1s r\u00e1pido, me da la sensaci\u00f3n de que en Espa\u00f1a y en Europa se piensa un poco todo m\u00e1s en la pista. Aqu\u00ed como que van&#8230; el que llega, llega y ya est\u00e1. No hay que pensar, hay que tirar y ya est\u00e1.<\/p>\n<p>Especial atenci\u00f3n de su entrenador<\/p>\n<p class=\"ft-text\"><strong>\u00bfQu\u00e9 tal es la relaci\u00f3n con tu entrenador, Aaron Fearne?<\/strong><\/p>\n<p class=\"ft-text\">La verdad que bastante bien. Siento que le gusta mucho el basket europeo, me intenta escuchar mucho cuando le digo algo que veo en el juego&#8230; Al verlo desde toda la perspectiva, como que me intenta escuchar mucho. La verdad que tenemos una muy buena relaci\u00f3n, alguna bronca s\u00ed que me llevo as\u00ed bastante buena, pero fuera de la pista tambi\u00e9n me ayuda mucho. Desde el primer d\u00eda me pregunta c\u00f3mo estoy porque, claro, al no estar con la familia aqu\u00ed y todo&#8230; Vinimos a hacer una visita con la familia y ya hicimos muy buena relaci\u00f3n todos.<\/p>\n<p><img decoding=\"async\" src=\"https:\/\/www.europesays.com\/es\/wp-content\/uploads\/2025\/12\/69b40423-2829-4c4d-938d-83cce69c2ba5_alta-libre-aspect-ratio_default_0.jpg\" width=\"1200\" height=\"675\" alt=\"Raul Villar, en un partido con Charlotte\" class=\"ft-helper-img-rd\" loading=\"lazy\"\/><\/p>\n<p class=\"ft-helper-fontColor-quaternary ft-helper-fontSize-body-S ft-helper-spacer-t-xxs\">Raul Villar, en un partido con Charlotte  \/ Twitter: @CharlotteMBB<\/p>\n<p class=\"ft-text\"><strong>Es importante esa relaci\u00f3n sabiendo que no es una situaci\u00f3n f\u00e1cil para ti, lejos de casa y de la familia&#8230;<\/strong><\/p>\n<p class=\"ft-text\">Al ser de primer a\u00f1o tiene mucho en cuenta que estemos todos bien. Este a\u00f1o la verdad que somos muchos nuevos en el equipo, pero no es lo mismo venir de la otra punta de Estados Unidos, saber el idioma, ya haber jugado en college, que ya te sabes todo un poco y que lleven todo el verano aqu\u00ed, o venir de repente el \u00faltimo d\u00eda de agosto, ser el nuevo, europeo, freshman (jugador de primer a\u00f1o)&#8230; Es todo un cambio, pero bueno, la verdad que me han acogido muy bien y \u00e9l tambi\u00e9n est\u00e1 siempre encima de mi para saber c\u00f3mo estoy.<\/p>\n<p class=\"ft-text\"><strong>\u00bfCon qui\u00e9n has hecho mejor relaci\u00f3n por el momento en el vestuario?<\/strong><\/p>\n<p class=\"ft-text\">Los tres con los que vivo somos tres freshmans que s\u00ed que es verdad que tenemos mucha confianza entre nosotros, estamos todo el d\u00eda juntos y ya nos conocemos muy bien. Tambi\u00e9n con David (G\u00f3mez) pas\u00e9 de que lo conoc\u00eda porque hab\u00eda jugado con mi hermano a estar todo el d\u00eda con \u00e9l. Cuando la gente en Espa\u00f1a se va a dormir, es \u00e9l el que me queda al final y estoy hablando con \u00e9l todo el d\u00eda; yo creo que debe estar cansado de m\u00ed porque, bueno, al final soy bastante pesado con \u00e9l (r\u00ede), pero se tiene que acostumbrar. Y con los dem\u00e1s compa\u00f1eros pues hay de todo, como en todos los equipos: hay con quien te llevas mejor y tienes mucha confianza y luego hay con quien te llevas bien, porque la verdad es que no me llevo mal con nadie.<\/p>\n<p class=\"ft-text\"><strong>De momento est\u00e1s jugando unos 13 minutos de media por partido, \u00bfes una situaci\u00f3n normal por ser el primer a\u00f1o?<\/strong><\/p>\n<p class=\"ft-text\">Me he dado cuenta de que aqu\u00ed tienen muy marcados los roles, de que si eres freshman es muy raro que juegues. Si eres de los mayores vas a jugar todo el partido. Yo creo que desde el primer momento estuve entrenando bien, pero s\u00ed que me gustar\u00eda jugar m\u00e1s. Es un proceso; al final en una temporada van pasando muchas cosas, si no mira el a\u00f1o pasado. Y bueno, espero poder ir cogiendo minutos, confianza, tiros, un poco de todo, pero poco a poco.<\/p>\n<p>Colonia espa\u00f1ola en la NCAA<\/p>\n<p class=\"ft-text\"><strong>\u00bfEst\u00e1is en contacto todos los jugadores espa\u00f1oles que est\u00e1is en el baloncesto universitario estadounidense?<\/strong><\/p>\n<p class=\"ft-text\">No hay un grupo de Whatsapp, pero s\u00ed que vamos coincidiendo en algunos partidos y al final te hace ilusi\u00f3n ver a gente a la que llevas viendo tantos a\u00f1os en otros equipos. Este a\u00f1o de nuestra generaci\u00f3n nos hemos venido bastantes y, bueno, vamos hablando, nos vamos llamando bastante en noches que no hacemos nada. Pues vamos hablando entre nosotros y, bueno, vamos viendo qui\u00e9n est\u00e1 un poco mejor; hay alguno que juega un poco m\u00e1s, un poco menos, pero bueno, la verdad es que estamos bien.<\/p>\n<p>El adi\u00f3s al Bar\u00e7a<\/p>\n<p class=\"ft-text\"><strong>\u00bfQu\u00e9 motivos te llevan a dejar el Bar\u00e7a para irte al baloncesto universitario estadounidense?<\/strong><\/p>\n<p class=\"ft-text\">Aunque tuve la suerte de jugar por una cosa o por otra, s\u00ed que es verdad que en Espa\u00f1a no hay muchos chavales de 17 o 18 a\u00f1os. Creo que es muy dif\u00edcil jugar, tener oportunidades, m\u00e1s en un club tan grande como el Bar\u00e7a, que aunque est\u00e9n habiendo muchas lesiones y mala suerte por medio, es muy dif\u00edcil tener minutos ah\u00ed y poder progresar mucho, aunque seguro que hay alg\u00fan caso que puede, pero yo lo veo un poco m\u00e1s dif\u00edcil. Aqu\u00ed te centras un poco en tu f\u00edsico, en mejorar todo, en estudiar a la vez porque, claro, en Espa\u00f1a es diferente compaginar una carrera con jugar en un club profesional y todo. Aqu\u00ed tienes tu tiempo para estudiar, tu tiempo para entrenar. Y tambi\u00e9n, sobre todo, lo importante de los estudios y del idioma, que es muy importante tener ingl\u00e9s y me estoy dando cuenta ahora.<\/p>\n<p class=\"ft-text\"><strong>Hay pocos casos como el de Sergio De Larrea&#8230;<\/strong><\/p>\n<p class=\"ft-text\">Es que, \u00bfcu\u00e1ntos jugadores hay como \u00e9l? Es un base enorme, que tiene una calidad incre\u00edble, que es muy listo&#8230; pero como \u00e9l solo est\u00e1 \u00e9l. Que luego no s\u00e9 qui\u00e9n ser\u00e1 otro m\u00e1s as\u00ed, joven. Pero claro, a m\u00ed es que de bases as\u00ed, por centrarme un poco en m\u00ed, se me vienen esos Marcelinho, Ricky&#8230; no se me viene gente joven que haya estado en Espa\u00f1a progresando todo; ya no solo en Espa\u00f1a, en cualquier club europeo. A m\u00ed me hubiese encantado porque yo amo al Bar\u00e7a. Pero es una decisi\u00f3n que hab\u00eda que tomar.<\/p>\n<p class=\"ft-text\"><strong>No tiene por qu\u00e9 ser un adi\u00f3s definitivo&#8230;<\/strong><\/p>\n<p class=\"ft-text\">Al final te vienes aqu\u00ed, en teor\u00eda, a hacer cuatro a\u00f1os porque es lo que tienes que hacer para tener la carrera. Pero si est\u00e1s aqu\u00ed un a\u00f1o y no est\u00e1s bien y te quieres volver, no hay ning\u00fan problema en volverte. E igual que si est\u00e1s aqu\u00ed un a\u00f1o, lo petas y te quieres ir a Europa, te vuelves a Europa sin ning\u00fan problema. Al ser todo un poco nuevo, yo creo que se habla mucho porque este a\u00f1o s\u00ed es verdad que hemos venido bastantes. Pero bueno, ahora tambi\u00e9n con lo de la nueva Liga U y todo, a ver si se puede tambi\u00e9n progresar en Espa\u00f1a para que lleguen muchos jugadores a alto nivel.<\/p>\n<p><img decoding=\"async\" src=\"https:\/\/www.europesays.com\/es\/wp-content\/uploads\/2025\/12\/a4bf4bf4-a918-421c-aa5b-6e13bd8abb5d_alta-libre-aspect-ratio_default_0.jpg\" width=\"1200\" height=\"675\" alt=\"Raul Villar, en un entrenamiento con la Universidad de Charlotte\" class=\"ft-helper-img-rd\" loading=\"lazy\"\/><\/p>\n<p class=\"ft-helper-fontColor-quaternary ft-helper-fontSize-body-S ft-helper-spacer-t-xxs\">Raul Villar, en un entrenamiento con la Universidad de Charlotte  \/ Twitter: @CharlotteMBB<\/p>\n<p class=\"ft-text\"><strong>\u00bfQu\u00e9 opinas de esta nueva competici\u00f3n?<\/strong><\/p>\n<p class=\"ft-text\">Todo lo que sea para intentar tener talento joven ah\u00ed, a m\u00ed me parece bien. No s\u00e9 si est\u00e1 creada con el objetivo de que la gente no venga a Estados Unidos, pero a m\u00ed me gusta mucho porque es una liga en la que puedes competir. Yo, por ejemplo, el a\u00f1o pasado compet\u00eda contra el Madrid, contra equipos ACB una vez al a\u00f1o. Y poder tener la oportunidad de competir tanto contra ellos, al final acabas mejorando much\u00edsimo. Tambi\u00e9n que te da mucha visibilidad, un partido no abierto en la tele a la semana. El otro d\u00eda estuve viendo el Bar\u00e7a-Madrid. Me hace mucha ilusi\u00f3n tambi\u00e9n que les vaya bien a ellos. Vi el v\u00eddeo de SPORT presentando al equipo, parec\u00edan formales, pero la verdad que son un poco personajes todos.<\/p>\n<p class=\"ft-text\"><strong>Nikola Kusturica o Sayon Keita ya conocen lo que es tener minutos con el primer equipo&#8230;<\/strong><\/p>\n<p class=\"ft-text\">El cuerpo que tiene Niko Kusturica yo no lo hab\u00eda visto en la vida; cuando este t\u00edo se ponga fuerte va a ser imparable. Si ahora ya est\u00e1 viendo eso con el cuerpecito que tiene, imag\u00ednate luego. Y Sayon tambi\u00e9n, no s\u00e9 si jug\u00f3 a tres partidos de titular y lo hizo perfecto. Luego viene por ah\u00ed el bicho Mohamed Dabone&#8230;<\/p>\n<p>\u00abDabone tiene condiciones para donde quiera estar\u00bb<\/p>\n<p class=\"ft-text\"><strong>\u00bfC\u00f3mo vive \u00e9l todo lo que le est\u00e1 ocurriendo?<\/strong><\/p>\n<p class=\"ft-text\">Lo vive como tiene que vivir, como un chaval. Toda la gente habla de \u00e9l, pero luego en el vestuario es uno m\u00e1s. En este caso era de los j\u00f3venes, le trat\u00e1bamos como lo que era: un joven del vestuario. La verdad que es muy trabajador tambi\u00e9n, y las condiciones que tiene no las hab\u00eda visto en mi vida. No me quiero arriesgar sobre d\u00f3nde lo veo porque pueden pasar muchas cosas, pero la verdad que tiene condiciones para donde quiera estar.<\/p>\n<p><img decoding=\"async\" src=\"https:\/\/www.europesays.com\/es\/wp-content\/uploads\/2025\/12\/8c6f5e7c-866c-4a00-b526-045e646b8acd_alta-libre-aspect-ratio_default_0.jpg\" width=\"1200\" height=\"675\" alt=\"Sayon Keita y Mohamed Dabone, en un partido del Bar\u00e7a en la Liga U\" class=\"ft-helper-img-rd\" loading=\"lazy\"\/><\/p>\n<p class=\"ft-helper-fontColor-quaternary ft-helper-fontSize-body-S ft-helper-spacer-t-xxs\">Sayon Keita y Mohamed Dabone, en un partido del Bar\u00e7a en la Liga U  \/ ACB Photo &#8211; Joan Vidal<\/p>\n<p class=\"ft-text\"><strong>\u00bfEchas mucho de menos Barcelona?<\/strong><\/p>\n<p class=\"ft-text\">S\u00ed, la verdad que s\u00ed. Sobre todo a los amigos, a la familia; echo de menos pasar tiempo los fines de semana, domingos, comer con ellos, salir un rato con mis amigos, a tomar algo&#8230; La verdad que esos momentos los echo de menos. Porque aqu\u00ed, bueno, hago nuevos amigos, pero tambi\u00e9n la diferencia de horas, no puedes hablar tanto con ellos. Pero bueno, cuando llegue el verano volver\u00e9 all\u00ed y estar\u00e9 con ellos.<\/p>\n<p>Rafa, un hermano en la \u00e9lite<\/p>\n<p class=\"ft-text\"><strong>\u00bfC\u00f3mo ves a tu hermano Rafa por Baskonia?<\/strong><\/p>\n<p class=\"ft-text\">Bueno, la verdad que lo veo bien; al principio s\u00ed que ten\u00eda pocos minutos, pero poco a poco est\u00e1 sabiendo encontrar sus momentos de lo que tiene que hacer, de lo que le piden. En general, el inicio del equipo no fue muy bueno, pero han pillado una buena racha. Al final, qu\u00e9 te esperas de un equipo que est\u00e1 en la Euroliga, hist\u00f3rico, y que est\u00e9 ah\u00ed jugando minutos es una locura.<\/p>\n<p><img decoding=\"async\" src=\"https:\/\/www.europesays.com\/es\/wp-content\/uploads\/2025\/12\/866b4bd3-f0eb-4318-a613-778108e7d9a8_alta-libre-aspect-ratio_default_0.jpg\" width=\"1200\" height=\"675\" alt=\"Raul Villar y Rafa Villar coincidieron en el Bar\u00e7a - Hiopos Lleida de Liga Endesa\" class=\"ft-helper-img-rd\" loading=\"lazy\"\/><\/p>\n<p class=\"ft-helper-fontColor-quaternary ft-helper-fontSize-body-S ft-helper-spacer-t-xxs\">Raul Villar y Rafa Villar coincidieron en el Bar\u00e7a &#8211; Hiopos Lleida de Liga Endesa  \/ ACB Photo &#8211; Joan Vidal<\/p>\n<p class=\"ft-text\"><strong>\u00bfQu\u00e9 recuerdo te queda de tu etapa en el Bar\u00e7a?<\/strong><\/p>\n<p class=\"ft-text\">Creo que fue el primer d\u00eda a finales de noviembre, el primer d\u00eda que voy a entrenar con ellos, que me escribe el delegado y digo&#8230; Estoy cagado. Yo entr\u00e9 en Mini al Bar\u00e7a y desde Mini, cuando nos daban la oportunidad de ir a ver el entreno del primer equipo, yo iba nervioso viendo a esta gente. A veces \u00edbamos a los partidos y hac\u00edamos actividades de que nos pon\u00edamos a rebotearles; para m\u00ed era incre\u00edble eso. Y llega ese momento: \u201cLlevo siete a\u00f1os aqu\u00ed, tengo que disfrutarlo&#8230;\u201d Pero, bueno, el primer d\u00eda me acuerdo que estaba cagado; fui al viaje y me presento en el OAKA. Pas\u00e9 de estar un d\u00eda en casa sin saber que iba a ir con el equipo al d\u00eda siguiente en el OAKA. Y convocado. Digo: \u201cComo juegue yo aqu\u00ed, no s\u00e9 qu\u00e9 me va a pasar\u201d. Estaba cagado. Pero bueno, la verdad que lo recuerdo muy bien.<\/p>\n<p class=\"ft-text\"><strong>Y tras ese partido en Grecia, mayor protagonismo&#8230;<\/strong><\/p>\n<p class=\"ft-text\">Fue avanzando la temporada y, por desgracia, las lesiones de Juan N\u00fa\u00f1ez, Nico Laprovittola, Dar\u00edo (Brizuela) tambi\u00e9n estaba un poco tocado, Kevin Punter, \u2018Sato\u2019&#8230; tuvimos muy mala suerte. Pero para m\u00ed, dentro de lo malo de las lesiones, fue una temporada muy especial porque cumpl\u00ed todos los sue\u00f1os que ten\u00eda: debutar en Euroliga, ACB, simplemente entrenar con esa gente, estar hablando un d\u00eda normal con ellos y como normalizar todo. Ellos me trataban como uno m\u00e1s y me hicieron uno m\u00e1s del vestuario, y fue una temporada muy especial, que me lo pas\u00e9 muy bien con ellos. No tuvimos suerte en los \u00faltimos momentos, pero yo lo recuerdo con mucho cari\u00f1o.<\/p>\n<p>La importancia de Pe\u00f1arroya<\/p>\n<p class=\"ft-text\"><strong>Contaste con la confianza de Joan Pe\u00f1arroya, \u00bfqu\u00e9 tal era tu relaci\u00f3n con \u00e9l?<\/strong><\/p>\n<p class=\"ft-text\">A mi familia le iba diciendo cuando me iban llegando oportunidades de todos lados, le iba diciendo: \u201cEs que le debo la vida a Joan\u201d. S\u00ed que es verdad que he debutado porque se ha lesionado la gente, pero el que me ha puesto es \u00e9l y el que me da la confianza para entrar a la pista y no estar nervioso es \u00e9l. Y en los entrenos el que me ayuda es \u00e9l. Y yo la verdad que le estoy muy agradecido a Joan, no le voy a poder compensar con todo lo que me ha hecho, la verdad, nunca. Pero bueno, la verdad es que le tengo que agradecer todo a \u00e9l.<\/p>\n<p class=\"ft-text\"><strong>\u00bfQu\u00e9 te ha parecido la destituci\u00f3n?<\/strong><\/p>\n<p class=\"ft-text\">No fue agradable, ya no solo el d\u00eda de su destituci\u00f3n, sino ir viendo c\u00f3mo avanzaba la temporada&#8230; Yo al final soy del Bar\u00e7a y quiero que siempre ganen. Y el ver que las cosas no estaban yendo bien, como que llegaba y ve\u00eda los resultados, estaba triste por Joan, por los jugadores, mis compa\u00f1eros, por el club, por todo el mundo. Pero s\u00ed que es verdad que cuando lleg\u00f3 la noticia me avis\u00f3 mi familia y la verdad que me supo muy mal por \u00e9l porque a m\u00ed me parece un buen entrenador. Pero claro, las cosas no estaban saliendo como ten\u00edan que salir y, bueno, son decisiones que se toman.<\/p>\n<p><img decoding=\"async\" src=\"https:\/\/www.europesays.com\/es\/wp-content\/uploads\/2025\/12\/b6845a44-8bd0-46d1-8475-e960f17a3221_alta-libre-aspect-ratio_default_0.jpg\" width=\"1200\" height=\"675\" alt=\"Joan Pe\u00f1arroya dirigi\u00f3 en Girona su \u00faltimo partido con el Bar\u00e7a\" class=\"ft-helper-img-rd\" loading=\"lazy\"\/><\/p>\n<p class=\"ft-helper-fontColor-quaternary ft-helper-fontSize-body-S ft-helper-spacer-t-xxs\">Joan Pe\u00f1arroya dirigi\u00f3 en Girona su \u00faltimo partido con el Bar\u00e7a  \/ EFE<\/p>\n<p class=\"ft-text\"><strong>\u00bfSigues hablando con jugadores del Bar\u00e7a?<\/strong><\/p>\n<p class=\"ft-text\">Con los de la Liga U s\u00ed, especialmente con Dani (Gonz\u00e1lez), que somos muy amigos. Del primer equipo no hablo habitualmente, pero cuando pasa cualquier cosa, me escriben, les escribo&#8230; Sobre todo, tengo mucha confianza con los espa\u00f1oles; nos llevamos muy bien. Y, bueno, al final me acogieron el a\u00f1o pasado y yo les estoy muy agradecido. No s\u00e9 si ellos a m\u00ed, pero yo les veo como amigos.<\/p>\n<p class=\"ft-text\"><strong>A nivel contractual, \u00bfha quedado algo apalabrado para un posible regreso al Bar\u00e7a en un futuro?<\/strong><\/p>\n<p class=\"ft-text\">Finalic\u00e9 contrato con ellos y no qued\u00f3 nada firmado en clave futuro.<\/p>\n<p class=\"ft-text\"><strong>\u00bfCu\u00e1nto tiempo has firmado por la Universidad de Charlotte?<\/strong><\/p>\n<p class=\"ft-text\">En teor\u00eda, tienes cuatro a\u00f1os para estudiar y jugar a b\u00e1squet. Hay alguna excepci\u00f3n porque creo que puedes no jugar durante la temporada. Y bueno, no s\u00e9 si el quinto a\u00f1o estudias una cosa diferente o alguna cosa. Pero bueno, lo habitual son cuatro a\u00f1os.<\/p>\n<p class=\"ft-text\"><strong>\u00bfTienes contacto con Dame Sarr?<\/strong><\/p>\n<p class=\"ft-text\">Cuando vine me escribi\u00f3 porque en Estados Unidos est\u00e1 todo muy lejos, pero dentro de lo que cabe estamos los dos en Carolina del Norte. Me escribi\u00f3 que cualquier cosa que necesite&#8230; Dame siempre me ha ayudado mucho. El a\u00f1o pasado, cuando llegu\u00e9, era el que me ayudaba porque nos conoc\u00edamos ya hace tiempo. Ten\u00eda algo que le gustaba a \u00e9l y siempre le he hecho muchas gracias; nos llevamos muy bien. Vamos hablando a veces, me alegro mucho de lo que le est\u00e1n poniendo en el Draft; ojal\u00e1 finalmente sea as\u00ed y pueda cumplir todo lo que quiera.<\/p>\n<p><img decoding=\"async\" src=\"https:\/\/www.europesays.com\/es\/wp-content\/uploads\/2025\/12\/ec9b11d5-6bf4-498c-a1ef-991a1424b698_alta-libre-aspect-ratio_default_0.jpg\" width=\"1200\" height=\"675\" alt=\"Sayon Keita, Raul Villar y Dame Sarr fueron los tres jugadores m\u00e1s felices del Bar\u00e7a en la victoria ante Breog\u00e1n\" class=\"ft-helper-img-rd\" loading=\"lazy\"\/><\/p>\n<p class=\"ft-helper-fontColor-quaternary ft-helper-fontSize-body-S ft-helper-spacer-t-xxs\">Sayon Keita, Raul Villar y Dame Sarr fueron los tres jugadores m\u00e1s felices del Bar\u00e7a en la victoria ante Breog\u00e1n  \/ FCB<\/p>\n<p>El n\u00facleo de espa\u00f1oles, clave<\/p>\n<p class=\"ft-text\"><strong>\u00bfQu\u00e9 jugadores te ayudaron m\u00e1s en tu etapa en el Bar\u00e7a?<\/strong><\/p>\n<p class=\"ft-text\">Podr\u00eda decir todos, la verdad. Pero sobre todo, por fluidez, con los espa\u00f1oles, con Willy (Hernang\u00f3mez); todo el mundo me dice que nos ve\u00edan juntos. Con Dar\u00edo (Brizuela), con Joel (Parra), con \u00c1lex (Abrines). La verdad es que me han ayudado todos, y esos son porque son espa\u00f1oles, pero la verdad es que todos.<\/p>\n<p class=\"ft-text\"><strong>\u00bfConf\u00edas en que el Bar\u00e7a pueda tener una buena temporada?<\/strong><\/p>\n<p class=\"ft-text\">Yo conf\u00edo, la verdad. El a\u00f1o pasado tambi\u00e9n pintaba mal y, al final, no tuvimos suerte; yo creo que en el \u00faltimo tramo de la temporada hicimos cosas muy bien. Tienen jugadores que son buen\u00edsimos, que le pueden dar la vuelta y, bueno, poco a poco las cosas ir\u00e1n saliendo bien.<\/p>\n<p class=\"ft-text\"><strong>\u00bfCon qu\u00e9 jugadores te inspiras?<\/strong><\/p>\n<p class=\"ft-text\">A m\u00ed de peque\u00f1o siempre me hab\u00eda gustado mucho Luka Doncic; cuando yo iba creciendo era el que ve\u00eda, aunque estaba en el equipo contrario, pero bueno, me encantaba verle. Y as\u00ed, de fijarme en mi posici\u00f3n, me ha encantado siempre Ricky. Aqu\u00ed en Charlotte hice una presentaci\u00f3n de m\u00ed y dije que era como el jugador en el que siempre me hab\u00eda fijado. Y ahora cuando hago cualquier cosa se me ponen: \u201cRicky, Ricky, Rubio\u201d, as\u00ed. Ahora ya soy rubio para ellos, soy Ricky (r\u00ede). Pero tambi\u00e9n, bueno, te puedo decir, mi hermano tambi\u00e9n; al final me he fijado tanto en \u00e9l, he ido a verle todos los d\u00edas. Hace dos a\u00f1os tuve la oportunidad de entrenar con \u00e9l y no me lo cre\u00eda. Nunca lo voy a olvidar porque entrenar con Ricky para m\u00ed era lo m\u00e1s.<\/p>\n<p><img decoding=\"async\" src=\"https:\/\/www.europesays.com\/es\/wp-content\/uploads\/2025\/12\/4ef5d0c1-97cb-4b96-84fb-a7e743bde76e_alta-libre-aspect-ratio_default_0.jpg\" width=\"1200\" height=\"675\" alt=\"Ricky Rubio en su segunda etapa en el Bar\u00e7a\" class=\"ft-helper-img-rd\" loading=\"lazy\"\/><\/p>\n<p class=\"ft-helper-fontColor-quaternary ft-helper-fontSize-body-S ft-helper-spacer-t-xxs\">Ricky Rubio en su segunda etapa en el Bar\u00e7a  \/ Valent\u00ed Enrich<\/p>\n<p class=\"ft-text\"><strong>\u00bfHay alg\u00fan mensaje que quieras mandarle a la afici\u00f3n del Bar\u00e7a por todo el cari\u00f1o que te dieron?<\/strong><\/p>\n<p class=\"ft-text\">Lo primero, agradecerles por lo del a\u00f1o pasado, porque yo siempre que entraba a la pista del Palau me sent\u00eda incre\u00edble. Era un sue\u00f1o que estaba viviendo en ese momento. Y este a\u00f1o que sigan confiando, que sigan animando al equipo, que hay equipo para darle la vuelta a la situaci\u00f3n. Poco a poco las cosas ir\u00e1n saliendo. Yo soy uno m\u00e1s de ellos, aunque no pueda estar en el Palau, sigo confiando; todos los partidos que veo desde aqu\u00ed pienso que van a ganar y ojal\u00e1 sea as\u00ed.<\/p>\n","protected":false},"excerpt":{"rendered":"Ra\u00fal Villar (Barcelona, 2007) vive su primera aventura lejos de la capital catalana. Con el baloncesto como motor&hellip;\n","protected":false},"author":2,"featured_media":279098,"comment_status":"","ping_status":"","sticky":false,"template":"","format":"standard","meta":{"footnotes":""},"categories":[269],"tags":[299,2296,298,35604,168,3141,25,24,10571,23,167,2845,27666],"class_list":{"0":"post-279097","1":"post","2":"type-post","3":"status-publish","4":"format-standard","5":"has-post-thumbnail","7":"category-baloncesto","8":"tag-baloncesto","9":"tag-barca","10":"tag-basketball","11":"tag-charlotte","12":"tag-deportes","13":"tag-entrevista","14":"tag-es","15":"tag-espana","16":"tag-raul","17":"tag-spain","18":"tag-sports","19":"tag-universidad","20":"tag-villar"},"share_on_mastodon":{"url":"https:\/\/pubeurope.com\/@es\/115688646574954691","error":""},"_links":{"self":[{"href":"https:\/\/www.europesays.com\/es\/wp-json\/wp\/v2\/posts\/279097","targetHints":{"allow":["GET"]}}],"collection":[{"href":"https:\/\/www.europesays.com\/es\/wp-json\/wp\/v2\/posts"}],"about":[{"href":"https:\/\/www.europesays.com\/es\/wp-json\/wp\/v2\/types\/post"}],"author":[{"embeddable":true,"href":"https:\/\/www.europesays.com\/es\/wp-json\/wp\/v2\/users\/2"}],"replies":[{"embeddable":true,"href":"https:\/\/www.europesays.com\/es\/wp-json\/wp\/v2\/comments?post=279097"}],"version-history":[{"count":0,"href":"https:\/\/www.europesays.com\/es\/wp-json\/wp\/v2\/posts\/279097\/revisions"}],"wp:featuredmedia":[{"embeddable":true,"href":"https:\/\/www.europesays.com\/es\/wp-json\/wp\/v2\/media\/279098"}],"wp:attachment":[{"href":"https:\/\/www.europesays.com\/es\/wp-json\/wp\/v2\/media?parent=279097"}],"wp:term":[{"taxonomy":"category","embeddable":true,"href":"https:\/\/www.europesays.com\/es\/wp-json\/wp\/v2\/categories?post=279097"},{"taxonomy":"post_tag","embeddable":true,"href":"https:\/\/www.europesays.com\/es\/wp-json\/wp\/v2\/tags?post=279097"}],"curies":[{"name":"wp","href":"https:\/\/api.w.org\/{rel}","templated":true}]}}