{"id":279107,"date":"2025-12-09T08:29:21","date_gmt":"2025-12-09T08:29:21","guid":{"rendered":"https:\/\/www.europesays.com\/es\/279107\/"},"modified":"2025-12-09T08:29:21","modified_gmt":"2025-12-09T08:29:21","slug":"me-quedo-con-el-juanito-autentico-siendo-como-soy-con-la-figura-que-he-sido","status":"publish","type":"post","link":"https:\/\/www.europesays.com\/es\/279107\/","title":{"rendered":"\u00abMe quedo con el Juanito aut\u00e9ntico, siendo como soy, con la figura que he sido\u00bb"},"content":{"rendered":"<p><a class=\"v-mdl-ath__fig-a\" href=\"https:\/\/www.diariovasco.com\/autor\/juan-manuel-sotillos-2520.html\" title=\"Juan Manuel Sotillos\" rel=\"nofollow noopener\" target=\"_blank\"><br \/>\n<img decoding=\"async\" class=\"v-mdl-ath__img\" src=\"https:\/\/www.europesays.com\/es\/wp-content\/uploads\/2025\/12\/autor-2520-foto-2.jpeg\" alt=\"Juan Manuel Sotillos\"\/><br \/>\n<\/a><\/p>\n<p class=\"v-mdl-ath__p v-mdl-ath__p--6\">\nDomingo, 7 de diciembre 2025, 01:00<\/p>\n<p class=\"v-p\">Con un t\u00edtulo tan sugerente como &#8216;Oiarzabal, entre Juan y Juanito&#8217;, un concurrido Palacio Euskalduna acogi\u00f3 ayer en la 18\u00aa edici\u00f3n del BBK Mendi Film Bilbao Bizkaia el estreno mundial del documental sobre la vida y milagros del alpinista alav\u00e9s que ha dirigido Javi \u00c1lvaro.<\/p>\n<p class=\"v-p\">El proyecto, una producci\u00f3n de \u00daltimas Fronteras del Planeta A.I.E., ha salido adelante gracias a la participaci\u00f3n de EITB y TVE, donde se emitir\u00e1 el documental en los pr\u00f3ximos meses, adem\u00e1s de la colaboraci\u00f3n de Canon y Vital Fundazioa de Vitoria.<\/p>\n<p class=\"v-p\">Mantuvimos un encuentro al t\u00e9rmino del mismo con el director y su protagonista, ambos satisfechos con el documental. \u00c1lvaro alab\u00f3 la intervenci\u00f3n de Juanito: \u00abHa sido muy generoso en todo el proceso de grabaci\u00f3n, por lo que a Juanito le debo palabras de agradecimiento por lo mucho que nos ha dado y aportado para reflejar su vida en este documental\u00bb. Oyarzabal adul\u00f3 al director: \u00abJavi lo ha dado todo en la direcci\u00f3n, sabiendo reflejar qui\u00e9n es Juanito\u00bb.<\/p>\n<p class=\"v-p\">Lo de hacer este trabajo ya rondaba por las cabezas de Javi y su padre Sebasti\u00e1n, el creador de &#8216;Al filo de lo imposible&#8217;, desde que se le ocurri\u00f3 la idea a David P\u00e9rez: \u00abHa sido un proceso muy largo que nace cuando Juanito anunci\u00f3 en diciembre de 2020 su retirada de los ochomiles. Despu\u00e9s vino filmar en Pakist\u00e1n, en Nepal, donde nos pill\u00f3 el covid, mantener largas conversaciones con Juanito, recopilar la m\u00e1xima documentaci\u00f3n&#8230; todo ello para enriquecer a nivel visual el documental. Y por supuesto entrevistar a mucha gente implicada en la vida de Juanito, empezando por su propia familia, su mujer Araceli y sus hijos Sangita y Mikel, adem\u00e1s de la intervenci\u00f3n de amigos, alpinistas y periodistas\u00bb.<\/p>\n<p class=\"v-p\">Tanto el p\u00f3ster del documental (realizado por Iv\u00e1n Arribas), sobrio, con una imagen perfecta de Juanito que da mucha fuerza y poder de atracci\u00f3n, como el t\u00edtulo, han gustado mucho al protagonista: \u00abMe ha encantado el trabajo que han hecho con el p\u00f3ster. \u00bfEl t\u00edtulo? Qu\u00e9 voy a decir&#8230; entre Juan y Juanito hay un abismo&#8230;\u00bb, y sobre ambas cosas tambi\u00e9n se refiere el propio director: \u00abEl cartel ha llevado un proceso art\u00edstico, mezclando la monta\u00f1a y esa gran imagen de Juanito con esa intensa mirada&#8230; y el t\u00edtulo lo ten\u00eda claro desde el minuto cero, Juan va ligado a Juanito y viceversa\u00bb.<\/p>\n<p>\u00bfJuan o Juanito?<\/p>\n<p class=\"v-p\">Y dicho esto, la pregunta va dirigida a los dos: \u00bfd\u00f3nde se posicionan entre Juan y Juanito? En palabras del protagonista \u00abJuan es m\u00e1s serio. Me quedo con el Juanito aut\u00e9ntico siendo como soy, con la figura que ha sido y significado y la naturalidad de Juanito\u00bb. Para el director \u00abJuan es la parte no medi\u00e1tica, y Juanito sabemos que es un t\u00edo muy cari\u00f1oso, hospitalario, con sentido del humor, tambi\u00e9n un cascarrabias, pero tremendamente noble\u00bb.<\/p>\n<p class=\"v-p\">Tras un a\u00f1o de rodaje y m\u00e1s de 25 entrevistas, se han acumulado m\u00e1s de 80 horas de grabaci\u00f3n y el documental se ha quedado en algo menos de dos horas. Son 110 minutos en los que el espectador mantiene la atenci\u00f3n sin pesta\u00f1ear.<\/p>\n<p class=\"v-p\">Sus comienzos, sus ochomiles y a veces esas declaraciones salidas de tono, las intervenciones de su gente, su paso por diferentes programas de televisi\u00f3n&#8230; todo metido en la coctelera del documental ha dado un producto que gusta, como lo corroboraron los aplausos del p\u00fablico: \u00abEstoy satisfecho con lo que he visto, aunque no voy a ocultar que quiz\u00e1s no me apetec\u00eda volver a recordar algunos episodios que s\u00ed que ocurrieron, y de los que estoy totalmente arrepentido de que ocurrieran, pero en l\u00edneas generales estoy contento con el resultado\u00bb, dice Juanito.<\/p>\n<p class=\"v-p\">Al p\u00fablico tambi\u00e9n le gust\u00f3 y se qued\u00f3 satisfecho con esta pel\u00edcula-documental que es el fiel reflejo de lo que representa el alpinista alav\u00e9s que, sin prescindir de Juan, se ha quedado con la nobleza de Juanito.<\/p>\n<p>Reporta un error<\/p>\n","protected":false},"excerpt":{"rendered":"Domingo, 7 de diciembre 2025, 01:00 Con un t\u00edtulo tan sugerente como &#8216;Oiarzabal, entre Juan y Juanito&#8217;, un&hellip;\n","protected":false},"author":2,"featured_media":279108,"comment_status":"","ping_status":"","sticky":false,"template":"","format":"standard","meta":{"footnotes":""},"categories":[169],"tags":[29937,177,146,147,25,24,176,67800,67801,175,23],"class_list":{"0":"post-279107","1":"post","2":"type-post","3":"status-publish","4":"format-standard","5":"has-post-thumbnail","7":"category-cine","8":"tag-alpinista","9":"tag-cine","10":"tag-entertainment","11":"tag-entretenimiento","12":"tag-es","13":"tag-espana","14":"tag-film","15":"tag-juanito-oiarzabal","16":"tag-mendi-film-festival","17":"tag-movies","18":"tag-spain"},"share_on_mastodon":{"url":"https:\/\/pubeurope.com\/@es\/115688673806402520","error":""},"_links":{"self":[{"href":"https:\/\/www.europesays.com\/es\/wp-json\/wp\/v2\/posts\/279107","targetHints":{"allow":["GET"]}}],"collection":[{"href":"https:\/\/www.europesays.com\/es\/wp-json\/wp\/v2\/posts"}],"about":[{"href":"https:\/\/www.europesays.com\/es\/wp-json\/wp\/v2\/types\/post"}],"author":[{"embeddable":true,"href":"https:\/\/www.europesays.com\/es\/wp-json\/wp\/v2\/users\/2"}],"replies":[{"embeddable":true,"href":"https:\/\/www.europesays.com\/es\/wp-json\/wp\/v2\/comments?post=279107"}],"version-history":[{"count":0,"href":"https:\/\/www.europesays.com\/es\/wp-json\/wp\/v2\/posts\/279107\/revisions"}],"wp:featuredmedia":[{"embeddable":true,"href":"https:\/\/www.europesays.com\/es\/wp-json\/wp\/v2\/media\/279108"}],"wp:attachment":[{"href":"https:\/\/www.europesays.com\/es\/wp-json\/wp\/v2\/media?parent=279107"}],"wp:term":[{"taxonomy":"category","embeddable":true,"href":"https:\/\/www.europesays.com\/es\/wp-json\/wp\/v2\/categories?post=279107"},{"taxonomy":"post_tag","embeddable":true,"href":"https:\/\/www.europesays.com\/es\/wp-json\/wp\/v2\/tags?post=279107"}],"curies":[{"name":"wp","href":"https:\/\/api.w.org\/{rel}","templated":true}]}}