{"id":279117,"date":"2025-12-09T08:34:08","date_gmt":"2025-12-09T08:34:08","guid":{"rendered":"https:\/\/www.europesays.com\/es\/279117\/"},"modified":"2025-12-09T08:34:08","modified_gmt":"2025-12-09T08:34:08","slug":"ilunion-economia-circular-sello-madrid-excelente-por-la-gestion-sostenible-de-residuos-y-la-innovacion-en-su-linea-de-frio","status":"publish","type":"post","link":"https:\/\/www.europesays.com\/es\/279117\/","title":{"rendered":"ILUNION Econom\u00eda Circular, sello \u2018Madrid Excelente\u2019 por la gesti\u00f3n sostenible de residuos y la innovaci\u00f3n en su l\u00ednea de fr\u00edo"},"content":{"rendered":"<p><a href=\"https:\/\/www.ilunioneconomiacircular.com\/\" rel=\"nofollow noopener\" target=\"_blank\"><strong>ILUNION Econom\u00eda Circular<\/strong><\/a> ha recibido el sello <a href=\"https:\/\/madridexcelente.com\/\" rel=\"nofollow noopener\" target=\"_blank\"><strong>Madrid Excelente<\/strong><\/a> por la <strong>gesti\u00f3n sostenible de residuos<\/strong> el\u00e9ctricos y electr\u00f3nicos (RAEE) y su innovadora <strong>l\u00ednea de fr\u00edo<\/strong> para el reciclaje de frigor\u00edficos, ubicada en su planta de <strong>Campo Real<\/strong>.<\/p>\n<p>El acto de entrega ha tenido lugar en la planta de ILUNION Econom\u00eda Circular, cuyo director, Pedro Antonio Mart\u00edn, recibi\u00f3 este prestigioso sello de manos de la directora general de Madrid Excelente, Elena Mantilla. \u00a0<\/p>\n<p>\u00a0<\/p>\n<p>\u00a0<\/p>\n<p>Compromiso real<\/p>\n<p>En su intervenci\u00f3n, la directora general de Madrid Excelente, Elena Mantilla, subray\u00f3 que \u201c<strong>ILUNION Econom\u00eda Circular es un ejemplo de c\u00f3mo la excelencia se traduce en compromiso real con la innovaci\u00f3n y la inclusi\u00f3n<\/strong>\u201d. \u201cSu modelo de gesti\u00f3n convierte a la planta de Campo Real en un referente dentro del sector del reciclaje en la Comunidad de Madrid\u201d, agreg\u00f3.<\/p>\n<p>Por su parte, el director general de ILUNION Econom\u00eda Circular, Pedro Antonio Mart\u00edn, destac\u00f3: \u201cRecibir el sello Madrid Excelente valida nuestra filosof\u00eda de <strong>combinar innovaci\u00f3n tecnol\u00f3gica con responsabilidad social<\/strong>\u201d. \u201cEste reconocimiento refleja el esfuerzo de nuestro equipo, formado en gran parte por personas con discapacidad, a quienes agradezco profundamente por su compromiso y profesionalidad\u201d, a\u00f1adi\u00f3.<\/p>\n<p>\u00a0<\/p>\n<p>\u00a0<\/p>\n<p>Actividad y capacidad<\/p>\n<p>La actividad de esta planta, que dispone de <strong>25.000 metros cuadrados<\/strong> y una capacidad para tratar <strong>58.000 toneladas de residuos al a\u00f1o<\/strong>, se centra en la <strong>clasificaci\u00f3n, descontaminaci\u00f3n, desmontaje, trituraci\u00f3n, separaci\u00f3n y valorizaci\u00f3n<\/strong> de equipos el\u00e9ctricos y electr\u00f3nicos, lo que contribuye a reducir el impacto ambiental y a generar empleo inclusivo.<\/p>\n<p>A comienzos de este a\u00f1o ha abierto una nueva l\u00ednea de actividad centrada en la reutilizaci\u00f3n de equipos electr\u00f3nicos que da empleo a 6 j\u00f3venes con discapacidad intelectual.<\/p>\n<p>\u00a0<\/p>\n<p>Innovadora l\u00ednea de fr\u00edo \u00a0<\/p>\n<p>Uno de los aspectos que han contribuido a la obtenci\u00f3n de este prestigioso sello es la <a href=\"https:\/\/www.ilunion.com\/es\/actualidad\/linea-reciclaje-frigorificos-innovadora#:~:text=La%20nueva%20l%C3%ADnea%20de%20fr%C3%ADo%20realiza%20el%20tratamiento,el%20problema%20medioambiental%20de%20la%20gesti%C3%B3n%20de%20residuos.\" rel=\"nofollow noopener\" target=\"_blank\"><strong>l\u00ednea especializada<\/strong><\/a> <strong>en el tratamiento de equipos de intercambio de temperatura<\/strong>, como frigor\u00edficos y arcones congeladores. Esta l\u00ednea, que incorpora la tecnolog\u00eda m\u00e1s innovadora disponible, garantiza la <strong>descontaminaci\u00f3n segura<\/strong> de gases y aceites, el <strong>desmontaje y triturado<\/strong> controlado, as\u00ed como una gran calidad en la <strong>recuperaci\u00f3n <\/strong>de materiales reutilizables.<\/p>\n<p>La <strong>valorizaci\u00f3n de pl\u00e1sticos y metales<\/strong> permite reincorporar estas materias primas al ciclo productivo, lo que reduce la dependencia de recursos v\u00edrgenes y fomenta la sostenibilidad industrial. De esta forma, la planta contribuye de manera directa a la <strong>descarbonizaci\u00f3n<\/strong>, la <strong>gesti\u00f3n responsable de residuos y a mitigar la sobreexplotaci\u00f3n de los recursos naturales<\/strong>.<\/p>\n<p>\u00a0<\/p>\n<p>\u00a0<\/p>\n<p>Inclusi\u00f3n<\/p>\n<p>Adem\u00e1s de su compromiso ambiental, ILUNION Econom\u00eda Circular apuesta por la <a href=\"https:\/\/www.ilunion.com\/es\/actualidad\/primer-trabajo-seis-jovenes-discapacidad-intelectual\" rel=\"nofollow noopener\" target=\"_blank\">inclusi\u00f3n laboral<\/a>. Desde 2025, la planta de Campo Real opera como <strong>Centro Especial de Empleo<\/strong>, ya que <strong>m\u00e1s del 70% de su plantilla est\u00e1 formada por personas con discapacidad.\u00a0<\/strong>\u00a0<\/p>\n<p>La obtenci\u00f3n del sello <strong>Madrid Excelente <\/strong>consolida a ILUNION como referente en econom\u00eda circular, <strong>innovaci\u00f3n tecnol\u00f3gica y responsabilidad social,<\/strong> y posiciona al grupo empresarial en la vanguardia de la gesti\u00f3n sostenible de residuos. \u00a0<\/p>\n<p>\u00a0<\/p>\n<p>\u00a0<\/p>\n<p>\u00a0<\/p>\n<p><a href=\"https:\/\/www.ilunion.com\/es\/actualidad\/noticias\" rel=\"nofollow noopener\" target=\"_blank\"><br \/>\n<\/a><\/p>\n<p>\u00a0<\/p>\n","protected":false},"excerpt":{"rendered":"ILUNION Econom\u00eda Circular ha recibido el sello Madrid Excelente por la gesti\u00f3n sostenible de residuos el\u00e9ctricos y electr\u00f3nicos&hellip;\n","protected":false},"author":2,"featured_media":279118,"comment_status":"","ping_status":"","sticky":false,"template":"","format":"standard","meta":{"footnotes":""},"categories":[80],"tags":[82,95,94,25,24,23],"class_list":{"0":"post-279117","1":"post","2":"type-post","3":"status-publish","4":"format-standard","5":"has-post-thumbnail","7":"category-economia","8":"tag-business","9":"tag-economia","10":"tag-economy","11":"tag-es","12":"tag-espana","13":"tag-spain"},"share_on_mastodon":{"url":"https:\/\/pubeurope.com\/@es\/115688693071384189","error":""},"_links":{"self":[{"href":"https:\/\/www.europesays.com\/es\/wp-json\/wp\/v2\/posts\/279117","targetHints":{"allow":["GET"]}}],"collection":[{"href":"https:\/\/www.europesays.com\/es\/wp-json\/wp\/v2\/posts"}],"about":[{"href":"https:\/\/www.europesays.com\/es\/wp-json\/wp\/v2\/types\/post"}],"author":[{"embeddable":true,"href":"https:\/\/www.europesays.com\/es\/wp-json\/wp\/v2\/users\/2"}],"replies":[{"embeddable":true,"href":"https:\/\/www.europesays.com\/es\/wp-json\/wp\/v2\/comments?post=279117"}],"version-history":[{"count":0,"href":"https:\/\/www.europesays.com\/es\/wp-json\/wp\/v2\/posts\/279117\/revisions"}],"wp:featuredmedia":[{"embeddable":true,"href":"https:\/\/www.europesays.com\/es\/wp-json\/wp\/v2\/media\/279118"}],"wp:attachment":[{"href":"https:\/\/www.europesays.com\/es\/wp-json\/wp\/v2\/media?parent=279117"}],"wp:term":[{"taxonomy":"category","embeddable":true,"href":"https:\/\/www.europesays.com\/es\/wp-json\/wp\/v2\/categories?post=279117"},{"taxonomy":"post_tag","embeddable":true,"href":"https:\/\/www.europesays.com\/es\/wp-json\/wp\/v2\/tags?post=279117"}],"curies":[{"name":"wp","href":"https:\/\/api.w.org\/{rel}","templated":true}]}}