{"id":279125,"date":"2025-12-09T08:52:25","date_gmt":"2025-12-09T08:52:25","guid":{"rendered":"https:\/\/www.europesays.com\/es\/279125\/"},"modified":"2025-12-09T08:52:25","modified_gmt":"2025-12-09T08:52:25","slug":"milwaukee-bucks-echa-el-cerrojo-a-giannis-antetokounmpo","status":"publish","type":"post","link":"https:\/\/www.europesays.com\/es\/279125\/","title":{"rendered":"Milwaukee Bucks echa el cerrojo a Giannis Antetokounmpo"},"content":{"rendered":"<p>La organizaci\u00f3n de Wisconsin est\u00e1 ignorando las llamadas que llegan a la oficina preguntando por su jugador franquicia<\/p>\n<p class=\"parrafo\"><strong>La situaci\u00f3n de Giannis Antetokounmpo se est\u00e1 volviendo m\u00e1s que extra\u00f1a<\/strong>. Desde hace muchos meses se habla de su descontento y de la gran posibilidad de que sea traspasado, pero la cuesti\u00f3n es que no solo no ocurre, sino que las<strong> informaciones contradictorias<\/strong> est\u00e1n a la orden del d\u00eda.<\/p>\n<p class=\"parrafo\">El \u00faltimo y sorprendente cap\u00edtulo del culebr\u00f3n griego ha llegado con dos de los periodistas m\u00e1s reputados en el mundo NBA. Primero<strong> fue Shams Charania quien se\u00f1al\u00f3 que el jugador y su agente Alex Saratsis hab\u00edan vuelto a hablar con los Bucks para resolver su futuro<\/strong>. D\u00edas despu\u00e9s, aparece <strong>Marc Stein<\/strong> y dice que<strong> la gerencia ha optado directamente por no escuchar oferta alguna&#8230;<\/strong><\/p>\n<p><a class=\"elementos-rel-t2\" href=\"https:\/\/www.estadiodeportivo.com\/baloncesto\/nba\/giannis-antetokounmpo-habla-sobre-futuro-medio-informaciones-una-inminente-salida-los-bucks-ahi-donde-esta-enfoque-20251207-522995.html\" title=\"Giannis Antetokounmpo habla sobre su futuro en medio de informaciones de una inminente salida de los Bucks: &quot;Ah\u00ed es donde est\u00e1 su enfoque&quot;\" rel=\"nofollow noopener\" target=\"_blank\"><\/p>\n<p class=\"titular titulo-4\">Giannis Antetokounmpo habla sobre su futuro en medio de informaciones de una inminente salida de los Bucks: \u00abAh\u00ed es donde est\u00e1 su enfoque\u00bb<\/p>\n<p><img decoding=\"async\" src=\"https:\/\/www.europesays.com\/es\/wp-content\/uploads\/2025\/12\/5bfea764-3468-4f01-acae-f2ee77fd15dd_320x180.jpeg\" alt=\"Giannis Antetokounmpo habla sobre su futuro en medio de informaciones de una inminente salida de los Bucks: &quot;Ah\u00ed es donde est\u00e1 su enfoque&quot;\"\/><\/a><a class=\"elementos-rel-t2\" href=\"https:\/\/www.estadiodeportivo.com\/baloncesto\/nba\/giannis-antetokounmpo-rompe-lazos-con-los-bucks-tiene-cinco-opciones-traspaso-con-una-claramente-favorita-20251206-522820.html\" title=\"Giannis Antetokounmpo rompe lazos con los Bucks y ya tiene cinco opciones de traspaso, con una claramente favorita\" rel=\"nofollow noopener\" target=\"_blank\"><\/p>\n<p class=\"titular titulo-4\">Giannis Antetokounmpo rompe lazos con los Bucks y ya tiene cinco opciones de traspaso, con una claramente favorita<\/p>\n<p><img decoding=\"async\" src=\"https:\/\/www.europesays.com\/es\/wp-content\/uploads\/2025\/12\/12e2c17f-aefb-4afa-a505-f4680c3e9192_320x180.jpeg\" alt=\"Giannis Antetokounmpo rompe lazos con los Bucks y ya tiene cinco opciones de traspaso, con una claramente favorita\"\/><\/a><\/p>\n<p class=\"parrafo\">Algo no cuadra. Se puede entender que Milwaukee opte por la estrategia de hacer o\u00eddos sordos para que su activo tenga m\u00e1s valor, pero es que <strong>The Greek Freak es tan grande como para que cualquier interesado entienda que solo saldr\u00e1 del equipo si hay un pago enorme de por medio<\/strong>.<\/p>\n<p class=\"parrafo\">Mientras los Bucks se deciden a dar el paso, <strong>los equipos que van tras los pasos de Giannis no han perdido el tiempo; tanto es as\u00ed que varias han llamado ya para preguntar por \u00e9l<\/strong>, pero la respuesta ha sido un<strong> &#8216;no est\u00e1 en venta&#8217;<\/strong> que deja claro que por el momento los Bucks mantienen el cerrojo echado.<\/p>\n<p class=\"parrafo\">Giannis Antetokounmpo marca la fecha l\u00edmite<\/p>\n<p class=\"parrafo\">M\u00e1s all\u00e1 de que Charania se\u00f1alase la intenci\u00f3n de Giannis, se la jug\u00f3 por completo diciendo que <strong>el dos veces MVP no contemplaba seguir en la incertidumbre<\/strong>, sino que en cuesti\u00f3n de semanas \u2013en diciembre\u2013 necesitaba discernir hacia d\u00f3nde se dirige su carrera. M\u00e1s claro: Milwaukee maneja un escaso margen.<\/p>\n<p><img decoding=\"async\" src=\"https:\/\/www.europesays.com\/es\/wp-content\/uploads\/2025\/12\/5cca20cb-2c69-4902-8055-a6a4940603aa_800x450.jpeg\" loading=\"lazy\"\/><\/p>\n<p class=\"parrafo\">Dado tal escenario, sorprende a\u00fan m\u00e1s que los Bucks opten por cerrarse en banda; eso s\u00ed, p<strong>uede darse el caso de que hayan acordado con Antetokounmpo que hasta final de temporada no hay nada que tratar al respecto<\/strong>.<\/p>\n<p class=\"parrafo\">Recuper\u00e1ndose de una lesi\u00f3n<\/p>\n<p class=\"parrafo\">Centr\u00e1ndonos en el puramente deportivo, no se puede obviar que <strong>el ganador del anillo de 2021est\u00e1 lesionado de la pantorrilla para un m\u00ednimo de 2 semanas y un m\u00e1ximo de 4<\/strong>. En estos momento su recuperaci\u00f3n es el punto central para \u00e9l, pero tampoco parece dispuesto a que eso frene una m\u00e1s que probable salida dado el pobre rendimiento del equipo.<\/p>\n","protected":false},"excerpt":{"rendered":"La organizaci\u00f3n de Wisconsin est\u00e1 ignorando las llamadas que llegan a la oficina preguntando por su jugador franquicia&hellip;\n","protected":false},"author":2,"featured_media":279126,"comment_status":"","ping_status":"","sticky":false,"template":"","format":"standard","meta":{"footnotes":""},"categories":[269],"tags":[299,298,168,25,24,284,14868,14869,1725,23,167],"class_list":{"0":"post-279125","1":"post","2":"type-post","3":"status-publish","4":"format-standard","5":"has-post-thumbnail","7":"category-baloncesto","8":"tag-baloncesto","9":"tag-basketball","10":"tag-deportes","11":"tag-es","12":"tag-espana","13":"tag-estadio-deportivo","14":"tag-giannis-antetokounmpo","15":"tag-milwaukee-bucks","16":"tag-nba","17":"tag-spain","18":"tag-sports"},"share_on_mastodon":{"url":"https:\/\/pubeurope.com\/@es\/115688764183291159","error":""},"_links":{"self":[{"href":"https:\/\/www.europesays.com\/es\/wp-json\/wp\/v2\/posts\/279125","targetHints":{"allow":["GET"]}}],"collection":[{"href":"https:\/\/www.europesays.com\/es\/wp-json\/wp\/v2\/posts"}],"about":[{"href":"https:\/\/www.europesays.com\/es\/wp-json\/wp\/v2\/types\/post"}],"author":[{"embeddable":true,"href":"https:\/\/www.europesays.com\/es\/wp-json\/wp\/v2\/users\/2"}],"replies":[{"embeddable":true,"href":"https:\/\/www.europesays.com\/es\/wp-json\/wp\/v2\/comments?post=279125"}],"version-history":[{"count":0,"href":"https:\/\/www.europesays.com\/es\/wp-json\/wp\/v2\/posts\/279125\/revisions"}],"wp:featuredmedia":[{"embeddable":true,"href":"https:\/\/www.europesays.com\/es\/wp-json\/wp\/v2\/media\/279126"}],"wp:attachment":[{"href":"https:\/\/www.europesays.com\/es\/wp-json\/wp\/v2\/media?parent=279125"}],"wp:term":[{"taxonomy":"category","embeddable":true,"href":"https:\/\/www.europesays.com\/es\/wp-json\/wp\/v2\/categories?post=279125"},{"taxonomy":"post_tag","embeddable":true,"href":"https:\/\/www.europesays.com\/es\/wp-json\/wp\/v2\/tags?post=279125"}],"curies":[{"name":"wp","href":"https:\/\/api.w.org\/{rel}","templated":true}]}}