{"id":279127,"date":"2025-12-09T08:53:37","date_gmt":"2025-12-09T08:53:37","guid":{"rendered":"https:\/\/www.europesays.com\/es\/279127\/"},"modified":"2025-12-09T08:53:37","modified_gmt":"2025-12-09T08:53:37","slug":"a-jugadores-como-pedri-o-lamine-hay-que-defenderlos-colectivamente","status":"publish","type":"post","link":"https:\/\/www.europesays.com\/es\/279127\/","title":{"rendered":"A jugadores como Pedri o Lamine hay que defenderlos colectivamente"},"content":{"rendered":"<p data-gtm-element-container=\"modulo-texto-link\" class=\"paragraph\">El entrenador del <strong>Eintracht de Frankfurt<\/strong>, <strong>Dino Toppm\u00f6ller<\/strong>, atendi\u00f3 a los medios en la previa del duelo de su equipo contra el <strong>FC Barcelona<\/strong> de este martes (21.00 horas \/ Movistar Liga de Campeones). Preguntado por varios nombres propios como <strong>Lamine Yamal<\/strong> o <strong>Pedri<\/strong>, el hijo de <strong>Klaus<\/strong>, que hizo subcampe\u00f3n de Europa al <strong>Bayer Leverkusen <\/strong>en 2002, se\u00f1al\u00f3 que \u00ab<strong>Pedri<\/strong>, naturalmente, es un jugador extraordinario. Creo que no hace falta hablar de las individualidades del <strong>Bar\u00e7a <\/strong>porque cada jugador en su posici\u00f3n tiene cualidades extraordinarias. <strong>Pedri <\/strong>es uno de los mediocampistas m\u00e1s fant\u00e1sticos del mundo, como <strong>Lamine Yamal<\/strong>. A estos jugadores hay que defenderlos colectivamente y se trata de ayudarnos los unos a los otros\u00bb.<\/p>\n<p data-gtm-element-container=\"modulo-texto-link\" class=\"paragraph\">Una de las claves, seg\u00fan <strong>Toppm\u00f6ller<\/strong>, ser\u00e1 \u00abintentar tener las l\u00edneas compactas durante los 90 minutos y mantener la cohesi\u00f3n del equipo. Contra equipos que tienen un gran potencial ofensivo ser\u00e1 muy dif\u00edcil, porque no seremos capaces de defender en uno contra uno y necesitaremos ayudas mutuas\u00bb.<\/p>\n<p>    Lee tambi\u00e9n<\/p>\n<p data-gtm-element-container=\"modulo-texto-link\" class=\"paragraph\">Por \u00faltimo elogi\u00f3 al Bar\u00e7a de <strong>Flick<\/strong>: \u00abSabemos que ma\u00f1ana ser\u00e1 uno de los retos m\u00e1s importantes porque el Barcelona la temporada pasada con el PSG encant\u00f3 a toda Europa y esta temporada vuelven a ser l\u00edderes en la Liga espa\u00f1ola. Han tenido alg\u00fan problema, pero a causa de las lesiones. Es cierto que algunos jugadores se han recuperado y, si mi colega de profesi\u00f3n puede tener toda la plantilla, nos viene un duelo ofensivo\u00bb.<\/p>\n","protected":false},"excerpt":{"rendered":"El entrenador del Eintracht de Frankfurt, Dino Toppm\u00f6ller, atendi\u00f3 a los medios en la previa del duelo de&hellip;\n","protected":false},"author":2,"featured_media":279128,"comment_status":"","ping_status":"","sticky":false,"template":"","format":"standard","meta":{"footnotes":""},"categories":[268],"tags":[168,25,24,280,282,281,23,167],"class_list":{"0":"post-279127","1":"post","2":"type-post","3":"status-publish","4":"format-standard","5":"has-post-thumbnail","7":"category-futbol","8":"tag-deportes","9":"tag-es","10":"tag-espana","11":"tag-football","12":"tag-futbol","13":"tag-soccer","14":"tag-spain","15":"tag-sports"},"share_on_mastodon":{"url":"https:\/\/pubeurope.com\/@es\/115688767702195796","error":""},"_links":{"self":[{"href":"https:\/\/www.europesays.com\/es\/wp-json\/wp\/v2\/posts\/279127","targetHints":{"allow":["GET"]}}],"collection":[{"href":"https:\/\/www.europesays.com\/es\/wp-json\/wp\/v2\/posts"}],"about":[{"href":"https:\/\/www.europesays.com\/es\/wp-json\/wp\/v2\/types\/post"}],"author":[{"embeddable":true,"href":"https:\/\/www.europesays.com\/es\/wp-json\/wp\/v2\/users\/2"}],"replies":[{"embeddable":true,"href":"https:\/\/www.europesays.com\/es\/wp-json\/wp\/v2\/comments?post=279127"}],"version-history":[{"count":0,"href":"https:\/\/www.europesays.com\/es\/wp-json\/wp\/v2\/posts\/279127\/revisions"}],"wp:featuredmedia":[{"embeddable":true,"href":"https:\/\/www.europesays.com\/es\/wp-json\/wp\/v2\/media\/279128"}],"wp:attachment":[{"href":"https:\/\/www.europesays.com\/es\/wp-json\/wp\/v2\/media?parent=279127"}],"wp:term":[{"taxonomy":"category","embeddable":true,"href":"https:\/\/www.europesays.com\/es\/wp-json\/wp\/v2\/categories?post=279127"},{"taxonomy":"post_tag","embeddable":true,"href":"https:\/\/www.europesays.com\/es\/wp-json\/wp\/v2\/tags?post=279127"}],"curies":[{"name":"wp","href":"https:\/\/api.w.org\/{rel}","templated":true}]}}