{"id":279131,"date":"2025-12-09T08:57:15","date_gmt":"2025-12-09T08:57:15","guid":{"rendered":"https:\/\/www.europesays.com\/es\/279131\/"},"modified":"2025-12-09T08:57:15","modified_gmt":"2025-12-09T08:57:15","slug":"david-bisbal-es-mi-vida-tengo-un-autografo-suyo-tatuado-en-el-brazo","status":"publish","type":"post","link":"https:\/\/www.europesays.com\/es\/279131\/","title":{"rendered":"David Bisbal es mi vida, tengo un aut\u00f3grafo suyo tatuado en el brazo"},"content":{"rendered":"<p class=\"c-paragraph\">\u00ab<b>Para m\u00ed,<a href=\"https:\/\/www.20minutos.es\/tags\/personas\/david-bisbal.html\" title=\"David Bisbal\" rel=\"nofollow noopener\" target=\"_blank\"> David Bisbal<\/a> es mi vida, mi amor plat\u00f3nico<\/b> o no, nunca se sabe porque se puede desenamorar y encontrarme a m\u00ed\u00bb, afirm\u00f3 Esther en su presentaci\u00f3n en <a href=\"https:\/\/www.20minutos.es\/tags\/instituciones-empresas\/first-dates.html\" title=\"First dates\" rel=\"nofollow noopener\" target=\"_blank\">First Dates<\/a> este lunes.<\/p>\n<p class=\"c-paragraph\"><b>Lidia Santos fue la encargada de darle la bienvenida <\/b>al restaurante del amor de Cuatro y, tras cogerle el abrigo y el m\u00f3vil, la invit\u00f3 a pasar y pedirle una bebida a Mat\u00edas Roure, el barman del programa.<\/p>\n<p class=\"c-paragraph\">La valenciana explic\u00f3 que su amor por el cantante era tal que se hab\u00eda hecho un tatuaje muy especial dedicado al almeriense: \u00abFui a ver a Bisbal a un concierto y, cuando acab\u00f3, baj\u00f3 y <b>me firm\u00f3 en el brazo con un rotulador permanente<\/b>\u00ab.<\/p>\n<p class=\"c-paragraph\">\u00abMe lo dej\u00e9, me march\u00e9 a mi casa sin moverme y sin que nadie me tocara el brazo, me fui a la tatuadora y me lo hice. <b>Tengo su aut\u00f3grafo tatuado en el brazo de su pu\u00f1o y letra<\/b>, nada de plantillas\u00bb, a\u00f1adi\u00f3 la comensal.<\/p>\n<p class=\"c-paragraph\">La dater le cont\u00f3 a la camarera que era manipuladora de alimentos, \u00abde helados en verano y de quesos en invierno\u00bb,\u00a0y tambi\u00e9n le confes\u00f3 que le gustar\u00eda ser madre \u00abantes de que se me pase el arroz, pero <b>ning\u00fan hombre me va a hacer olvidarme de Bisbal<\/b>, es imposible\u00bb.<\/p>\n<p class=\"c-paragraph\">Su cita fue Josep: \u00abMe suelen llamar la atenci\u00f3n las chicas morenas, m\u00e1s bajas que yo, pero, sobre todo, que sean risue\u00f1as y alegres. La sonrisa es una de las cosas que m\u00e1s me enamoran, pero <b>Esther no es el tipo de chica que me llama la atenci\u00f3n<\/b>\u00ab.<\/p>\n<p class=\"c-paragraph\">Cuando se sentaron en la mesa, <b>el primer tema de conversaci\u00f3n que sacaron fue el de las aficiones<\/b>, donde Josep le cont\u00f3 que era un apasionado del tenis, deporte que no le gustaba mucho a Esther: \u00abSi tengo que ir a alg\u00fan partido, pero no es algo que me apasione\u2026\u00bb, confes\u00f3.<\/p>\n<p class=\"c-paragraph\">La valenciana le cont\u00f3 que le gustaba mucho comer y el soltero se\u00f1al\u00f3 que \u00ab<b>no es el tipo de mujer que me gusta<\/b> porque me gustan m\u00e1s parecidas a m\u00ed, que sean deportistas y les guste cuidarse\u00bb.<\/p>\n<p class=\"c-paragraph\">Tampoco coincidieron en la pasi\u00f3n por el baile de Esther, algo que no le gustaba a Josep: \u00ab<b>Es un punto muy negativo para \u00e9l<\/b>, no hace falta que hable m\u00e1s, es algo que no me gusta\u00bb, apunt\u00f3 la manipuladora de alimentos.<\/p>\n<p class=\"c-paragraph\">Tras la cena, ambos se marcharon a la terraza para <b>dar rienda a la pasi\u00f3n musical de Esther y su amor por David Bisbal<\/b> al son de Buler\u00eda: \u00abIr a un concierto con ella ser\u00eda una experiencia muy divertida e inolvidable\u00bb, asegur\u00f3 Josep.<\/p>\n<p class=\"c-paragraph\">Al final, el alicantino admiti\u00f3 que no tendr\u00eda una segunda cita con Esther \u00aben plan amoroso porque es el tipo de persona que busco\u00bb. La valenciana, por su parte, tampoco quiso volver a quedar porque <b>\u00abno compartimos los mismos gustos\u00bb<\/b>.<\/p>\n","protected":false},"excerpt":{"rendered":"\u00abPara m\u00ed, David Bisbal es mi vida, mi amor plat\u00f3nico o no, nunca se sabe porque se puede&hellip;\n","protected":false},"author":2,"featured_media":279132,"comment_status":"","ping_status":"","sticky":false,"template":"","format":"standard","meta":{"footnotes":""},"categories":[171],"tags":[6952,2721,2429,146,147,25,24,5975,2720,23,214],"class_list":{"0":"post-279131","1":"post","2":"type-post","3":"status-publish","4":"format-standard","5":"has-post-thumbnail","7":"category-tv","8":"tag-bisbal","9":"tag-dates","10":"tag-david","11":"tag-entertainment","12":"tag-entretenimiento","13":"tag-es","14":"tag-espana","15":"tag-esther","16":"tag-first","17":"tag-spain","18":"tag-tv"},"share_on_mastodon":{"url":"https:\/\/pubeurope.com\/@es\/115688783640279199","error":""},"_links":{"self":[{"href":"https:\/\/www.europesays.com\/es\/wp-json\/wp\/v2\/posts\/279131","targetHints":{"allow":["GET"]}}],"collection":[{"href":"https:\/\/www.europesays.com\/es\/wp-json\/wp\/v2\/posts"}],"about":[{"href":"https:\/\/www.europesays.com\/es\/wp-json\/wp\/v2\/types\/post"}],"author":[{"embeddable":true,"href":"https:\/\/www.europesays.com\/es\/wp-json\/wp\/v2\/users\/2"}],"replies":[{"embeddable":true,"href":"https:\/\/www.europesays.com\/es\/wp-json\/wp\/v2\/comments?post=279131"}],"version-history":[{"count":0,"href":"https:\/\/www.europesays.com\/es\/wp-json\/wp\/v2\/posts\/279131\/revisions"}],"wp:featuredmedia":[{"embeddable":true,"href":"https:\/\/www.europesays.com\/es\/wp-json\/wp\/v2\/media\/279132"}],"wp:attachment":[{"href":"https:\/\/www.europesays.com\/es\/wp-json\/wp\/v2\/media?parent=279131"}],"wp:term":[{"taxonomy":"category","embeddable":true,"href":"https:\/\/www.europesays.com\/es\/wp-json\/wp\/v2\/categories?post=279131"},{"taxonomy":"post_tag","embeddable":true,"href":"https:\/\/www.europesays.com\/es\/wp-json\/wp\/v2\/tags?post=279131"}],"curies":[{"name":"wp","href":"https:\/\/api.w.org\/{rel}","templated":true}]}}